{"id":118115,"date":"2025-08-28T03:43:56","date_gmt":"2025-08-28T03:43:56","guid":{"rendered":"https:\/\/elobservadorzonanorte.com.mx\/?p=118115"},"modified":"2025-08-28T03:43:56","modified_gmt":"2025-08-28T03:43:56","slug":"quienes-integramos-el-gobierno-municipal-de-juarez-que-preside-oscar-serra-cantoral-de-manera-muy-respetuosa-nos-solidarizamos-con-la-familia-vila-chavez-y-vila-serra-ante-el-lamentable-fallecimiento","status":"publish","type":"post","link":"https:\/\/elobservadorzonanorte.com.mx\/?p=118115","title":{"rendered":"Quienes integramos el Gobierno Municipal de Ju\u00e1rez que preside Oscar Serra Cantoral, de manera muy respetuosa nos solidarizamos con la Familia Vila Ch\u00e1vez y Vila Serra ante el lamentable fallecimiento del Lic. RAFAEL VILA CH\u00c1VEZ, acaecido el d\u00eda de ayer en el municipio Pichucalco."},"content":{"rendered":"\n<figure class=\"wp-block-image size-large\"><img decoding=\"async\" width=\"463\" height=\"600\" src=\"https:\/\/elobservadorzonanorte.com.mx\/wp-content\/uploads\/2025\/08\/540900263_3142879535881020_6405489509527016166_n-463x600.jpg\" alt=\"\" class=\"wp-image-118116\" srcset=\"https:\/\/elobservadorzonanorte.com.mx\/wp-content\/uploads\/2025\/08\/540900263_3142879535881020_6405489509527016166_n-463x600.jpg 463w, https:\/\/elobservadorzonanorte.com.mx\/wp-content\/uploads\/2025\/08\/540900263_3142879535881020_6405489509527016166_n-232x300.jpg 232w, https:\/\/elobservadorzonanorte.com.mx\/wp-content\/uploads\/2025\/08\/540900263_3142879535881020_6405489509527016166_n.jpg 526w\" sizes=\"(max-width: 463px) 100vw, 463px\" \/><\/figure>\n\n\n\n<p class=\"wp-block-paragraph\">A sus padres, hermanos, hijos y dem\u00e1s familiares y amigos, les enviamos nuestras m\u00e1s sinceras condolencias, rogando a Dios encuentren pronta resignaci\u00f3n ante tan lamentable p\u00e9rdida.<\/p>\n\n\n\n<p class=\"wp-block-paragraph\">D.E.P <img decoding=\"async\" height=\"16\" width=\"16\" alt=\"\ud83d\udd4a\ufe0f\" src=\"https:\/\/static.xx.fbcdn.net\/images\/emoji.php\/v9\/tba\/1\/16\/1f54a.png\"><\/p>\n","protected":false},"excerpt":{"rendered":"<p>A sus padres, hermanos, hijos y dem\u00e1s familiares y amigos, les enviamos nuestras m\u00e1s sinceras condolencias, rogando a Dios encuentren pronta resignaci\u00f3n ante tan lamentable p\u00e9rdida. D.E.P<\/p>\n","protected":false},"author":1,"featured_media":118116,"comment_status":"closed","ping_status":"closed","sticky":false,"template":"","format":"chat","meta":{"footnotes":""},"categories":[1],"tags":[],"class_list":["post-118115","post","type-post","status-publish","format-chat","has-post-thumbnail","hentry","category-general","post_format-post-format-chat"],"_links":{"self":[{"href":"https:\/\/elobservadorzonanorte.com.mx\/index.php?rest_route=\/wp\/v2\/posts\/118115","targetHints":{"allow":["GET"]}}],"collection":[{"href":"https:\/\/elobservadorzonanorte.com.mx\/index.php?rest_route=\/wp\/v2\/posts"}],"about":[{"href":"https:\/\/elobservadorzonanorte.com.mx\/index.php?rest_route=\/wp\/v2\/types\/post"}],"author":[{"embeddable":true,"href":"https:\/\/elobservadorzonanorte.com.mx\/index.php?rest_route=\/wp\/v2\/users\/1"}],"replies":[{"embeddable":true,"href":"https:\/\/elobservadorzonanorte.com.mx\/index.php?rest_route=%2Fwp%2Fv2%2Fcomments&post=118115"}],"version-history":[{"count":0,"href":"https:\/\/elobservadorzonanorte.com.mx\/index.php?rest_route=\/wp\/v2\/posts\/118115\/revisions"}],"wp:featuredmedia":[{"embeddable":true,"href":"https:\/\/elobservadorzonanorte.com.mx\/index.php?rest_route=\/wp\/v2\/media\/118116"}],"wp:attachment":[{"href":"https:\/\/elobservadorzonanorte.com.mx\/index.php?rest_route=%2Fwp%2Fv2%2Fmedia&parent=118115"}],"wp:term":[{"taxonomy":"category","embeddable":true,"href":"https:\/\/elobservadorzonanorte.com.mx\/index.php?rest_route=%2Fwp%2Fv2%2Fcategories&post=118115"},{"taxonomy":"post_tag","embeddable":true,"href":"https:\/\/elobservadorzonanorte.com.mx\/index.php?rest_route=%2Fwp%2Fv2%2Ftags&post=118115"}],"curies":[{"name":"wp","href":"https:\/\/api.w.org\/{rel}","templated":true}]}}