{"id":118112,"date":"2025-08-28T03:43:42","date_gmt":"2025-08-28T03:43:42","guid":{"rendered":"https:\/\/elobservadorzonanorte.com.mx\/?p=118112"},"modified":"2025-08-28T03:43:43","modified_gmt":"2025-08-28T03:43:43","slug":"el-gobierno-municipal-de-pichucalco-que-encabeza-el-mtro-andres-carballo-cordova-expresa-con-profundo-respeto-su-solidaridad-con-nuestra-companera-la-lic-addy-serra-alvarez-ante-el-sensible-fall","status":"publish","type":"post","link":"https:\/\/elobservadorzonanorte.com.mx\/?p=118112","title":{"rendered":"El Gobierno Municipal de Pichucalco, que encabeza el Mtro. Andr\u00e9s Carballo C\u00f3rdova, expresa con profundo respeto su solidaridad con nuestra compa\u00f1era, la Lic. Addy Serra \u00c1lvarez, ante el sensible fallecimiento de su esposo, el Lic. Rafael Vila Ch\u00e1vez, ocurrido el d\u00eda de ayer en este municipio."},"content":{"rendered":"\n<figure class=\"wp-block-image size-full\"><img decoding=\"async\" width=\"526\" height=\"526\" src=\"https:\/\/elobservadorzonanorte.com.mx\/wp-content\/uploads\/2025\/08\/538858336_3142879092547731_6671818330816296230_n.jpg\" alt=\"\" class=\"wp-image-118113\" srcset=\"https:\/\/elobservadorzonanorte.com.mx\/wp-content\/uploads\/2025\/08\/538858336_3142879092547731_6671818330816296230_n.jpg 526w, https:\/\/elobservadorzonanorte.com.mx\/wp-content\/uploads\/2025\/08\/538858336_3142879092547731_6671818330816296230_n-300x300.jpg 300w, https:\/\/elobservadorzonanorte.com.mx\/wp-content\/uploads\/2025\/08\/538858336_3142879092547731_6671818330816296230_n-150x150.jpg 150w\" sizes=\"(max-width: 526px) 100vw, 526px\" \/><\/figure>\n\n\n\n<p class=\"wp-block-paragraph\">A sus padres, hijos, hermanos, familiares y amistades, les extendemos nuestras m\u00e1s sinceras condolencias, elevando nuestras oraciones para que encuentren pronta resignaci\u00f3n y consuelo ante tan irreparable p\u00e9rdida.<\/p>\n\n\n\n<p class=\"wp-block-paragraph\">Descanse en paz.<\/p>\n","protected":false},"excerpt":{"rendered":"<p>A sus padres, hijos, hermanos, familiares y amistades, les extendemos nuestras m\u00e1s sinceras condolencias, elevando nuestras oraciones para que encuentren pronta resignaci\u00f3n y consuelo ante tan irreparable p\u00e9rdida. Descanse en paz.<\/p>\n","protected":false},"author":1,"featured_media":118113,"comment_status":"closed","ping_status":"closed","sticky":false,"template":"","format":"chat","meta":{"footnotes":""},"categories":[1],"tags":[],"class_list":["post-118112","post","type-post","status-publish","format-chat","has-post-thumbnail","hentry","category-general","post_format-post-format-chat"],"_links":{"self":[{"href":"https:\/\/elobservadorzonanorte.com.mx\/index.php?rest_route=\/wp\/v2\/posts\/118112","targetHints":{"allow":["GET"]}}],"collection":[{"href":"https:\/\/elobservadorzonanorte.com.mx\/index.php?rest_route=\/wp\/v2\/posts"}],"about":[{"href":"https:\/\/elobservadorzonanorte.com.mx\/index.php?rest_route=\/wp\/v2\/types\/post"}],"author":[{"embeddable":true,"href":"https:\/\/elobservadorzonanorte.com.mx\/index.php?rest_route=\/wp\/v2\/users\/1"}],"replies":[{"embeddable":true,"href":"https:\/\/elobservadorzonanorte.com.mx\/index.php?rest_route=%2Fwp%2Fv2%2Fcomments&post=118112"}],"version-history":[{"count":0,"href":"https:\/\/elobservadorzonanorte.com.mx\/index.php?rest_route=\/wp\/v2\/posts\/118112\/revisions"}],"wp:featuredmedia":[{"embeddable":true,"href":"https:\/\/elobservadorzonanorte.com.mx\/index.php?rest_route=\/wp\/v2\/media\/118113"}],"wp:attachment":[{"href":"https:\/\/elobservadorzonanorte.com.mx\/index.php?rest_route=%2Fwp%2Fv2%2Fmedia&parent=118112"}],"wp:term":[{"taxonomy":"category","embeddable":true,"href":"https:\/\/elobservadorzonanorte.com.mx\/index.php?rest_route=%2Fwp%2Fv2%2Fcategories&post=118112"},{"taxonomy":"post_tag","embeddable":true,"href":"https:\/\/elobservadorzonanorte.com.mx\/index.php?rest_route=%2Fwp%2Fv2%2Ftags&post=118112"}],"curies":[{"name":"wp","href":"https:\/\/api.w.org\/{rel}","templated":true}]}}