{"id":118103,"date":"2025-08-28T03:42:58","date_gmt":"2025-08-28T03:42:58","guid":{"rendered":"https:\/\/elobservadorzonanorte.com.mx\/?p=118103"},"modified":"2025-08-28T03:42:58","modified_gmt":"2025-08-28T03:42:58","slug":"autoridades-estatales-y-locales-inauguran-construccion-de-muro-en-jardin-de-ninos-y-ninas","status":"publish","type":"post","link":"https:\/\/elobservadorzonanorte.com.mx\/?p=118103","title":{"rendered":"Autoridades estatales y locales inauguran construcci\u00f3n de muro en jard\u00edn de ni\u00f1os y ni\u00f1as"},"content":{"rendered":"\n<figure class=\"wp-block-image size-full\"><img decoding=\"async\" width=\"280\" height=\"593\" src=\"https:\/\/elobservadorzonanorte.com.mx\/wp-content\/uploads\/2025\/08\/539788935_3142873085881665_6733627431505254597_n.jpg\" alt=\"\" class=\"wp-image-118104\" srcset=\"https:\/\/elobservadorzonanorte.com.mx\/wp-content\/uploads\/2025\/08\/539788935_3142873085881665_6733627431505254597_n.jpg 280w, https:\/\/elobservadorzonanorte.com.mx\/wp-content\/uploads\/2025\/08\/539788935_3142873085881665_6733627431505254597_n-142x300.jpg 142w\" sizes=\"(max-width: 280px) 100vw, 280px\" \/><\/figure>\n\n\n\n<figure class=\"wp-block-image size-full\"><img decoding=\"async\" width=\"338\" height=\"600\" src=\"https:\/\/elobservadorzonanorte.com.mx\/wp-content\/uploads\/2025\/08\/540621044_3142873289214978_7704518072644588_n.jpg\" alt=\"\" class=\"wp-image-118105\" srcset=\"https:\/\/elobservadorzonanorte.com.mx\/wp-content\/uploads\/2025\/08\/540621044_3142873289214978_7704518072644588_n.jpg 338w, https:\/\/elobservadorzonanorte.com.mx\/wp-content\/uploads\/2025\/08\/540621044_3142873289214978_7704518072644588_n-169x300.jpg 169w\" sizes=\"(max-width: 338px) 100vw, 338px\" \/><\/figure>\n\n\n\n<figure class=\"wp-block-image size-full\"><img decoding=\"async\" width=\"450\" height=\"600\" src=\"https:\/\/elobservadorzonanorte.com.mx\/wp-content\/uploads\/2025\/08\/540331723_3142873325881641_5701502144346740965_n.jpg\" alt=\"\" class=\"wp-image-118106\" srcset=\"https:\/\/elobservadorzonanorte.com.mx\/wp-content\/uploads\/2025\/08\/540331723_3142873325881641_5701502144346740965_n.jpg 450w, https:\/\/elobservadorzonanorte.com.mx\/wp-content\/uploads\/2025\/08\/540331723_3142873325881641_5701502144346740965_n-225x300.jpg 225w\" sizes=\"(max-width: 450px) 100vw, 450px\" \/><\/figure>\n\n\n\n<figure class=\"wp-block-image size-full\"><img decoding=\"async\" width=\"600\" height=\"450\" src=\"https:\/\/elobservadorzonanorte.com.mx\/wp-content\/uploads\/2025\/08\/540579238_3142873359214971_4128268213468977500_n.jpg\" alt=\"\" class=\"wp-image-118107\" srcset=\"https:\/\/elobservadorzonanorte.com.mx\/wp-content\/uploads\/2025\/08\/540579238_3142873359214971_4128268213468977500_n.jpg 600w, https:\/\/elobservadorzonanorte.com.mx\/wp-content\/uploads\/2025\/08\/540579238_3142873359214971_4128268213468977500_n-300x225.jpg 300w\" sizes=\"(max-width: 600px) 100vw, 600px\" \/><\/figure>\n\n\n\n<p class=\"wp-block-paragraph\">*La nueva ERA acciones que transforman el futuro<\/p>\n\n\n\n<p class=\"wp-block-paragraph\">El presidente Municipal de Ixtacomit\u00e1n Ing. <a href=\"https:\/\/www.facebook.com\/Miguelmorenopalacios?__cft__[0]=AZWHTd7EyVfXTBX7U3ifO9Ruaqd4OXIyzHHEnY0vM76IQSFO2l8AMfThctSsJUKis51VzgGBn7RU2Fp1wNuTgG4JDVpbma6g1aVX2mB6q45MA3UFowsJ_wBmQY6GQzhRhjx3jcoOM8rFqqK4L8ngm2mf02yO6ADObzA78CEbGAWAHWhg3OH8yT10e7TlBqFMZFI&amp;__tn__=-]K-R\" target=\"_blank\" rel=\"noopener\">Miguel Angel Moreno Palacios<\/a> , junto al secretario de Protecci\u00f3n Civil del Estado Lic. Mauricio Cordero Rodr\u00edguez, llev\u00f3 a cabo la inauguraci\u00f3n de la reconstrucci\u00f3n del Muro, y techado que brinda estabilidad y soporte a las aulas y al \u00e1rea deportiva del Jard\u00edn de Ni\u00f1os y Ni\u00f1as \u00abRosario Castellanos Figueroa&#8217;, en el Barrio La Soledad.<\/p>\n\n\n\n<p class=\"wp-block-paragraph\">El alcalde, dio la bienvenida as\u00ed como de agradecer el apoyo del Gobernador as\u00ed como del secretario y poder llevar a cabo la construcci\u00f3n de esta importante obra que beneficiar\u00e1 a la poblaci\u00f3n estudiantil.<\/p>\n\n\n\n<p class=\"wp-block-paragraph\">\u00abGracias al gran apoyo del Gobernador Eduardo Ram\u00edrez, este logro refuerza el compromiso con la educaci\u00f3n y el bienestar de las familias de Ixtacomit\u00e1n\u00bb; destac\u00f3.<\/p>\n\n\n\n<p class=\"wp-block-paragraph\">\u00a1Seguimos construyendo un municipio fuerte y unido!<\/p>\n\n\n\n<p class=\"wp-block-paragraph\"><a href=\"https:\/\/www.facebook.com\/hashtag\/miguel%C3%A1ngelmorenopalacios?__eep__=6&amp;__cft__[0]=AZWHTd7EyVfXTBX7U3ifO9Ruaqd4OXIyzHHEnY0vM76IQSFO2l8AMfThctSsJUKis51VzgGBn7RU2Fp1wNuTgG4JDVpbma6g1aVX2mB6q45MA3UFowsJ_wBmQY6GQzhRhjx3jcoOM8rFqqK4L8ngm2mf02yO6ADObzA78CEbGAWAHWhg3OH8yT10e7TlBqFMZFI&amp;__tn__=*NK-R\" target=\"_blank\" rel=\"noopener\">#Miguel\u00c1ngelMorenoPalacios<\/a><a href=\"https:\/\/www.facebook.com\/hashtag\/compromisoconlani%C3%B1ez?__eep__=6&amp;__cft__[0]=AZWHTd7EyVfXTBX7U3ifO9Ruaqd4OXIyzHHEnY0vM76IQSFO2l8AMfThctSsJUKis51VzgGBn7RU2Fp1wNuTgG4JDVpbma6g1aVX2mB6q45MA3UFowsJ_wBmQY6GQzhRhjx3jcoOM8rFqqK4L8ngm2mf02yO6ADObzA78CEbGAWAHWhg3OH8yT10e7TlBqFMZFI&amp;__tn__=*NK-R\" target=\"_blank\" rel=\"noopener\">#CompromisoConLaNi\u00f1ez<\/a><a href=\"https:\/\/www.facebook.com\/hashtag\/transformandoixtacomit%C3%A1n?__eep__=6&amp;__cft__[0]=AZWHTd7EyVfXTBX7U3ifO9Ruaqd4OXIyzHHEnY0vM76IQSFO2l8AMfThctSsJUKis51VzgGBn7RU2Fp1wNuTgG4JDVpbma6g1aVX2mB6q45MA3UFowsJ_wBmQY6GQzhRhjx3jcoOM8rFqqK4L8ngm2mf02yO6ADObzA78CEbGAWAHWhg3OH8yT10e7TlBqFMZFI&amp;__tn__=*NK-R\" target=\"_blank\" rel=\"noopener\">#TransformandoIxtacomit\u00e1n<\/a><\/p>\n\n\n\n<p class=\"wp-block-paragraph\"><a href=\"https:\/\/www.facebook.com\/hashtag\/unidadtrabajoytransformacion?__eep__=6&amp;__cft__[0]=AZWHTd7EyVfXTBX7U3ifO9Ruaqd4OXIyzHHEnY0vM76IQSFO2l8AMfThctSsJUKis51VzgGBn7RU2Fp1wNuTgG4JDVpbma6g1aVX2mB6q45MA3UFowsJ_wBmQY6GQzhRhjx3jcoOM8rFqqK4L8ngm2mf02yO6ADObzA78CEbGAWAHWhg3OH8yT10e7TlBqFMZFI&amp;__tn__=*NK-R\" target=\"_blank\" rel=\"noopener\">#unidadtrabajoytransformacion<\/a><\/p>\n","protected":false},"excerpt":{"rendered":"<p>*La nueva ERA acciones que transforman el futuro El presidente Municipal de Ixtacomit\u00e1n Ing. Miguel Angel Moreno Palacios , junto al secretario de Protecci\u00f3n Civil del Estado Lic. Mauricio Cordero Rodr\u00edguez, llev\u00f3 a cabo la inauguraci\u00f3n de la reconstrucci\u00f3n del Muro, y techado que brinda estabilidad y soporte a las aulas y al \u00e1rea deportiva [&hellip;]<\/p>\n","protected":false},"author":1,"featured_media":118105,"comment_status":"closed","ping_status":"closed","sticky":false,"template":"","format":"chat","meta":{"footnotes":""},"categories":[1],"tags":[],"class_list":["post-118103","post","type-post","status-publish","format-chat","has-post-thumbnail","hentry","category-general","post_format-post-format-chat"],"_links":{"self":[{"href":"https:\/\/elobservadorzonanorte.com.mx\/index.php?rest_route=\/wp\/v2\/posts\/118103","targetHints":{"allow":["GET"]}}],"collection":[{"href":"https:\/\/elobservadorzonanorte.com.mx\/index.php?rest_route=\/wp\/v2\/posts"}],"about":[{"href":"https:\/\/elobservadorzonanorte.com.mx\/index.php?rest_route=\/wp\/v2\/types\/post"}],"author":[{"embeddable":true,"href":"https:\/\/elobservadorzonanorte.com.mx\/index.php?rest_route=\/wp\/v2\/users\/1"}],"replies":[{"embeddable":true,"href":"https:\/\/elobservadorzonanorte.com.mx\/index.php?rest_route=%2Fwp%2Fv2%2Fcomments&post=118103"}],"version-history":[{"count":0,"href":"https:\/\/elobservadorzonanorte.com.mx\/index.php?rest_route=\/wp\/v2\/posts\/118103\/revisions"}],"wp:featuredmedia":[{"embeddable":true,"href":"https:\/\/elobservadorzonanorte.com.mx\/index.php?rest_route=\/wp\/v2\/media\/118105"}],"wp:attachment":[{"href":"https:\/\/elobservadorzonanorte.com.mx\/index.php?rest_route=%2Fwp%2Fv2%2Fmedia&parent=118103"}],"wp:term":[{"taxonomy":"category","embeddable":true,"href":"https:\/\/elobservadorzonanorte.com.mx\/index.php?rest_route=%2Fwp%2Fv2%2Fcategories&post=118103"},{"taxonomy":"post_tag","embeddable":true,"href":"https:\/\/elobservadorzonanorte.com.mx\/index.php?rest_route=%2Fwp%2Fv2%2Ftags&post=118103"}],"curies":[{"name":"wp","href":"https:\/\/api.w.org\/{rel}","templated":true}]}}