{"id":118097,"date":"2025-08-28T03:42:36","date_gmt":"2025-08-28T03:42:36","guid":{"rendered":"https:\/\/elobservadorzonanorte.com.mx\/?p=118097"},"modified":"2025-08-28T03:42:37","modified_gmt":"2025-08-28T03:42:37","slug":"autoridades-entregan-credencial-para-personas-con-discapacidad-en-ixtapangajoya","status":"publish","type":"post","link":"https:\/\/elobservadorzonanorte.com.mx\/?p=118097","title":{"rendered":"Autoridades entregan credencial para personas con discapacidad en Ixtapangajoya"},"content":{"rendered":"\n<figure class=\"wp-block-image size-full\"><img decoding=\"async\" width=\"600\" height=\"600\" src=\"https:\/\/elobservadorzonanorte.com.mx\/wp-content\/uploads\/2025\/08\/540685239_3142867025882271_4551989978152959110_n.jpg\" alt=\"\" class=\"wp-image-118098\" srcset=\"https:\/\/elobservadorzonanorte.com.mx\/wp-content\/uploads\/2025\/08\/540685239_3142867025882271_4551989978152959110_n.jpg 600w, https:\/\/elobservadorzonanorte.com.mx\/wp-content\/uploads\/2025\/08\/540685239_3142867025882271_4551989978152959110_n-300x300.jpg 300w, https:\/\/elobservadorzonanorte.com.mx\/wp-content\/uploads\/2025\/08\/540685239_3142867025882271_4551989978152959110_n-150x150.jpg 150w\" sizes=\"(max-width: 600px) 100vw, 600px\" \/><\/figure>\n\n\n\n<figure class=\"wp-block-image size-full\"><img decoding=\"async\" width=\"600\" height=\"600\" src=\"https:\/\/elobservadorzonanorte.com.mx\/wp-content\/uploads\/2025\/08\/539226924_3142867102548930_3800075231026023564_n.jpg\" alt=\"\" class=\"wp-image-118099\" srcset=\"https:\/\/elobservadorzonanorte.com.mx\/wp-content\/uploads\/2025\/08\/539226924_3142867102548930_3800075231026023564_n.jpg 600w, https:\/\/elobservadorzonanorte.com.mx\/wp-content\/uploads\/2025\/08\/539226924_3142867102548930_3800075231026023564_n-300x300.jpg 300w, https:\/\/elobservadorzonanorte.com.mx\/wp-content\/uploads\/2025\/08\/539226924_3142867102548930_3800075231026023564_n-150x150.jpg 150w\" sizes=\"(max-width: 600px) 100vw, 600px\" \/><\/figure>\n\n\n\n<figure class=\"wp-block-image size-full\"><img decoding=\"async\" width=\"600\" height=\"600\" src=\"https:\/\/elobservadorzonanorte.com.mx\/wp-content\/uploads\/2025\/08\/540195467_3142867139215593_3740766133329446820_n.jpg\" alt=\"\" class=\"wp-image-118100\" srcset=\"https:\/\/elobservadorzonanorte.com.mx\/wp-content\/uploads\/2025\/08\/540195467_3142867139215593_3740766133329446820_n.jpg 600w, https:\/\/elobservadorzonanorte.com.mx\/wp-content\/uploads\/2025\/08\/540195467_3142867139215593_3740766133329446820_n-300x300.jpg 300w, https:\/\/elobservadorzonanorte.com.mx\/wp-content\/uploads\/2025\/08\/540195467_3142867139215593_3740766133329446820_n-150x150.jpg 150w\" sizes=\"(max-width: 600px) 100vw, 600px\" \/><\/figure>\n\n\n\n<figure class=\"wp-block-image size-full\"><img decoding=\"async\" width=\"600\" height=\"600\" src=\"https:\/\/elobservadorzonanorte.com.mx\/wp-content\/uploads\/2025\/08\/539451848_3142867062548934_8601813960490656124_n.jpg\" alt=\"\" class=\"wp-image-118101\" srcset=\"https:\/\/elobservadorzonanorte.com.mx\/wp-content\/uploads\/2025\/08\/539451848_3142867062548934_8601813960490656124_n.jpg 600w, https:\/\/elobservadorzonanorte.com.mx\/wp-content\/uploads\/2025\/08\/539451848_3142867062548934_8601813960490656124_n-300x300.jpg 300w, https:\/\/elobservadorzonanorte.com.mx\/wp-content\/uploads\/2025\/08\/539451848_3142867062548934_8601813960490656124_n-150x150.jpg 150w\" sizes=\"(max-width: 600px) 100vw, 600px\" \/><\/figure>\n\n\n\n<p class=\"wp-block-paragraph\">El presidente municipal <a href=\"https:\/\/www.facebook.com\/juanito.gonzalez.760567?__cft__[0]=AZW7qFCgdmHN7K0nhRe3jHBHLA54dOAp0E9wR-jsa3EGVdE-wHbhSEZsuam5bJKs3b5UI5_3kSyF8SgYi6UQWZXyinAv1rgZuOEPQW5G0Q_YZgRT0hgPjfsq3K_LFEXACAgJtV-3yEdoZ0riMyS3CPTPQcuL0QULDpyHkH0Zzh_cYyZiiVo3kwQ2Ys_zPInr3Rw&amp;__tn__=-]K-R\" target=\"_blank\" rel=\"noopener\">Juanito Gonzalez<\/a> acompa\u00f1ado de la presidenta del DIF Nuri Ocampo y regidores entregaron las credenciales, la cual es un documento oficial que acredita la condici\u00f3n de discapacidad de una persona, gestionado a trav\u00e9s del Sistema DIF REGIONAL.<\/p>\n\n\n\n<p class=\"wp-block-paragraph\">Estas credenciales son resultado del trabajo coordinado entre el DIF REGIONAL, bajo la direcci\u00f3n de la delegada la Lic. Yesenia \u00c1lvarez y su comitiva.<\/p>\n\n\n\n<p class=\"wp-block-paragraph\">Con la presencia de la Presidenta del DIF de Ixtapangajoya la C. Nuri Ocampo valencia, Asi tambi\u00e9n el presidente municipal el TSU. Juan Ignacio Gonz\u00e1lez Garc\u00eda reafirmaron el compromiso de este gobierno municipal para seguir sumando acciones a favor de las personas con discapacidad.<\/p>\n\n\n\n<p class=\"wp-block-paragraph\">Esta credencial permite a sus portadores:<\/p>\n\n\n\n<p class=\"wp-block-paragraph\">Identificarse como persona con discapacidad reconocida a nivel nacional.<\/p>\n\n\n\n<p class=\"wp-block-paragraph\">Acceder a descuentos o exenciones en servicios como predial, agua, transporte e impuestos.<\/p>\n\n\n\n<p class=\"wp-block-paragraph\">La era de un buen futuro.<\/p>\n","protected":false},"excerpt":{"rendered":"<p>El presidente municipal Juanito Gonzalez acompa\u00f1ado de la presidenta del DIF Nuri Ocampo y regidores entregaron las credenciales, la cual es un documento oficial que acredita la condici\u00f3n de discapacidad de una persona, gestionado a trav\u00e9s del Sistema DIF REGIONAL. Estas credenciales son resultado del trabajo coordinado entre el DIF REGIONAL, bajo la direcci\u00f3n de [&hellip;]<\/p>\n","protected":false},"author":1,"featured_media":118098,"comment_status":"closed","ping_status":"closed","sticky":false,"template":"","format":"chat","meta":{"footnotes":""},"categories":[1],"tags":[],"class_list":["post-118097","post","type-post","status-publish","format-chat","has-post-thumbnail","hentry","category-general","post_format-post-format-chat"],"_links":{"self":[{"href":"https:\/\/elobservadorzonanorte.com.mx\/index.php?rest_route=\/wp\/v2\/posts\/118097","targetHints":{"allow":["GET"]}}],"collection":[{"href":"https:\/\/elobservadorzonanorte.com.mx\/index.php?rest_route=\/wp\/v2\/posts"}],"about":[{"href":"https:\/\/elobservadorzonanorte.com.mx\/index.php?rest_route=\/wp\/v2\/types\/post"}],"author":[{"embeddable":true,"href":"https:\/\/elobservadorzonanorte.com.mx\/index.php?rest_route=\/wp\/v2\/users\/1"}],"replies":[{"embeddable":true,"href":"https:\/\/elobservadorzonanorte.com.mx\/index.php?rest_route=%2Fwp%2Fv2%2Fcomments&post=118097"}],"version-history":[{"count":0,"href":"https:\/\/elobservadorzonanorte.com.mx\/index.php?rest_route=\/wp\/v2\/posts\/118097\/revisions"}],"wp:featuredmedia":[{"embeddable":true,"href":"https:\/\/elobservadorzonanorte.com.mx\/index.php?rest_route=\/wp\/v2\/media\/118098"}],"wp:attachment":[{"href":"https:\/\/elobservadorzonanorte.com.mx\/index.php?rest_route=%2Fwp%2Fv2%2Fmedia&parent=118097"}],"wp:term":[{"taxonomy":"category","embeddable":true,"href":"https:\/\/elobservadorzonanorte.com.mx\/index.php?rest_route=%2Fwp%2Fv2%2Fcategories&post=118097"},{"taxonomy":"post_tag","embeddable":true,"href":"https:\/\/elobservadorzonanorte.com.mx\/index.php?rest_route=%2Fwp%2Fv2%2Ftags&post=118097"}],"curies":[{"name":"wp","href":"https:\/\/api.w.org\/{rel}","templated":true}]}}