{"id":118091,"date":"2025-08-28T03:41:58","date_gmt":"2025-08-28T03:41:58","guid":{"rendered":"https:\/\/elobservadorzonanorte.com.mx\/?p=118091"},"modified":"2025-08-28T03:41:59","modified_gmt":"2025-08-28T03:41:59","slug":"atencion-juarez-chiapas-2","status":"publish","type":"post","link":"https:\/\/elobservadorzonanorte.com.mx\/?p=118091","title":{"rendered":"\u00a1Atenci\u00f3n Ju\u00e1rez, Chiapas!"},"content":{"rendered":"\n<figure class=\"wp-block-image size-large\"><img decoding=\"async\" width=\"480\" height=\"600\" src=\"https:\/\/elobservadorzonanorte.com.mx\/wp-content\/uploads\/2025\/08\/539928268_3142863045882669_5965347925243063790_n-480x600.jpg\" alt=\"\" class=\"wp-image-118092\" srcset=\"https:\/\/elobservadorzonanorte.com.mx\/wp-content\/uploads\/2025\/08\/539928268_3142863045882669_5965347925243063790_n-480x600.jpg 480w, https:\/\/elobservadorzonanorte.com.mx\/wp-content\/uploads\/2025\/08\/539928268_3142863045882669_5965347925243063790_n-240x300.jpg 240w, https:\/\/elobservadorzonanorte.com.mx\/wp-content\/uploads\/2025\/08\/539928268_3142863045882669_5965347925243063790_n.jpg 512w\" sizes=\"(max-width: 480px) 100vw, 480px\" \/><\/figure>\n\n\n\n<p class=\"wp-block-paragraph\">El Sistema DIF Municipal que preside la C.P Sonia Calc\u00e1neo de Serra en conjunto con el<\/p>\n\n\n\n<p class=\"wp-block-paragraph\">H. Ayuntamiento que preside el Lic. Oscar Serra Cantoral, tienen el honor de invitar a todas las familias a disfrutar de un gran espect\u00e1culo infantil para celebrar el regreso a clases.<\/p>\n\n\n\n<p class=\"wp-block-paragraph\"><img decoding=\"async\" height=\"16\" width=\"16\" alt=\"\ud83c\udf89\" src=\"https:\/\/static.xx.fbcdn.net\/images\/emoji.php\/v9\/t8c\/1\/16\/1f389.png\"> Presentaci\u00f3n especial en vivo:<\/p>\n\n\n\n<p class=\"wp-block-paragraph\">\u2022 Mario Bros y Luigi<\/p>\n\n\n\n<p class=\"wp-block-paragraph\">\u2022 El Mago Zadat<\/p>\n\n\n\n<p class=\"wp-block-paragraph\">\u2022 Malabaristas<\/p>\n\n\n\n<p class=\"wp-block-paragraph\">\u2022 Y divertid\u00edsimos payasos<\/p>\n\n\n\n<p class=\"wp-block-paragraph\"><img decoding=\"async\" height=\"16\" width=\"16\" alt=\"\ud83d\udcc5\" src=\"https:\/\/static.xx.fbcdn.net\/images\/emoji.php\/v9\/t7e\/1\/16\/1f4c5.png\"> Fecha: Viernes 29 de agosto de 2025<\/p>\n\n\n\n<p class=\"wp-block-paragraph\"><img decoding=\"async\" height=\"16\" width=\"16\" alt=\"\ud83d\udd54\" src=\"https:\/\/static.xx.fbcdn.net\/images\/emoji.php\/v9\/tac\/1\/16\/1f554.png\"> Hora: 5:00 p.m.<\/p>\n\n\n\n<p class=\"wp-block-paragraph\"><img decoding=\"async\" height=\"16\" width=\"16\" alt=\"\ud83d\udccd\" src=\"https:\/\/static.xx.fbcdn.net\/images\/emoji.php\/v9\/t2d\/1\/16\/1f4cd.png\"> Lugar: Centro Social de Ju\u00e1rez<\/p>\n\n\n\n<p class=\"wp-block-paragraph\"><img decoding=\"async\" height=\"16\" width=\"16\" alt=\"\u2728\" src=\"https:\/\/static.xx.fbcdn.net\/images\/emoji.php\/v9\/tf4\/1\/16\/2728.png\"> La entrada es TOTALMENTE GRATUITA para que ning\u00fan ni\u00f1o se quede sin disfrutar de este evento lleno de magia, alegr\u00eda y diversi\u00f3n.<\/p>\n\n\n\n<p class=\"wp-block-paragraph\">Un espect\u00e1culo pensado para toda la familia, porque queremos que los ni\u00f1os y ni\u00f1as de Ju\u00e1rez vivan un regreso a clases inolvidable.<\/p>\n\n\n\n<p class=\"wp-block-paragraph\">\u00a1No faltes, te esperamos!<\/p>\n\n\n\n<p class=\"wp-block-paragraph\"><a href=\"https:\/\/www.facebook.com\/hashtag\/siemprecontigo?__eep__=6&amp;__cft__[0]=AZV3Kh1jjkRZzJxf6Djhy55kqoBOcVZ8cszjjnjT7GuskQ-wNDlprPUhnEPbJtr5DZd15WfaWcfGSiWdpHEL3BmJyVEU7SJtrkUPB4PmUGDKNztDG38yC3Z9IWCCveocMvM2AnrKcT_BJungYu1L5yrGmFaqXXFYZw3eHh8xrS4CYHHpeGnRU2JVmYuKDcpm6-M&amp;__tn__=*NK-R\" target=\"_blank\" rel=\"noopener\">#SiempreContigo<\/a><img decoding=\"async\" height=\"16\" width=\"16\" alt=\"\ud83e\udef6\ud83c\udffb\" src=\"https:\/\/static.xx.fbcdn.net\/images\/emoji.php\/v9\/t4\/1\/16\/1faf6_1f3fb.png\"><\/p>\n\n\n\n<p class=\"wp-block-paragraph\"><a href=\"https:\/\/www.facebook.com\/hashtag\/sig%C3%A1moslohaciendojuntos?__eep__=6&amp;__cft__[0]=AZV3Kh1jjkRZzJxf6Djhy55kqoBOcVZ8cszjjnjT7GuskQ-wNDlprPUhnEPbJtr5DZd15WfaWcfGSiWdpHEL3BmJyVEU7SJtrkUPB4PmUGDKNztDG38yC3Z9IWCCveocMvM2AnrKcT_BJungYu1L5yrGmFaqXXFYZw3eHh8xrS4CYHHpeGnRU2JVmYuKDcpm6-M&amp;__tn__=*NK-R\" target=\"_blank\" rel=\"noopener\">#Sig\u00e1mosloHaciendoJuntos<\/a><img decoding=\"async\" height=\"16\" width=\"16\" alt=\"\ud83e\udd1d\ud83c\udffb\" src=\"https:\/\/static.xx.fbcdn.net\/images\/emoji.php\/v9\/tdf\/1\/16\/1f91d_1f3fb.png\"><\/p>\n\n\n\n<p class=\"wp-block-paragraph\"><a href=\"https:\/\/www.facebook.com\/hashtag\/humanismoquetransforma?__eep__=6&amp;__cft__[0]=AZV3Kh1jjkRZzJxf6Djhy55kqoBOcVZ8cszjjnjT7GuskQ-wNDlprPUhnEPbJtr5DZd15WfaWcfGSiWdpHEL3BmJyVEU7SJtrkUPB4PmUGDKNztDG38yC3Z9IWCCveocMvM2AnrKcT_BJungYu1L5yrGmFaqXXFYZw3eHh8xrS4CYHHpeGnRU2JVmYuKDcpm6-M&amp;__tn__=*NK-R\" target=\"_blank\" rel=\"noopener\">#HumanismoQueTransforma<\/a><img decoding=\"async\" height=\"16\" width=\"16\" alt=\"\ud83e\udef6\ud83c\udffb\" src=\"https:\/\/static.xx.fbcdn.net\/images\/emoji.php\/v9\/t4\/1\/16\/1faf6_1f3fb.png\"><\/p>\n","protected":false},"excerpt":{"rendered":"<p>El Sistema DIF Municipal que preside la C.P Sonia Calc\u00e1neo de Serra en conjunto con el H. Ayuntamiento que preside el Lic. Oscar Serra Cantoral, tienen el honor de invitar a todas las familias a disfrutar de un gran espect\u00e1culo infantil para celebrar el regreso a clases. Presentaci\u00f3n especial en vivo: \u2022 Mario Bros y [&hellip;]<\/p>\n","protected":false},"author":1,"featured_media":118092,"comment_status":"closed","ping_status":"closed","sticky":false,"template":"","format":"chat","meta":{"footnotes":""},"categories":[1],"tags":[],"class_list":["post-118091","post","type-post","status-publish","format-chat","has-post-thumbnail","hentry","category-general","post_format-post-format-chat"],"_links":{"self":[{"href":"https:\/\/elobservadorzonanorte.com.mx\/index.php?rest_route=\/wp\/v2\/posts\/118091","targetHints":{"allow":["GET"]}}],"collection":[{"href":"https:\/\/elobservadorzonanorte.com.mx\/index.php?rest_route=\/wp\/v2\/posts"}],"about":[{"href":"https:\/\/elobservadorzonanorte.com.mx\/index.php?rest_route=\/wp\/v2\/types\/post"}],"author":[{"embeddable":true,"href":"https:\/\/elobservadorzonanorte.com.mx\/index.php?rest_route=\/wp\/v2\/users\/1"}],"replies":[{"embeddable":true,"href":"https:\/\/elobservadorzonanorte.com.mx\/index.php?rest_route=%2Fwp%2Fv2%2Fcomments&post=118091"}],"version-history":[{"count":0,"href":"https:\/\/elobservadorzonanorte.com.mx\/index.php?rest_route=\/wp\/v2\/posts\/118091\/revisions"}],"wp:featuredmedia":[{"embeddable":true,"href":"https:\/\/elobservadorzonanorte.com.mx\/index.php?rest_route=\/wp\/v2\/media\/118092"}],"wp:attachment":[{"href":"https:\/\/elobservadorzonanorte.com.mx\/index.php?rest_route=%2Fwp%2Fv2%2Fmedia&parent=118091"}],"wp:term":[{"taxonomy":"category","embeddable":true,"href":"https:\/\/elobservadorzonanorte.com.mx\/index.php?rest_route=%2Fwp%2Fv2%2Fcategories&post=118091"},{"taxonomy":"post_tag","embeddable":true,"href":"https:\/\/elobservadorzonanorte.com.mx\/index.php?rest_route=%2Fwp%2Fv2%2Ftags&post=118091"}],"curies":[{"name":"wp","href":"https:\/\/api.w.org\/{rel}","templated":true}]}}