{"id":118076,"date":"2025-08-27T02:58:52","date_gmt":"2025-08-27T02:58:52","guid":{"rendered":"https:\/\/elobservadorzonanorte.com.mx\/?p=118076"},"modified":"2025-08-27T02:58:52","modified_gmt":"2025-08-27T02:58:52","slug":"siempre-seremos-aliados-y-contaran-con-nosotros-oscar-alberto-aparicio-avendano","status":"publish","type":"post","link":"https:\/\/elobservadorzonanorte.com.mx\/?p=118076","title":{"rendered":"\u201cSiempre seremos aliados y contar\u00e1n con nosotros\u201d: \u00d3scar Alberto Aparicio Avenda\u00f1o"},"content":{"rendered":"\n<figure class=\"wp-block-image size-full\"><img decoding=\"async\" width=\"592\" height=\"395\" src=\"https:\/\/elobservadorzonanorte.com.mx\/wp-content\/uploads\/2025\/08\/540108938_3142167369285570_2103033613401398611_n.jpg\" alt=\"\" class=\"wp-image-118077\" srcset=\"https:\/\/elobservadorzonanorte.com.mx\/wp-content\/uploads\/2025\/08\/540108938_3142167369285570_2103033613401398611_n.jpg 592w, https:\/\/elobservadorzonanorte.com.mx\/wp-content\/uploads\/2025\/08\/540108938_3142167369285570_2103033613401398611_n-300x200.jpg 300w\" sizes=\"(max-width: 592px) 100vw, 592px\" \/><\/figure>\n\n\n\n<figure class=\"wp-block-image size-full\"><img decoding=\"async\" width=\"587\" height=\"395\" src=\"https:\/\/elobservadorzonanorte.com.mx\/wp-content\/uploads\/2025\/08\/540449103_3142167519285555_7893316665536850461_n.jpg\" alt=\"\" class=\"wp-image-118078\" srcset=\"https:\/\/elobservadorzonanorte.com.mx\/wp-content\/uploads\/2025\/08\/540449103_3142167519285555_7893316665536850461_n.jpg 587w, https:\/\/elobservadorzonanorte.com.mx\/wp-content\/uploads\/2025\/08\/540449103_3142167519285555_7893316665536850461_n-300x202.jpg 300w\" sizes=\"(max-width: 587px) 100vw, 587px\" \/><\/figure>\n\n\n\n<p class=\"wp-block-paragraph\">\u2022Secretario de Seguridad del Pueblo toma protesta como integrante de la Comisi\u00f3n Interinstitucional con Enfoque Humanista del Gobierno del Estado de Chiapas.<\/p>\n\n\n\n<p class=\"wp-block-paragraph\">Tuxtla Guti\u00e9rrez, Chiapas; 26 de agosto de 2025.- Durante la instalaci\u00f3n de la Comisi\u00f3n Interinstitucional con Enfoque Humanista del Gobierno del Estado de Chiapas, el secretario de Seguridad del Pueblo, el doctor y piloto aviador, \u00d3scar Alberto Aparicio Avenda\u00f1o, junto al subsecretario de Ejecuci\u00f3n de Sanciones Penales y Medidas de Seguridad de la Secretar\u00eda de Seguridad del Pueblo, Ze\u00edn Jer\u00f3nimo Gil; la secretaria de Gobierno y Mediaci\u00f3n, Patricia del Carmen Conde Ruiz; la Secretar\u00eda de la Mujer e Igualdad de G\u00e9nero, Dulce Rodr\u00edguez Ovando, El Fiscal General del Estado, Jorge Luis Llaven Abarca y el Magistrado Presidente del Tribunal Superior de Justicia y Consejo de la Judicatura del Estado, Juan Carlos Moreno Guill\u00e9n, en su calidad de presidente, tomaron protesta como integrantes de este mecanismo.<\/p>\n\n\n\n<p class=\"wp-block-paragraph\">La Comisi\u00f3n, tiene como prop\u00f3sito fortalecer la coordinaci\u00f3n entre instituciones d\u00f3nde se privilegie el di\u00e1logo y la construcci\u00f3n de acuerdos que atiendan con sensibilidad y eficacia las demandas ciudadanas de las mujeres, j\u00f3venes y adultos mayores.<\/p>\n\n\n\n<p class=\"wp-block-paragraph\">El secretario de Seguridad del Pueblo, destac\u00f3 que, gracias a la voluntad pol\u00edtica del gobernador del estado, Eduardo Ram\u00edrez Aguilar, Chiapas avanza de manera contundente con el tema de mediaci\u00f3n, que es fundamental para lograr que las m\u00e1s de 7 mil Personas Privadas de su Libertad en Chiapas tengan acceso a una a reinserci\u00f3n social digna y exitosa. \u201cSiempre seremos aliados y contar\u00e1n con nosotros\u201d, apunt\u00f3.<\/p>\n\n\n\n<p class=\"wp-block-paragraph\">Recalc\u00f3 que, desde la Secretar\u00eda de Seguridad del Pueblo, se trabaja con compromiso y responsabilidad en la creaci\u00f3n de estrategias que garanticen y velen por el respeto irrestricto de los Derechos Humanos de todas y todos.<\/p>\n\n\n\n<p class=\"wp-block-paragraph\">Como integrante de la Comisi\u00f3n, se\u00f1al\u00f3 que, en esta Nueva ERA, este engranaje de voluntad, capacidad y conocimiento, ser\u00e1 un parteaguas que permitir\u00e1 resoluciones importantes priorizando el bienestar y la protecci\u00f3n.<\/p>\n\n\n\n<p class=\"wp-block-paragraph\">La Secretar\u00eda de Seguridad del Pueblo, refrenda el compromiso de continuar trabajando de manera coordinada y estrat\u00e9gica para impulsar y promover acciones que garanticen en todo momento la protecci\u00f3n y salvaguarda de las familias chiapanecas.<\/p>\n","protected":false},"excerpt":{"rendered":"<p>\u2022Secretario de Seguridad del Pueblo toma protesta como integrante de la Comisi\u00f3n Interinstitucional con Enfoque Humanista del Gobierno del Estado de Chiapas. Tuxtla Guti\u00e9rrez, Chiapas; 26 de agosto de 2025.- Durante la instalaci\u00f3n de la Comisi\u00f3n Interinstitucional con Enfoque Humanista del Gobierno del Estado de Chiapas, el secretario de Seguridad del Pueblo, el doctor y [&hellip;]<\/p>\n","protected":false},"author":1,"featured_media":118078,"comment_status":"closed","ping_status":"closed","sticky":false,"template":"","format":"chat","meta":{"footnotes":""},"categories":[1],"tags":[],"class_list":["post-118076","post","type-post","status-publish","format-chat","has-post-thumbnail","hentry","category-general","post_format-post-format-chat"],"_links":{"self":[{"href":"https:\/\/elobservadorzonanorte.com.mx\/index.php?rest_route=\/wp\/v2\/posts\/118076","targetHints":{"allow":["GET"]}}],"collection":[{"href":"https:\/\/elobservadorzonanorte.com.mx\/index.php?rest_route=\/wp\/v2\/posts"}],"about":[{"href":"https:\/\/elobservadorzonanorte.com.mx\/index.php?rest_route=\/wp\/v2\/types\/post"}],"author":[{"embeddable":true,"href":"https:\/\/elobservadorzonanorte.com.mx\/index.php?rest_route=\/wp\/v2\/users\/1"}],"replies":[{"embeddable":true,"href":"https:\/\/elobservadorzonanorte.com.mx\/index.php?rest_route=%2Fwp%2Fv2%2Fcomments&post=118076"}],"version-history":[{"count":0,"href":"https:\/\/elobservadorzonanorte.com.mx\/index.php?rest_route=\/wp\/v2\/posts\/118076\/revisions"}],"wp:featuredmedia":[{"embeddable":true,"href":"https:\/\/elobservadorzonanorte.com.mx\/index.php?rest_route=\/wp\/v2\/media\/118078"}],"wp:attachment":[{"href":"https:\/\/elobservadorzonanorte.com.mx\/index.php?rest_route=%2Fwp%2Fv2%2Fmedia&parent=118076"}],"wp:term":[{"taxonomy":"category","embeddable":true,"href":"https:\/\/elobservadorzonanorte.com.mx\/index.php?rest_route=%2Fwp%2Fv2%2Fcategories&post=118076"},{"taxonomy":"post_tag","embeddable":true,"href":"https:\/\/elobservadorzonanorte.com.mx\/index.php?rest_route=%2Fwp%2Fv2%2Ftags&post=118076"}],"curies":[{"name":"wp","href":"https:\/\/api.w.org\/{rel}","templated":true}]}}