{"id":118073,"date":"2025-08-27T02:58:34","date_gmt":"2025-08-27T02:58:34","guid":{"rendered":"https:\/\/elobservadorzonanorte.com.mx\/?p=118073"},"modified":"2025-08-27T02:58:34","modified_gmt":"2025-08-27T02:58:34","slug":"oei-presencia-avances-en-circulos-de-estudio-del-programa-chiapas-puede","status":"publish","type":"post","link":"https:\/\/elobservadorzonanorte.com.mx\/?p=118073","title":{"rendered":"OEI presencia avances en c\u00edrculos de estudio del Programa Chiapas Puede"},"content":{"rendered":"\n<figure class=\"wp-block-image size-large\"><img decoding=\"async\" width=\"600\" height=\"400\" src=\"https:\/\/elobservadorzonanorte.com.mx\/wp-content\/uploads\/2025\/08\/540204760_3142166605952313_8141603083039095398_n-600x400.jpg\" alt=\"\" class=\"wp-image-118074\" srcset=\"https:\/\/elobservadorzonanorte.com.mx\/wp-content\/uploads\/2025\/08\/540204760_3142166605952313_8141603083039095398_n-600x400.jpg 600w, https:\/\/elobservadorzonanorte.com.mx\/wp-content\/uploads\/2025\/08\/540204760_3142166605952313_8141603083039095398_n-300x200.jpg 300w, https:\/\/elobservadorzonanorte.com.mx\/wp-content\/uploads\/2025\/08\/540204760_3142166605952313_8141603083039095398_n-768x512.jpg 768w, https:\/\/elobservadorzonanorte.com.mx\/wp-content\/uploads\/2025\/08\/540204760_3142166605952313_8141603083039095398_n.jpg 810w\" sizes=\"(max-width: 600px) 100vw, 600px\" \/><\/figure>\n\n\n\n<p class=\"wp-block-paragraph\">\u2022 Las representantes reconocen el modelo pedag\u00f3gico \u201cMat\u00edas de C\u00f3rdova\u201d como una estrategia humanista y transformadora<\/p>\n\n\n\n<p class=\"wp-block-paragraph\">La Secretar\u00eda de Educaci\u00f3n Chiapas recibi\u00f3 a representantes de la Organizaci\u00f3n de Estados Iberoamericanos para la Educaci\u00f3n, la Ciencia y la Cultura (OEI), quienes visitaron c\u00edrculos de estudio del Programa de Alfabetizaci\u00f3n Chiapas Puede en Tuxtla Guti\u00e9rrez, con el prop\u00f3sito de constatar la implementaci\u00f3n del modelo pedag\u00f3gico \u201cMat\u00edas de C\u00f3rdova\u201d, y observar de manera directa los avances alcanzados en la estrategia educativa impulsada por el gobernador Eduardo Ram\u00edrez Aguilar.<\/p>\n\n\n\n<p class=\"wp-block-paragraph\">El secretario de Educaci\u00f3n, <a href=\"https:\/\/www.facebook.com\/hashtag\/rogeradri%C3%A1nmandujanoayala?__eep__=6&amp;__cft__[0]=AZUmme3pt1ceFBovFNgFdqKau_paNWCm822Pnl8o5-fkOt-3IQJCvA3feUkXCl9Lt7E1awRfdY97yMqpEH1orXFdhn_sG20i748GWKwjqz4SL5Ec0jrLp1RIF8_n5O4oCr6EuEpXsIq-lLMAdK-kqeb2yXSHAalEXMDi95-_OQWl22s3B4WJEbLm1i2yap5CaW8&amp;__tn__=*NK-R\" target=\"_blank\" rel=\"noopener\">#RogerAdri\u00e1nMandujanoAyala<\/a>, en compa\u00f1\u00eda de Flor Marina Berm\u00fadez Urbina, coordinadora operativa de proyectos estrat\u00e9gicos para la Alfabetizaci\u00f3n, guiaron a Patricia Aldana Maldonado, representante permanente de la OEI en M\u00e9xico, y a Chandel D\u00e1vila Guti\u00e9rrez, coordinadora de Educaci\u00f3n y Cultura de la organizaci\u00f3n, en un recorrido por los espacios de aprendizaje, donde destac\u00f3 la labor de las y los alfabetizadores, as\u00ed como el compromiso del Ayuntamiento de Tuxtla Guti\u00e9rrez en fortalecer la autonom\u00eda de la poblaci\u00f3n y reconocer la perseverancia de las y los educandos.<\/p>\n\n\n\n<p class=\"wp-block-paragraph\">En su intervenci\u00f3n, Patricia Aldana Maldonado subray\u00f3 que la implementaci\u00f3n del modelo \u201cMat\u00edas de C\u00f3rdova\u201d representa un ejemplo de adaptaci\u00f3n educativa a los contextos, lenguas y realidades culturales de Chiapas, lo que permite una alfabetizaci\u00f3n m\u00e1s cercana y efectiva. Asimismo, reconoci\u00f3 que este esfuerzo respaldado por la colaboraci\u00f3n institucional y el compromiso social, coloca a Chiapas como referente nacional en la construcci\u00f3n de pol\u00edticas p\u00fablicas educativas inclusivas y transformadoras.<\/p>\n\n\n\n<p class=\"wp-block-paragraph\">El recorrido cont\u00f3 con la participaci\u00f3n de autoridades municipales y educativas, entre ellas Sergio David Molina, director general del Icheja; Mauricio Alejandro Guti\u00e9rrez Astudillo, secretario de Desarrollo Social y Educaci\u00f3n; Edgar P\u00e9rez Hern\u00e1ndez, coordinador general del Programa Tuxtla Puede; y Ever Ju\u00e1rez Ortiz, director de Servicios Educativos del Ayuntamiento.<\/p>\n\n\n\n<p class=\"wp-block-paragraph\">Con este tipo de acciones, la Secretar\u00eda de Educaci\u00f3n de Chiapas reafirma su compromiso de garantizar el derecho a la educaci\u00f3n para todas y todos, priorizando a quienes han sido hist\u00f3ricamente excluidos del sistema educativo, avanzando en la construcci\u00f3n de un Chiapas m\u00e1s justo, equitativo y educado.<\/p>\n","protected":false},"excerpt":{"rendered":"<p>\u2022 Las representantes reconocen el modelo pedag\u00f3gico \u201cMat\u00edas de C\u00f3rdova\u201d como una estrategia humanista y transformadora La Secretar\u00eda de Educaci\u00f3n Chiapas recibi\u00f3 a representantes de la Organizaci\u00f3n de Estados Iberoamericanos para la Educaci\u00f3n, la Ciencia y la Cultura (OEI), quienes visitaron c\u00edrculos de estudio del Programa de Alfabetizaci\u00f3n Chiapas Puede en Tuxtla Guti\u00e9rrez, con el [&hellip;]<\/p>\n","protected":false},"author":1,"featured_media":118074,"comment_status":"closed","ping_status":"closed","sticky":false,"template":"","format":"chat","meta":{"footnotes":""},"categories":[1],"tags":[],"class_list":["post-118073","post","type-post","status-publish","format-chat","has-post-thumbnail","hentry","category-general","post_format-post-format-chat"],"_links":{"self":[{"href":"https:\/\/elobservadorzonanorte.com.mx\/index.php?rest_route=\/wp\/v2\/posts\/118073","targetHints":{"allow":["GET"]}}],"collection":[{"href":"https:\/\/elobservadorzonanorte.com.mx\/index.php?rest_route=\/wp\/v2\/posts"}],"about":[{"href":"https:\/\/elobservadorzonanorte.com.mx\/index.php?rest_route=\/wp\/v2\/types\/post"}],"author":[{"embeddable":true,"href":"https:\/\/elobservadorzonanorte.com.mx\/index.php?rest_route=\/wp\/v2\/users\/1"}],"replies":[{"embeddable":true,"href":"https:\/\/elobservadorzonanorte.com.mx\/index.php?rest_route=%2Fwp%2Fv2%2Fcomments&post=118073"}],"version-history":[{"count":0,"href":"https:\/\/elobservadorzonanorte.com.mx\/index.php?rest_route=\/wp\/v2\/posts\/118073\/revisions"}],"wp:featuredmedia":[{"embeddable":true,"href":"https:\/\/elobservadorzonanorte.com.mx\/index.php?rest_route=\/wp\/v2\/media\/118074"}],"wp:attachment":[{"href":"https:\/\/elobservadorzonanorte.com.mx\/index.php?rest_route=%2Fwp%2Fv2%2Fmedia&parent=118073"}],"wp:term":[{"taxonomy":"category","embeddable":true,"href":"https:\/\/elobservadorzonanorte.com.mx\/index.php?rest_route=%2Fwp%2Fv2%2Fcategories&post=118073"},{"taxonomy":"post_tag","embeddable":true,"href":"https:\/\/elobservadorzonanorte.com.mx\/index.php?rest_route=%2Fwp%2Fv2%2Ftags&post=118073"}],"curies":[{"name":"wp","href":"https:\/\/api.w.org\/{rel}","templated":true}]}}