{"id":118039,"date":"2025-08-27T02:55:25","date_gmt":"2025-08-27T02:55:25","guid":{"rendered":"https:\/\/elobservadorzonanorte.com.mx\/?p=118039"},"modified":"2025-08-27T02:55:26","modified_gmt":"2025-08-27T02:55:26","slug":"entrega-de-equipamiento-fortalece-comites-humanistas-de-proteccion-civil-en-pichucalco","status":"publish","type":"post","link":"https:\/\/elobservadorzonanorte.com.mx\/?p=118039","title":{"rendered":"Entrega de equipamiento fortalece comit\u00e9s humanistas de Protecci\u00f3n Civil en Pichucalco"},"content":{"rendered":"\n<figure class=\"wp-block-image size-full\"><img decoding=\"async\" width=\"593\" height=\"395\" src=\"https:\/\/elobservadorzonanorte.com.mx\/wp-content\/uploads\/2025\/08\/539259980_3141976789304628_3512855090602976173_n.jpg\" alt=\"\" class=\"wp-image-118040\" srcset=\"https:\/\/elobservadorzonanorte.com.mx\/wp-content\/uploads\/2025\/08\/539259980_3141976789304628_3512855090602976173_n.jpg 593w, https:\/\/elobservadorzonanorte.com.mx\/wp-content\/uploads\/2025\/08\/539259980_3141976789304628_3512855090602976173_n-300x200.jpg 300w\" sizes=\"(max-width: 593px) 100vw, 593px\" \/><\/figure>\n\n\n\n<figure class=\"wp-block-image size-full\"><img decoding=\"async\" width=\"593\" height=\"395\" src=\"https:\/\/elobservadorzonanorte.com.mx\/wp-content\/uploads\/2025\/08\/538450474_3141976819304625_5958715669692778431_n.jpg\" alt=\"\" class=\"wp-image-118041\" srcset=\"https:\/\/elobservadorzonanorte.com.mx\/wp-content\/uploads\/2025\/08\/538450474_3141976819304625_5958715669692778431_n.jpg 593w, https:\/\/elobservadorzonanorte.com.mx\/wp-content\/uploads\/2025\/08\/538450474_3141976819304625_5958715669692778431_n-300x200.jpg 300w\" sizes=\"(max-width: 593px) 100vw, 593px\" \/><\/figure>\n\n\n\n<figure class=\"wp-block-image size-full\"><img decoding=\"async\" width=\"593\" height=\"395\" src=\"https:\/\/elobservadorzonanorte.com.mx\/wp-content\/uploads\/2025\/08\/539304580_3141976875971286_6049978317535816026_n.jpg\" alt=\"\" class=\"wp-image-118042\" srcset=\"https:\/\/elobservadorzonanorte.com.mx\/wp-content\/uploads\/2025\/08\/539304580_3141976875971286_6049978317535816026_n.jpg 593w, https:\/\/elobservadorzonanorte.com.mx\/wp-content\/uploads\/2025\/08\/539304580_3141976875971286_6049978317535816026_n-300x200.jpg 300w\" sizes=\"(max-width: 593px) 100vw, 593px\" \/><\/figure>\n\n\n\n<figure class=\"wp-block-image size-full\"><img decoding=\"async\" width=\"593\" height=\"395\" src=\"https:\/\/elobservadorzonanorte.com.mx\/wp-content\/uploads\/2025\/08\/538473375_3141976852637955_3733631829524772820_n.jpg\" alt=\"\" class=\"wp-image-118043\" srcset=\"https:\/\/elobservadorzonanorte.com.mx\/wp-content\/uploads\/2025\/08\/538473375_3141976852637955_3733631829524772820_n.jpg 593w, https:\/\/elobservadorzonanorte.com.mx\/wp-content\/uploads\/2025\/08\/538473375_3141976852637955_3733631829524772820_n-300x200.jpg 300w\" sizes=\"(max-width: 593px) 100vw, 593px\" \/><\/figure>\n\n\n\n<figure class=\"wp-block-image size-full\"><img decoding=\"async\" width=\"593\" height=\"395\" src=\"https:\/\/elobservadorzonanorte.com.mx\/wp-content\/uploads\/2025\/08\/539166744_3141976922637948_4787394715121597983_n.jpg\" alt=\"\" class=\"wp-image-118044\" srcset=\"https:\/\/elobservadorzonanorte.com.mx\/wp-content\/uploads\/2025\/08\/539166744_3141976922637948_4787394715121597983_n.jpg 593w, https:\/\/elobservadorzonanorte.com.mx\/wp-content\/uploads\/2025\/08\/539166744_3141976922637948_4787394715121597983_n-300x200.jpg 300w\" sizes=\"(max-width: 593px) 100vw, 593px\" \/><\/figure>\n\n\n\n<p class=\"wp-block-paragraph\">Como parte de su agenda en nuestro municipio, el Lic. Mauricio Cordero Rodr\u00edguez, secretario de Protecci\u00f3n Civil del Estado, encabez\u00f3 la entrega de equipamiento b\u00e1sico a los Comit\u00e9s Humanistas de Protecci\u00f3n Civil del municipio de Pichucalco. El presidente municipal Andr\u00e9s Carballo C\u00f3rdova acompa\u00f1\u00f3 esta significativa acci\u00f3n, destacando la importancia de contar con ciudadanos preparados y equipados para enfrentar situaciones de riesgo.<\/p>\n\n\n\n<p class=\"wp-block-paragraph\">Los comit\u00e9s beneficiados pertenecen a las localidades Mariano Matamoros 2da Secci\u00f3n, Ejido Playas, Ejido Plutarco El\u00edas Calles, San Carlos, Ejido Emiliano Zapata \u201cEl Zoque\u201d, Caimba y Napana. El equipo entregado incluye carretillas, machetes, impermeables, botas, palas, picos, l\u00e1mparas de mano y limas, herramientas esenciales para la atenci\u00f3n inmediata en casos de emergencia.<\/p>\n\n\n\n<p class=\"wp-block-paragraph\">El secretario Cordero Rodr\u00edguez subray\u00f3 que \u201cla protecci\u00f3n civil comienza en las comunidades\u201d, mientras que el presidente Carballo C\u00f3rdova reconoci\u00f3 el compromiso de los comit\u00e9s y reafirm\u00f3 que la prevenci\u00f3n es una responsabilidad compartida. Esta entrega fortalece la red de respuesta local y promueve una cultura de autoprotecci\u00f3n en todo el municipio.<\/p>\n\n\n\n<p class=\"wp-block-paragraph\"><a href=\"https:\/\/www.facebook.com\/hashtag\/pichucalco?__eep__=6&amp;__cft__[0]=AZWyM4cMzhXwsIYljrFh5L5KzPY5Mm6PzckrmkSYgoZP5c4VFe-jZm7MMhMwr3eitpqFstlHcM8G_SA-Vwo0F4-d6cH5iDj_KWCShfsgbPaSRilRtWh544Fz_OZeExb7fWhuyN2Diav3XAhUu5BAMG8HS3ehwMbbIardiRXYfkeLKUwdgZAVeNtKY-_Yr3fbpag&amp;__tn__=*NK-R\" target=\"_blank\" rel=\"noopener\">#Pichucalco<\/a><a href=\"https:\/\/www.facebook.com\/hashtag\/protecci%C3%B3ncivilchiapas?__eep__=6&amp;__cft__[0]=AZWyM4cMzhXwsIYljrFh5L5KzPY5Mm6PzckrmkSYgoZP5c4VFe-jZm7MMhMwr3eitpqFstlHcM8G_SA-Vwo0F4-d6cH5iDj_KWCShfsgbPaSRilRtWh544Fz_OZeExb7fWhuyN2Diav3XAhUu5BAMG8HS3ehwMbbIardiRXYfkeLKUwdgZAVeNtKY-_Yr3fbpag&amp;__tn__=*NK-R\" target=\"_blank\" rel=\"noopener\">#Protecci\u00f3nCivilChiapas<\/a><a href=\"https:\/\/www.facebook.com\/hashtag\/prevenci%C3%B3nesprotecci%C3%B3n?__eep__=6&amp;__cft__[0]=AZWyM4cMzhXwsIYljrFh5L5KzPY5Mm6PzckrmkSYgoZP5c4VFe-jZm7MMhMwr3eitpqFstlHcM8G_SA-Vwo0F4-d6cH5iDj_KWCShfsgbPaSRilRtWh544Fz_OZeExb7fWhuyN2Diav3XAhUu5BAMG8HS3ehwMbbIardiRXYfkeLKUwdgZAVeNtKY-_Yr3fbpag&amp;__tn__=*NK-R\" target=\"_blank\" rel=\"noopener\">#Prevenci\u00f3nEsProtecci\u00f3n<\/a><a href=\"https:\/\/www.facebook.com\/hashtag\/protecci%C3%B3ncivil?__eep__=6&amp;__cft__[0]=AZWyM4cMzhXwsIYljrFh5L5KzPY5Mm6PzckrmkSYgoZP5c4VFe-jZm7MMhMwr3eitpqFstlHcM8G_SA-Vwo0F4-d6cH5iDj_KWCShfsgbPaSRilRtWh544Fz_OZeExb7fWhuyN2Diav3XAhUu5BAMG8HS3ehwMbbIardiRXYfkeLKUwdgZAVeNtKY-_Yr3fbpag&amp;__tn__=*NK-R\" target=\"_blank\" rel=\"noopener\">#Protecci\u00f3nCivil<\/a><a href=\"https:\/\/www.facebook.com\/hashtag\/accionesquecontribuyenalcambio?__eep__=6&amp;__cft__[0]=AZWyM4cMzhXwsIYljrFh5L5KzPY5Mm6PzckrmkSYgoZP5c4VFe-jZm7MMhMwr3eitpqFstlHcM8G_SA-Vwo0F4-d6cH5iDj_KWCShfsgbPaSRilRtWh544Fz_OZeExb7fWhuyN2Diav3XAhUu5BAMG8HS3ehwMbbIardiRXYfkeLKUwdgZAVeNtKY-_Yr3fbpag&amp;__tn__=*NK-R\" target=\"_blank\" rel=\"noopener\">#AccionesQueContribuyenAlCambio<\/a><a href=\"https:\/\/www.facebook.com\/hashtag\/lanuevaera?__eep__=6&amp;__cft__[0]=AZWyM4cMzhXwsIYljrFh5L5KzPY5Mm6PzckrmkSYgoZP5c4VFe-jZm7MMhMwr3eitpqFstlHcM8G_SA-Vwo0F4-d6cH5iDj_KWCShfsgbPaSRilRtWh544Fz_OZeExb7fWhuyN2Diav3XAhUu5BAMG8HS3ehwMbbIardiRXYfkeLKUwdgZAVeNtKY-_Yr3fbpag&amp;__tn__=*NK-R\" target=\"_blank\" rel=\"noopener\">#LaNuevaEra<\/a><\/p>\n","protected":false},"excerpt":{"rendered":"<p>Como parte de su agenda en nuestro municipio, el Lic. Mauricio Cordero Rodr\u00edguez, secretario de Protecci\u00f3n Civil del Estado, encabez\u00f3 la entrega de equipamiento b\u00e1sico a los Comit\u00e9s Humanistas de Protecci\u00f3n Civil del municipio de Pichucalco. El presidente municipal Andr\u00e9s Carballo C\u00f3rdova acompa\u00f1\u00f3 esta significativa acci\u00f3n, destacando la importancia de contar con ciudadanos preparados y [&hellip;]<\/p>\n","protected":false},"author":1,"featured_media":118040,"comment_status":"closed","ping_status":"closed","sticky":false,"template":"","format":"chat","meta":{"footnotes":""},"categories":[1],"tags":[],"class_list":["post-118039","post","type-post","status-publish","format-chat","has-post-thumbnail","hentry","category-general","post_format-post-format-chat"],"_links":{"self":[{"href":"https:\/\/elobservadorzonanorte.com.mx\/index.php?rest_route=\/wp\/v2\/posts\/118039","targetHints":{"allow":["GET"]}}],"collection":[{"href":"https:\/\/elobservadorzonanorte.com.mx\/index.php?rest_route=\/wp\/v2\/posts"}],"about":[{"href":"https:\/\/elobservadorzonanorte.com.mx\/index.php?rest_route=\/wp\/v2\/types\/post"}],"author":[{"embeddable":true,"href":"https:\/\/elobservadorzonanorte.com.mx\/index.php?rest_route=\/wp\/v2\/users\/1"}],"replies":[{"embeddable":true,"href":"https:\/\/elobservadorzonanorte.com.mx\/index.php?rest_route=%2Fwp%2Fv2%2Fcomments&post=118039"}],"version-history":[{"count":0,"href":"https:\/\/elobservadorzonanorte.com.mx\/index.php?rest_route=\/wp\/v2\/posts\/118039\/revisions"}],"wp:featuredmedia":[{"embeddable":true,"href":"https:\/\/elobservadorzonanorte.com.mx\/index.php?rest_route=\/wp\/v2\/media\/118040"}],"wp:attachment":[{"href":"https:\/\/elobservadorzonanorte.com.mx\/index.php?rest_route=%2Fwp%2Fv2%2Fmedia&parent=118039"}],"wp:term":[{"taxonomy":"category","embeddable":true,"href":"https:\/\/elobservadorzonanorte.com.mx\/index.php?rest_route=%2Fwp%2Fv2%2Fcategories&post=118039"},{"taxonomy":"post_tag","embeddable":true,"href":"https:\/\/elobservadorzonanorte.com.mx\/index.php?rest_route=%2Fwp%2Fv2%2Ftags&post=118039"}],"curies":[{"name":"wp","href":"https:\/\/api.w.org\/{rel}","templated":true}]}}