{"id":118027,"date":"2025-08-27T02:54:17","date_gmt":"2025-08-27T02:54:17","guid":{"rendered":"https:\/\/elobservadorzonanorte.com.mx\/?p=118027"},"modified":"2025-08-27T02:54:18","modified_gmt":"2025-08-27T02:54:18","slug":"proteccion-civil-fortalece-infraestructura-en-pichucalco-colocan-primera-piedra-para-construccion-de-muros-de-contencion","status":"publish","type":"post","link":"https:\/\/elobservadorzonanorte.com.mx\/?p=118027","title":{"rendered":"Protecci\u00f3n Civil fortalece infraestructura en Pichucalco: colocan primera piedra para construcci\u00f3n de muros de contenci\u00f3n"},"content":{"rendered":"\n<figure class=\"wp-block-image size-full\"><img decoding=\"async\" width=\"593\" height=\"395\" src=\"https:\/\/elobservadorzonanorte.com.mx\/wp-content\/uploads\/2025\/08\/538621256_3141930289309278_4494132700589534067_n.jpg\" alt=\"\" class=\"wp-image-118028\" srcset=\"https:\/\/elobservadorzonanorte.com.mx\/wp-content\/uploads\/2025\/08\/538621256_3141930289309278_4494132700589534067_n.jpg 593w, https:\/\/elobservadorzonanorte.com.mx\/wp-content\/uploads\/2025\/08\/538621256_3141930289309278_4494132700589534067_n-300x200.jpg 300w\" sizes=\"(max-width: 593px) 100vw, 593px\" \/><\/figure>\n\n\n\n<figure class=\"wp-block-image size-full\"><img decoding=\"async\" width=\"593\" height=\"395\" src=\"https:\/\/elobservadorzonanorte.com.mx\/wp-content\/uploads\/2025\/08\/540320320_3141930405975933_3379674845308983646_n.jpg\" alt=\"\" class=\"wp-image-118029\" srcset=\"https:\/\/elobservadorzonanorte.com.mx\/wp-content\/uploads\/2025\/08\/540320320_3141930405975933_3379674845308983646_n.jpg 593w, https:\/\/elobservadorzonanorte.com.mx\/wp-content\/uploads\/2025\/08\/540320320_3141930405975933_3379674845308983646_n-300x200.jpg 300w\" sizes=\"(max-width: 593px) 100vw, 593px\" \/><\/figure>\n\n\n\n<figure class=\"wp-block-image size-full\"><img decoding=\"async\" width=\"593\" height=\"395\" src=\"https:\/\/elobservadorzonanorte.com.mx\/wp-content\/uploads\/2025\/08\/539851453_3141930362642604_1057520722556159854_n.jpg\" alt=\"\" class=\"wp-image-118030\" srcset=\"https:\/\/elobservadorzonanorte.com.mx\/wp-content\/uploads\/2025\/08\/539851453_3141930362642604_1057520722556159854_n.jpg 593w, https:\/\/elobservadorzonanorte.com.mx\/wp-content\/uploads\/2025\/08\/539851453_3141930362642604_1057520722556159854_n-300x200.jpg 300w\" sizes=\"(max-width: 593px) 100vw, 593px\" \/><\/figure>\n\n\n\n<figure class=\"wp-block-image size-full\"><img decoding=\"async\" width=\"593\" height=\"395\" src=\"https:\/\/elobservadorzonanorte.com.mx\/wp-content\/uploads\/2025\/08\/539888636_3141930339309273_6438109731487891454_n.jpg\" alt=\"\" class=\"wp-image-118031\" srcset=\"https:\/\/elobservadorzonanorte.com.mx\/wp-content\/uploads\/2025\/08\/539888636_3141930339309273_6438109731487891454_n.jpg 593w, https:\/\/elobservadorzonanorte.com.mx\/wp-content\/uploads\/2025\/08\/539888636_3141930339309273_6438109731487891454_n-300x200.jpg 300w\" sizes=\"(max-width: 593px) 100vw, 593px\" \/><\/figure>\n\n\n\n<p class=\"wp-block-paragraph\">En un acto de alto impacto para la seguridad comunitaria, el Lic. Mauricio Cordero Rodr\u00edguez, secretario de Protecci\u00f3n Civil del Estado, encabez\u00f3 el banderazo oficial y la colocaci\u00f3n de la primera piedra para el inicio de la construcci\u00f3n de muros de contenci\u00f3n en la cabecera municipal de Pichucalco. Acompa\u00f1ado por el presidente municipal Andr\u00e9s Carballo C\u00f3rdova, ambos l\u00edderes reafirmaron su compromiso con la prevenci\u00f3n de riesgos y la protecci\u00f3n de las familias pichucalque\u00f1as.<\/p>\n\n\n\n<p class=\"wp-block-paragraph\">El programa contempla la edificaci\u00f3n de 937 metros c\u00fabicos de muros, con el objetivo de reducir los riesgos de derrumbes en zonas vulnerables. Las colonias beneficiadas incluyen Juan Sabines, El Mirador, Napana y Las Ranas, sumando un impacto directo en 15,244 habitantes.<\/p>\n\n\n\n<p class=\"wp-block-paragraph\">La obra se realiza con recursos del Fondo para la Gesti\u00f3n Integral de Riesgos y Desastres (FOGIRD), como parte de una estrategia estatal que prioriza la infraestructura preventiva. Durante el evento, el secretario Cordero Rodr\u00edguez destac\u00f3 que \u201cinvertir en prevenci\u00f3n es proteger vidas\u201d, mientras que el presidente Carballo C\u00f3rdova agradeci\u00f3 el respaldo del gobierno estatal y celebr\u00f3 la coordinaci\u00f3n interinstitucional que hace posible este tipo de acciones.<\/p>\n\n\n\n<p class=\"wp-block-paragraph\"><a href=\"https:\/\/www.facebook.com\/hashtag\/pichucalco?__eep__=6&amp;__cft__[0]=AZUIJWybonoGNFMXxyrgzp4JIAH1gRR07hgAoNukPR5NnurFS_vPt7R8cA2om-qyLfEgddR2aGlQ1LXoAGiOkm2IokPojvtRbg9M2R2jw54ew7i7EVnH1d4mZ9J_4uGh8iL5adJ4pD5rwQFT3bMFxh2r7mNDthixRfyQKk0uRxwrhw0Siq9PgW8eMo2Ic6v5h1U&amp;__tn__=*NK-R\" target=\"_blank\" rel=\"noopener\">#Pichucalco<\/a><a href=\"https:\/\/www.facebook.com\/hashtag\/protecci%C3%B3ncivilchiapas?__eep__=6&amp;__cft__[0]=AZUIJWybonoGNFMXxyrgzp4JIAH1gRR07hgAoNukPR5NnurFS_vPt7R8cA2om-qyLfEgddR2aGlQ1LXoAGiOkm2IokPojvtRbg9M2R2jw54ew7i7EVnH1d4mZ9J_4uGh8iL5adJ4pD5rwQFT3bMFxh2r7mNDthixRfyQKk0uRxwrhw0Siq9PgW8eMo2Ic6v5h1U&amp;__tn__=*NK-R\" target=\"_blank\" rel=\"noopener\">#Protecci\u00f3nCivilChiapas<\/a><a href=\"https:\/\/www.facebook.com\/hashtag\/prevenci%C3%B3nesprotecci%C3%B3n?__eep__=6&amp;__cft__[0]=AZUIJWybonoGNFMXxyrgzp4JIAH1gRR07hgAoNukPR5NnurFS_vPt7R8cA2om-qyLfEgddR2aGlQ1LXoAGiOkm2IokPojvtRbg9M2R2jw54ew7i7EVnH1d4mZ9J_4uGh8iL5adJ4pD5rwQFT3bMFxh2r7mNDthixRfyQKk0uRxwrhw0Siq9PgW8eMo2Ic6v5h1U&amp;__tn__=*NK-R\" target=\"_blank\" rel=\"noopener\">#Prevenci\u00f3nEsProtecci\u00f3n<\/a><a href=\"https:\/\/www.facebook.com\/hashtag\/protecci%C3%B3ncivil?__eep__=6&amp;__cft__[0]=AZUIJWybonoGNFMXxyrgzp4JIAH1gRR07hgAoNukPR5NnurFS_vPt7R8cA2om-qyLfEgddR2aGlQ1LXoAGiOkm2IokPojvtRbg9M2R2jw54ew7i7EVnH1d4mZ9J_4uGh8iL5adJ4pD5rwQFT3bMFxh2r7mNDthixRfyQKk0uRxwrhw0Siq9PgW8eMo2Ic6v5h1U&amp;__tn__=*NK-R\" target=\"_blank\" rel=\"noopener\">#Protecci\u00f3nCivil<\/a><a href=\"https:\/\/www.facebook.com\/hashtag\/accionesquecontribuyenalcambio?__eep__=6&amp;__cft__[0]=AZUIJWybonoGNFMXxyrgzp4JIAH1gRR07hgAoNukPR5NnurFS_vPt7R8cA2om-qyLfEgddR2aGlQ1LXoAGiOkm2IokPojvtRbg9M2R2jw54ew7i7EVnH1d4mZ9J_4uGh8iL5adJ4pD5rwQFT3bMFxh2r7mNDthixRfyQKk0uRxwrhw0Siq9PgW8eMo2Ic6v5h1U&amp;__tn__=*NK-R\" target=\"_blank\" rel=\"noopener\">#AccionesQueContribuyenAlCambio<\/a><a href=\"https:\/\/www.facebook.com\/hashtag\/lanuevaera?__eep__=6&amp;__cft__[0]=AZUIJWybonoGNFMXxyrgzp4JIAH1gRR07hgAoNukPR5NnurFS_vPt7R8cA2om-qyLfEgddR2aGlQ1LXoAGiOkm2IokPojvtRbg9M2R2jw54ew7i7EVnH1d4mZ9J_4uGh8iL5adJ4pD5rwQFT3bMFxh2r7mNDthixRfyQKk0uRxwrhw0Siq9PgW8eMo2Ic6v5h1U&amp;__tn__=*NK-R\" target=\"_blank\" rel=\"noopener\">#LaNuevaEra<\/a><\/p>\n","protected":false},"excerpt":{"rendered":"<p>En un acto de alto impacto para la seguridad comunitaria, el Lic. Mauricio Cordero Rodr\u00edguez, secretario de Protecci\u00f3n Civil del Estado, encabez\u00f3 el banderazo oficial y la colocaci\u00f3n de la primera piedra para el inicio de la construcci\u00f3n de muros de contenci\u00f3n en la cabecera municipal de Pichucalco. Acompa\u00f1ado por el presidente municipal Andr\u00e9s Carballo [&hellip;]<\/p>\n","protected":false},"author":1,"featured_media":118029,"comment_status":"closed","ping_status":"closed","sticky":false,"template":"","format":"chat","meta":{"footnotes":""},"categories":[1],"tags":[],"class_list":["post-118027","post","type-post","status-publish","format-chat","has-post-thumbnail","hentry","category-general","post_format-post-format-chat"],"_links":{"self":[{"href":"https:\/\/elobservadorzonanorte.com.mx\/index.php?rest_route=\/wp\/v2\/posts\/118027","targetHints":{"allow":["GET"]}}],"collection":[{"href":"https:\/\/elobservadorzonanorte.com.mx\/index.php?rest_route=\/wp\/v2\/posts"}],"about":[{"href":"https:\/\/elobservadorzonanorte.com.mx\/index.php?rest_route=\/wp\/v2\/types\/post"}],"author":[{"embeddable":true,"href":"https:\/\/elobservadorzonanorte.com.mx\/index.php?rest_route=\/wp\/v2\/users\/1"}],"replies":[{"embeddable":true,"href":"https:\/\/elobservadorzonanorte.com.mx\/index.php?rest_route=%2Fwp%2Fv2%2Fcomments&post=118027"}],"version-history":[{"count":0,"href":"https:\/\/elobservadorzonanorte.com.mx\/index.php?rest_route=\/wp\/v2\/posts\/118027\/revisions"}],"wp:featuredmedia":[{"embeddable":true,"href":"https:\/\/elobservadorzonanorte.com.mx\/index.php?rest_route=\/wp\/v2\/media\/118029"}],"wp:attachment":[{"href":"https:\/\/elobservadorzonanorte.com.mx\/index.php?rest_route=%2Fwp%2Fv2%2Fmedia&parent=118027"}],"wp:term":[{"taxonomy":"category","embeddable":true,"href":"https:\/\/elobservadorzonanorte.com.mx\/index.php?rest_route=%2Fwp%2Fv2%2Fcategories&post=118027"},{"taxonomy":"post_tag","embeddable":true,"href":"https:\/\/elobservadorzonanorte.com.mx\/index.php?rest_route=%2Fwp%2Fv2%2Ftags&post=118027"}],"curies":[{"name":"wp","href":"https:\/\/api.w.org\/{rel}","templated":true}]}}