{"id":118022,"date":"2025-08-27T02:51:38","date_gmt":"2025-08-27T02:51:38","guid":{"rendered":"https:\/\/elobservadorzonanorte.com.mx\/?p=118022"},"modified":"2025-08-27T02:53:51","modified_gmt":"2025-08-27T02:53:51","slug":"destaca-eduardo-ramirez-labor-de-docentes-del-cecytech-y-tbc-a-favor-de-las-juventudes-2","status":"publish","type":"post","link":"https:\/\/elobservadorzonanorte.com.mx\/?p=118022","title":{"rendered":"*Destaca Eduardo Ram\u00edrez labor de docentes del Cecytech y TBC a favor de las juventudes*"},"content":{"rendered":"\n<figure class=\"wp-block-image size-full\"><img decoding=\"async\" width=\"593\" height=\"395\" src=\"https:\/\/elobservadorzonanorte.com.mx\/wp-content\/uploads\/2025\/08\/539178604_3141912935977680_3717962686303729093_n.jpg\" alt=\"\" class=\"wp-image-118023\" srcset=\"https:\/\/elobservadorzonanorte.com.mx\/wp-content\/uploads\/2025\/08\/539178604_3141912935977680_3717962686303729093_n.jpg 593w, https:\/\/elobservadorzonanorte.com.mx\/wp-content\/uploads\/2025\/08\/539178604_3141912935977680_3717962686303729093_n-300x200.jpg 300w\" sizes=\"(max-width: 593px) 100vw, 593px\" \/><\/figure>\n\n\n\n\n\n<figure class=\"wp-block-image size-full\"><img decoding=\"async\" width=\"593\" height=\"395\" src=\"https:\/\/elobservadorzonanorte.com.mx\/wp-content\/uploads\/2025\/08\/539091514_3141913099310997_2729127937054233684_n.jpg\" alt=\"\" class=\"wp-image-118024\" srcset=\"https:\/\/elobservadorzonanorte.com.mx\/wp-content\/uploads\/2025\/08\/539091514_3141913099310997_2729127937054233684_n.jpg 593w, https:\/\/elobservadorzonanorte.com.mx\/wp-content\/uploads\/2025\/08\/539091514_3141913099310997_2729127937054233684_n-300x200.jpg 300w\" sizes=\"(max-width: 593px) 100vw, 593px\" \/><\/figure>\n\n\n\n<figure class=\"wp-block-image size-full\"><img decoding=\"async\" width=\"593\" height=\"395\" src=\"https:\/\/elobservadorzonanorte.com.mx\/wp-content\/uploads\/2025\/08\/539421640_3141913049311002_2159955911871335699_n.jpg\" alt=\"\" class=\"wp-image-118025\" srcset=\"https:\/\/elobservadorzonanorte.com.mx\/wp-content\/uploads\/2025\/08\/539421640_3141913049311002_2159955911871335699_n.jpg 593w, https:\/\/elobservadorzonanorte.com.mx\/wp-content\/uploads\/2025\/08\/539421640_3141913049311002_2159955911871335699_n-300x200.jpg 300w\" sizes=\"(max-width: 593px) 100vw, 593px\" \/><\/figure>\n\n\n\n<p class=\"wp-block-paragraph\">&#8211; Inaugur\u00f3 la Segunda Jornada Acad\u00e9mica Estatal Cecytech-TBC 2025, acompa\u00f1ado por el director general del Cecytech y coordinador estatal de los TBC, Luis Guadalupe Morales \u00c1ngeles\ufffd<\/p>\n\n\n\n<p class=\"wp-block-paragraph\">El gobernador Eduardo Ram\u00edrez Aguilar inaugur\u00f3 la Segunda Jornada Acad\u00e9mica Estatal Cecytech-TBC 2025, encuentro que re\u00fane a m\u00e1s de mil docentes del Colegio de Estudios Cient\u00edficos y Tecnol\u00f3gicos del Estado de Chiapas (Cecytech) y de los Telebachilleratos Comunitarios (TBC), con el prop\u00f3sito de fomentar el di\u00e1logo acad\u00e9mico, la actualizaci\u00f3n profesional y la reflexi\u00f3n sobre la trascendencia de la labor pedag\u00f3gica.<\/p>\n\n\n\n<p class=\"wp-block-paragraph\">Acompa\u00f1ado por el director general del Cecytech y coordinador estatal de los TBC, Luis Guadalupe Morales \u00c1ngeles, el mandatario reconoci\u00f3 el esfuerzo de las y los docentes a favor de las juventudes, e hizo un llamado a prepararse constantemente y a transmitir sus conocimientos con sentido humano y empat\u00eda, a fin de inspirar a sus estudiantes y contribuir a las aportaciones que realizar\u00e1n en el futuro.<\/p>\n\n\n\n<p class=\"wp-block-paragraph\">\u201cQue este di\u00e1logo que ustedes tienen sea del m\u00e1s alto nivel para poder transformar la vida de sus alumnos y alumnas. Que los motiven, siempre denles un consejo, porque a veces en esa edad, particularmente en el bachillerato, somos adolescentes incomprendidos e incomprendidas. Y la orientaci\u00f3n de un maestro o una maestra a veces marca nuestra vida\u201d, expres\u00f3.<\/p>\n\n\n\n<p class=\"wp-block-paragraph\">Posteriormente, Ram\u00edrez Aguilar agradeci\u00f3, en nombre del pueblo de Chiapas, a maestras, maestros y estudiantes que se han sumado a las acciones de alfabetizaci\u00f3n en todo el estado, con el objetivo de que m\u00e1s chiapanecas y chiapanecos aprendan a leer y escribir.<\/p>\n\n\n\n<p class=\"wp-block-paragraph\">Por su parte, el director general del Cecytech y coordinador estatal de los TBC, Luis Guadalupe Morales \u00c1ngeles, subray\u00f3 que la pol\u00edtica humanista de la Nueva ERA inspira a las instituciones a ser no solo transmisoras de conocimientos, sino tambi\u00e9n constructoras de paz, ciudadan\u00eda y oportunidades reales para la juventud chiapaneca.<\/p>\n\n\n\n<p class=\"wp-block-paragraph\">Inform\u00f3 que en la jornada participan mil 654 docentes, 147 directivos y 19 academias estatales, en beneficio de 30 mil estudiantes. Asimismo, destac\u00f3 su participaci\u00f3n en el programa Chiapas Puede, en el que 4 mil 792 voluntarios y mil 574 grupos de aprendizaje impulsan la educaci\u00f3n comunitaria y fortalecen el tejido social en la entidad.<\/p>\n\n\n\n<p class=\"wp-block-paragraph\">A su vez, el responsable del \u00c1rea de Vinculaci\u00f3n y Enlace Institucional de la Coordinaci\u00f3n Nacional de Organismos Descentralizados Estatales (ODES) de los Cecytes, Jos\u00e9 Javier D\u00edaz Parra, reconoci\u00f3 a Chiapas como el \u00fanico estado del pa\u00eds que realiza esta Jornada Acad\u00e9mica Estatal, orientada a fortalecer los conocimientos de la comunidad educativa y prepararla para el certamen nacional a celebrarse en septiembre.<\/p>\n\n\n\n<p class=\"wp-block-paragraph\">Estuvieron presentes el vicealmirante Leopoldo Jes\u00fas D\u00edaz Gonz\u00e1lez, rector de la Universidad Naval de la Secretar\u00eda de Marina; la directora del \u00c1rea de Coordinaci\u00f3n de la Coordinaci\u00f3n Sectorial de Fortalecimiento Acad\u00e9mico (Cosfac), Mar\u00eda Fernanda Mart\u00ednez Villegas; y el jefe del Departamento de Seguimiento Acad\u00e9mico a Modalidades Mixtas de la Direcci\u00f3n General de Bachilleratos, Fabi\u00e1n Acosta Arregu\u00edn, entre otros.<\/p>\n","protected":false},"excerpt":{"rendered":"<p>&#8211; Inaugur\u00f3 la Segunda Jornada Acad\u00e9mica Estatal Cecytech-TBC 2025, acompa\u00f1ado por el director general del Cecytech y coordinador estatal de los TBC, Luis Guadalupe Morales \u00c1ngeles\ufffd El gobernador Eduardo Ram\u00edrez Aguilar inaugur\u00f3 la Segunda Jornada Acad\u00e9mica Estatal Cecytech-TBC 2025, encuentro que re\u00fane a m\u00e1s de mil docentes del Colegio de Estudios Cient\u00edficos y Tecnol\u00f3gicos del [&hellip;]<\/p>\n","protected":false},"author":1,"featured_media":118025,"comment_status":"closed","ping_status":"closed","sticky":false,"template":"","format":"chat","meta":{"footnotes":""},"categories":[1],"tags":[],"class_list":["post-118022","post","type-post","status-publish","format-chat","has-post-thumbnail","hentry","category-general","post_format-post-format-chat"],"_links":{"self":[{"href":"https:\/\/elobservadorzonanorte.com.mx\/index.php?rest_route=\/wp\/v2\/posts\/118022","targetHints":{"allow":["GET"]}}],"collection":[{"href":"https:\/\/elobservadorzonanorte.com.mx\/index.php?rest_route=\/wp\/v2\/posts"}],"about":[{"href":"https:\/\/elobservadorzonanorte.com.mx\/index.php?rest_route=\/wp\/v2\/types\/post"}],"author":[{"embeddable":true,"href":"https:\/\/elobservadorzonanorte.com.mx\/index.php?rest_route=\/wp\/v2\/users\/1"}],"replies":[{"embeddable":true,"href":"https:\/\/elobservadorzonanorte.com.mx\/index.php?rest_route=%2Fwp%2Fv2%2Fcomments&post=118022"}],"version-history":[{"count":0,"href":"https:\/\/elobservadorzonanorte.com.mx\/index.php?rest_route=\/wp\/v2\/posts\/118022\/revisions"}],"wp:featuredmedia":[{"embeddable":true,"href":"https:\/\/elobservadorzonanorte.com.mx\/index.php?rest_route=\/wp\/v2\/media\/118025"}],"wp:attachment":[{"href":"https:\/\/elobservadorzonanorte.com.mx\/index.php?rest_route=%2Fwp%2Fv2%2Fmedia&parent=118022"}],"wp:term":[{"taxonomy":"category","embeddable":true,"href":"https:\/\/elobservadorzonanorte.com.mx\/index.php?rest_route=%2Fwp%2Fv2%2Fcategories&post=118022"},{"taxonomy":"post_tag","embeddable":true,"href":"https:\/\/elobservadorzonanorte.com.mx\/index.php?rest_route=%2Fwp%2Fv2%2Ftags&post=118022"}],"curies":[{"name":"wp","href":"https:\/\/api.w.org\/{rel}","templated":true}]}}