{"id":118016,"date":"2025-08-27T02:50:25","date_gmt":"2025-08-27T02:50:25","guid":{"rendered":"https:\/\/elobservadorzonanorte.com.mx\/?p=118016"},"modified":"2025-08-27T02:50:26","modified_gmt":"2025-08-27T02:50:26","slug":"te-gusta-cantar","status":"publish","type":"post","link":"https:\/\/elobservadorzonanorte.com.mx\/?p=118016","title":{"rendered":"\u00bfTe gusta cantar?"},"content":{"rendered":"\n<figure class=\"wp-block-image size-full\"><img decoding=\"async\" width=\"526\" height=\"597\" src=\"https:\/\/elobservadorzonanorte.com.mx\/wp-content\/uploads\/2025\/08\/538695642_3141887862646854_104534387365742173_n.jpg\" alt=\"\" class=\"wp-image-118017\" srcset=\"https:\/\/elobservadorzonanorte.com.mx\/wp-content\/uploads\/2025\/08\/538695642_3141887862646854_104534387365742173_n.jpg 526w, https:\/\/elobservadorzonanorte.com.mx\/wp-content\/uploads\/2025\/08\/538695642_3141887862646854_104534387365742173_n-264x300.jpg 264w\" sizes=\"(max-width: 526px) 100vw, 526px\" \/><\/figure>\n\n\n\n<p class=\"wp-block-paragraph\">\u00a1Este es tu momento de brillar!<\/p>\n\n\n\n<p class=\"wp-block-paragraph\">El Gobierno Municipal de Pichucalco, que preside el Mtro. Andr\u00e9s Carballo C\u00f3rdova, te invita a participar en el Concurso de Canto \u201cRa\u00edz, Arte y Naturaleza\u201d, una experiencia que celebra el talento vocal, la identidad cultural y el esp\u00edritu natural que nos define como pichucalque\u00f1os.<\/p>\n\n\n\n<p class=\"wp-block-paragraph\"><img decoding=\"async\" height=\"16\" width=\"16\" alt=\"\ud83d\udcc4\" src=\"https:\/\/static.xx.fbcdn.net\/images\/emoji.php\/v9\/tfd\/1\/16\/1f4c4.png\"> Consulta las bases completas aqu\u00ed:<\/p>\n\n\n\n<figure class=\"wp-block-embed\"><div class=\"wp-block-embed__wrapper\">\nhttps:\/\/drive.google.com\/&#8230;\/1mIv71IhKx7dHkaOH&#8230;\/view&#8230;\n<\/div><\/figure>\n\n\n\n<p class=\"wp-block-paragraph\"><img decoding=\"async\" height=\"16\" width=\"16\" alt=\"\ud83d\udcc5\" src=\"https:\/\/static.xx.fbcdn.net\/images\/emoji.php\/v9\/t7e\/1\/16\/1f4c5.png\"> Inscripciones abiertas del 27 de agosto al 9 de septiembre<\/p>\n\n\n\n<p class=\"wp-block-paragraph\"><img decoding=\"async\" height=\"16\" width=\"16\" alt=\"\ud83d\udd0a\" src=\"https:\/\/static.xx.fbcdn.net\/images\/emoji.php\/v9\/t3e\/1\/16\/1f50a.png\"> \u00a1Haz que Pichucalco te escuche!<\/p>\n\n\n\n<p class=\"wp-block-paragraph\"><a href=\"https:\/\/www.facebook.com\/hashtag\/ra%C3%ADzarteynaturaleza?__eep__=6&amp;__cft__[0]=AZUHYg2p262ylMz7oVnSAXmDiggVcDaeevYojn9FQCsWRp-FSgakVYIfK7c6EAhvY0kqVMx6sgAI-_0qi1bEWZWrFzUb7OW__pJqn0M6fSaEp79n1VWY7FyXaGgYBm5mpr-vvdJjnJUReT1yJp7OO22rYEPpO34zkRzy6HOJXmqWOGck6NUQnjzbMPPngBjAOyE&amp;__tn__=*NK-R\" target=\"_blank\" rel=\"noopener\">#Ra\u00edzArteYNaturaleza<\/a><a href=\"https:\/\/www.facebook.com\/hashtag\/talentopichucalque%C3%B1o?__eep__=6&amp;__cft__[0]=AZUHYg2p262ylMz7oVnSAXmDiggVcDaeevYojn9FQCsWRp-FSgakVYIfK7c6EAhvY0kqVMx6sgAI-_0qi1bEWZWrFzUb7OW__pJqn0M6fSaEp79n1VWY7FyXaGgYBm5mpr-vvdJjnJUReT1yJp7OO22rYEPpO34zkRzy6HOJXmqWOGck6NUQnjzbMPPngBjAOyE&amp;__tn__=*NK-R\" target=\"_blank\" rel=\"noopener\">#TalentoPichucalque\u00f1o<\/a><a href=\"https:\/\/www.facebook.com\/hashtag\/juventudqueinspira?__eep__=6&amp;__cft__[0]=AZUHYg2p262ylMz7oVnSAXmDiggVcDaeevYojn9FQCsWRp-FSgakVYIfK7c6EAhvY0kqVMx6sgAI-_0qi1bEWZWrFzUb7OW__pJqn0M6fSaEp79n1VWY7FyXaGgYBm5mpr-vvdJjnJUReT1yJp7OO22rYEPpO34zkRzy6HOJXmqWOGck6NUQnjzbMPPngBjAOyE&amp;__tn__=*NK-R\" target=\"_blank\" rel=\"noopener\">#JuventudQueInspira<\/a><a href=\"https:\/\/www.facebook.com\/hashtag\/juventudrecreaci%C3%B3nydeporte?__eep__=6&amp;__cft__[0]=AZUHYg2p262ylMz7oVnSAXmDiggVcDaeevYojn9FQCsWRp-FSgakVYIfK7c6EAhvY0kqVMx6sgAI-_0qi1bEWZWrFzUb7OW__pJqn0M6fSaEp79n1VWY7FyXaGgYBm5mpr-vvdJjnJUReT1yJp7OO22rYEPpO34zkRzy6HOJXmqWOGck6NUQnjzbMPPngBjAOyE&amp;__tn__=*NK-R\" target=\"_blank\" rel=\"noopener\">#JuventudRecreaci\u00f3nyDeporte<\/a><a href=\"https:\/\/www.facebook.com\/hashtag\/pichucalco?__eep__=6&amp;__cft__[0]=AZUHYg2p262ylMz7oVnSAXmDiggVcDaeevYojn9FQCsWRp-FSgakVYIfK7c6EAhvY0kqVMx6sgAI-_0qi1bEWZWrFzUb7OW__pJqn0M6fSaEp79n1VWY7FyXaGgYBm5mpr-vvdJjnJUReT1yJp7OO22rYEPpO34zkRzy6HOJXmqWOGck6NUQnjzbMPPngBjAOyE&amp;__tn__=*NK-R\" target=\"_blank\" rel=\"noopener\">#Pichucalco<\/a><a href=\"https:\/\/www.facebook.com\/hashtag\/accionesquecontribuyenalcambio?__eep__=6&amp;__cft__[0]=AZUHYg2p262ylMz7oVnSAXmDiggVcDaeevYojn9FQCsWRp-FSgakVYIfK7c6EAhvY0kqVMx6sgAI-_0qi1bEWZWrFzUb7OW__pJqn0M6fSaEp79n1VWY7FyXaGgYBm5mpr-vvdJjnJUReT1yJp7OO22rYEPpO34zkRzy6HOJXmqWOGck6NUQnjzbMPPngBjAOyE&amp;__tn__=*NK-R\" target=\"_blank\" rel=\"noopener\">#AccionesQueContribuyenAlCambio<\/a><\/p>\n","protected":false},"excerpt":{"rendered":"<p>\u00a1Este es tu momento de brillar! El Gobierno Municipal de Pichucalco, que preside el Mtro. Andr\u00e9s Carballo C\u00f3rdova, te invita a participar en el Concurso de Canto \u201cRa\u00edz, Arte y Naturaleza\u201d, una experiencia que celebra el talento vocal, la identidad cultural y el esp\u00edritu natural que nos define como pichucalque\u00f1os. Consulta las bases completas aqu\u00ed: [&hellip;]<\/p>\n","protected":false},"author":1,"featured_media":118017,"comment_status":"closed","ping_status":"closed","sticky":false,"template":"","format":"chat","meta":{"footnotes":""},"categories":[1],"tags":[],"class_list":["post-118016","post","type-post","status-publish","format-chat","has-post-thumbnail","hentry","category-general","post_format-post-format-chat"],"_links":{"self":[{"href":"https:\/\/elobservadorzonanorte.com.mx\/index.php?rest_route=\/wp\/v2\/posts\/118016","targetHints":{"allow":["GET"]}}],"collection":[{"href":"https:\/\/elobservadorzonanorte.com.mx\/index.php?rest_route=\/wp\/v2\/posts"}],"about":[{"href":"https:\/\/elobservadorzonanorte.com.mx\/index.php?rest_route=\/wp\/v2\/types\/post"}],"author":[{"embeddable":true,"href":"https:\/\/elobservadorzonanorte.com.mx\/index.php?rest_route=\/wp\/v2\/users\/1"}],"replies":[{"embeddable":true,"href":"https:\/\/elobservadorzonanorte.com.mx\/index.php?rest_route=%2Fwp%2Fv2%2Fcomments&post=118016"}],"version-history":[{"count":0,"href":"https:\/\/elobservadorzonanorte.com.mx\/index.php?rest_route=\/wp\/v2\/posts\/118016\/revisions"}],"wp:featuredmedia":[{"embeddable":true,"href":"https:\/\/elobservadorzonanorte.com.mx\/index.php?rest_route=\/wp\/v2\/media\/118017"}],"wp:attachment":[{"href":"https:\/\/elobservadorzonanorte.com.mx\/index.php?rest_route=%2Fwp%2Fv2%2Fmedia&parent=118016"}],"wp:term":[{"taxonomy":"category","embeddable":true,"href":"https:\/\/elobservadorzonanorte.com.mx\/index.php?rest_route=%2Fwp%2Fv2%2Fcategories&post=118016"},{"taxonomy":"post_tag","embeddable":true,"href":"https:\/\/elobservadorzonanorte.com.mx\/index.php?rest_route=%2Fwp%2Fv2%2Ftags&post=118016"}],"curies":[{"name":"wp","href":"https:\/\/api.w.org\/{rel}","templated":true}]}}