{"id":117989,"date":"2025-08-27T02:47:11","date_gmt":"2025-08-27T02:47:11","guid":{"rendered":"https:\/\/elobservadorzonanorte.com.mx\/?p=117989"},"modified":"2025-08-27T02:47:12","modified_gmt":"2025-08-27T02:47:12","slug":"porque-cuidar-de-quienes-nos-dieron-tanto-tambien-es-un-acto-de-amor","status":"publish","type":"post","link":"https:\/\/elobservadorzonanorte.com.mx\/?p=117989","title":{"rendered":"\u00a1\u00a1Porque cuidar de quienes nos dieron tanto, tambi\u00e9n es un acto de amor!!"},"content":{"rendered":"\n<figure class=\"wp-block-image size-full\"><img decoding=\"async\" width=\"593\" height=\"395\" src=\"https:\/\/elobservadorzonanorte.com.mx\/wp-content\/uploads\/2025\/08\/539600993_3141701575998816_5493911155323008528_n.jpg\" alt=\"\" class=\"wp-image-117990\" srcset=\"https:\/\/elobservadorzonanorte.com.mx\/wp-content\/uploads\/2025\/08\/539600993_3141701575998816_5493911155323008528_n.jpg 593w, https:\/\/elobservadorzonanorte.com.mx\/wp-content\/uploads\/2025\/08\/539600993_3141701575998816_5493911155323008528_n-300x200.jpg 300w\" sizes=\"(max-width: 593px) 100vw, 593px\" \/><\/figure>\n\n\n\n<figure class=\"wp-block-image size-full\"><img decoding=\"async\" width=\"593\" height=\"395\" src=\"https:\/\/elobservadorzonanorte.com.mx\/wp-content\/uploads\/2025\/08\/539441763_3141701675998806_696885092895159691_n.jpg\" alt=\"\" class=\"wp-image-117991\" srcset=\"https:\/\/elobservadorzonanorte.com.mx\/wp-content\/uploads\/2025\/08\/539441763_3141701675998806_696885092895159691_n.jpg 593w, https:\/\/elobservadorzonanorte.com.mx\/wp-content\/uploads\/2025\/08\/539441763_3141701675998806_696885092895159691_n-300x200.jpg 300w\" sizes=\"(max-width: 593px) 100vw, 593px\" \/><\/figure>\n\n\n\n<figure class=\"wp-block-image size-full\"><img decoding=\"async\" width=\"593\" height=\"395\" src=\"https:\/\/elobservadorzonanorte.com.mx\/wp-content\/uploads\/2025\/08\/539439003_3141701642665476_7679767934578074753_n.jpg\" alt=\"\" class=\"wp-image-117992\" srcset=\"https:\/\/elobservadorzonanorte.com.mx\/wp-content\/uploads\/2025\/08\/539439003_3141701642665476_7679767934578074753_n.jpg 593w, https:\/\/elobservadorzonanorte.com.mx\/wp-content\/uploads\/2025\/08\/539439003_3141701642665476_7679767934578074753_n-300x200.jpg 300w\" sizes=\"(max-width: 593px) 100vw, 593px\" \/><\/figure>\n\n\n\n<figure class=\"wp-block-image size-full\"><img decoding=\"async\" width=\"593\" height=\"395\" src=\"https:\/\/elobservadorzonanorte.com.mx\/wp-content\/uploads\/2025\/08\/539464798_3141701732665467_2936877552955043912_n.jpg\" alt=\"\" class=\"wp-image-117993\" srcset=\"https:\/\/elobservadorzonanorte.com.mx\/wp-content\/uploads\/2025\/08\/539464798_3141701732665467_2936877552955043912_n.jpg 593w, https:\/\/elobservadorzonanorte.com.mx\/wp-content\/uploads\/2025\/08\/539464798_3141701732665467_2936877552955043912_n-300x200.jpg 300w\" sizes=\"(max-width: 593px) 100vw, 593px\" \/><\/figure>\n\n\n\n<p class=\"wp-block-paragraph\">El Presidente Municipal <a href=\"https:\/\/www.facebook.com\/OscarSerra5055233?__cft__[0]=AZUC0QtwOZIG7qkYi5sb_aKPOsOzPdq4OIErWwyIe3E3LNKiybCgO4TU1D-9LaWbzHw6xAaryvn0u-lrUXrUahoOhAJOkVfXTWn6x3gAhPgxuLZWT4xtEloDThSKSfg3PZkaWZfLCDHVJ6wQFVigY673A48I_nYjxX1Fv5x8bcDyeKNUeC10FRTYwNfBF3sLLAg&amp;__tn__=-]K-R\" target=\"_blank\" rel=\"noopener\">Oscar Serra Cantoral<\/a> acompa\u00f1ado de la S\u00edndico Municipal y regidores, llev\u00f3 a cabo la entrega de insumos del programa de ayuda alimentaria en beneficio de nuestros Adultos Mayores.<\/p>\n\n\n\n<p class=\"wp-block-paragraph\">En su mensaje, el edil record\u00f3 que en el 2005, cu\u00e1ndo por fue alcalde de la ciudad por primera vez, impuls\u00f3 un programa de <a href=\"https:\/\/www.facebook.com\/hashtag\/ayudaalimentaria?__eep__=6&amp;__cft__[0]=AZUC0QtwOZIG7qkYi5sb_aKPOsOzPdq4OIErWwyIe3E3LNKiybCgO4TU1D-9LaWbzHw6xAaryvn0u-lrUXrUahoOhAJOkVfXTWn6x3gAhPgxuLZWT4xtEloDThSKSfg3PZkaWZfLCDHVJ6wQFVigY673A48I_nYjxX1Fv5x8bcDyeKNUeC10FRTYwNfBF3sLLAg&amp;__tn__=*NK-R\" target=\"_blank\" rel=\"noopener\">#AyudaAlimentaria<\/a> en beneficio de los adultos mayores. Y que hoy, 20 a\u00f1os despu\u00e9s y en este su cuarto periodo como Presidente Municipal, este programa a\u00fan sigue vigente.<\/p>\n\n\n\n<p class=\"wp-block-paragraph\">No fue un discurso pol\u00edtico, ni mucho menos una promesa de campa\u00f1a, si no m\u00e1s bien, fue un compromiso con quienes nos han ayudado con su experiencia, trabajo y fortaleza a construir un Ju\u00e1rez mucho mejor, que al que a ellos les vio nacer, agreg\u00f3.<\/p>\n\n\n\n<p class=\"wp-block-paragraph\">Agradeci\u00f3 a su esposa Sonia Calcaneo Montellano Presidenta honoraria del DIF Municipal Ju\u00e1rez, Chiapas 2024-2027, por su sensibilidad, compromiso y cari\u00f1o hacia nuestros adultos mayores. Y dijo, que gracias al manejo responsable de los recursos asignados al DIF, ha hecho posible la entrega de estas ayudas, adem\u00e1s de compartirmos un rico y sabroso refrigerio. Sin duda alguna su apoyo es fundamental para seguir construyendo una comunidad m\u00e1s solidaria y cercana.<\/p>\n\n\n\n<p class=\"wp-block-paragraph\">Cada despensa incluye productos de la canasta b\u00e1sica como arroz, maseca, avena, at\u00fan, frijol y otros alimentos que contribuyen a una alimentaci\u00f3n digna y balanceada.<\/p>\n\n\n\n<p class=\"wp-block-paragraph\">En este acto, se cont\u00f3 con la presencia de la Directora del DIF Municipal Mercedes \u00c1lvarez Rodr\u00edguez en representaci\u00f3n de la presidenta de dicha instituci\u00f3n.<\/p>\n\n\n\n<p class=\"wp-block-paragraph\"><a href=\"https:\/\/www.facebook.com\/hashtag\/sig%C3%A1moslohaciendojuntos?__eep__=6&amp;__cft__[0]=AZUC0QtwOZIG7qkYi5sb_aKPOsOzPdq4OIErWwyIe3E3LNKiybCgO4TU1D-9LaWbzHw6xAaryvn0u-lrUXrUahoOhAJOkVfXTWn6x3gAhPgxuLZWT4xtEloDThSKSfg3PZkaWZfLCDHVJ6wQFVigY673A48I_nYjxX1Fv5x8bcDyeKNUeC10FRTYwNfBF3sLLAg&amp;__tn__=*NK-R\" target=\"_blank\" rel=\"noopener\">#Sig\u00e1mosloHaciendoJuntos<\/a><\/p>\n\n\n\n<p class=\"wp-block-paragraph\"><a href=\"https:\/\/www.facebook.com\/hashtag\/humanismoquetransforma?__eep__=6&amp;__cft__[0]=AZUC0QtwOZIG7qkYi5sb_aKPOsOzPdq4OIErWwyIe3E3LNKiybCgO4TU1D-9LaWbzHw6xAaryvn0u-lrUXrUahoOhAJOkVfXTWn6x3gAhPgxuLZWT4xtEloDThSKSfg3PZkaWZfLCDHVJ6wQFVigY673A48I_nYjxX1Fv5x8bcDyeKNUeC10FRTYwNfBF3sLLAg&amp;__tn__=*NK-R\" target=\"_blank\" rel=\"noopener\">#HumanismoQueTransforma<\/a><\/p>\n\n\n\n<p class=\"wp-block-paragraph\"><a href=\"https:\/\/www.facebook.com\/hashtag\/siemprecontigo?__eep__=6&amp;__cft__[0]=AZUC0QtwOZIG7qkYi5sb_aKPOsOzPdq4OIErWwyIe3E3LNKiybCgO4TU1D-9LaWbzHw6xAaryvn0u-lrUXrUahoOhAJOkVfXTWn6x3gAhPgxuLZWT4xtEloDThSKSfg3PZkaWZfLCDHVJ6wQFVigY673A48I_nYjxX1Fv5x8bcDyeKNUeC10FRTYwNfBF3sLLAg&amp;__tn__=*NK-R\" target=\"_blank\" rel=\"noopener\">#SiempreContigo<\/a><\/p>\n\n\n\n<p class=\"wp-block-paragraph\"><a href=\"https:\/\/www.facebook.com\/EduardoRamirezSenador?__cft__[0]=AZUC0QtwOZIG7qkYi5sb_aKPOsOzPdq4OIErWwyIe3E3LNKiybCgO4TU1D-9LaWbzHw6xAaryvn0u-lrUXrUahoOhAJOkVfXTWn6x3gAhPgxuLZWT4xtEloDThSKSfg3PZkaWZfLCDHVJ6wQFVigY673A48I_nYjxX1Fv5x8bcDyeKNUeC10FRTYwNfBF3sLLAg&amp;__tn__=-]K-R\" target=\"_blank\" rel=\"noopener\">Eduardo Ram\u00edrez<\/a><\/p>\n","protected":false},"excerpt":{"rendered":"<p>El Presidente Municipal Oscar Serra Cantoral acompa\u00f1ado de la S\u00edndico Municipal y regidores, llev\u00f3 a cabo la entrega de insumos del programa de ayuda alimentaria en beneficio de nuestros Adultos Mayores. En su mensaje, el edil record\u00f3 que en el 2005, cu\u00e1ndo por fue alcalde de la ciudad por primera vez, impuls\u00f3 un programa de [&hellip;]<\/p>\n","protected":false},"author":1,"featured_media":117990,"comment_status":"closed","ping_status":"closed","sticky":false,"template":"","format":"chat","meta":{"footnotes":""},"categories":[1],"tags":[],"class_list":["post-117989","post","type-post","status-publish","format-chat","has-post-thumbnail","hentry","category-general","post_format-post-format-chat"],"_links":{"self":[{"href":"https:\/\/elobservadorzonanorte.com.mx\/index.php?rest_route=\/wp\/v2\/posts\/117989","targetHints":{"allow":["GET"]}}],"collection":[{"href":"https:\/\/elobservadorzonanorte.com.mx\/index.php?rest_route=\/wp\/v2\/posts"}],"about":[{"href":"https:\/\/elobservadorzonanorte.com.mx\/index.php?rest_route=\/wp\/v2\/types\/post"}],"author":[{"embeddable":true,"href":"https:\/\/elobservadorzonanorte.com.mx\/index.php?rest_route=\/wp\/v2\/users\/1"}],"replies":[{"embeddable":true,"href":"https:\/\/elobservadorzonanorte.com.mx\/index.php?rest_route=%2Fwp%2Fv2%2Fcomments&post=117989"}],"version-history":[{"count":0,"href":"https:\/\/elobservadorzonanorte.com.mx\/index.php?rest_route=\/wp\/v2\/posts\/117989\/revisions"}],"wp:featuredmedia":[{"embeddable":true,"href":"https:\/\/elobservadorzonanorte.com.mx\/index.php?rest_route=\/wp\/v2\/media\/117990"}],"wp:attachment":[{"href":"https:\/\/elobservadorzonanorte.com.mx\/index.php?rest_route=%2Fwp%2Fv2%2Fmedia&parent=117989"}],"wp:term":[{"taxonomy":"category","embeddable":true,"href":"https:\/\/elobservadorzonanorte.com.mx\/index.php?rest_route=%2Fwp%2Fv2%2Fcategories&post=117989"},{"taxonomy":"post_tag","embeddable":true,"href":"https:\/\/elobservadorzonanorte.com.mx\/index.php?rest_route=%2Fwp%2Fv2%2Ftags&post=117989"}],"curies":[{"name":"wp","href":"https:\/\/api.w.org\/{rel}","templated":true}]}}