{"id":117973,"date":"2025-08-26T05:01:25","date_gmt":"2025-08-26T05:01:25","guid":{"rendered":"https:\/\/elobservadorzonanorte.com.mx\/?p=117973"},"modified":"2025-08-26T05:01:26","modified_gmt":"2025-08-26T05:01:26","slug":"conmemora-el-dia-naranja-un-dia-para-reflexionar-hacer-conciencia-y-levantar-la-voz-contra-la-violencia-hacia-mujeres-y-ninas","status":"publish","type":"post","link":"https:\/\/elobservadorzonanorte.com.mx\/?p=117973","title":{"rendered":"Conmemora el D\u00eda Naranja, un d\u00eda para reflexionar, hacer conciencia y levantar la voz contra la violencia hacia mujeres y ni\u00f1as."},"content":{"rendered":"\n<figure class=\"wp-block-image size-full\"><img decoding=\"async\" width=\"514\" height=\"565\" src=\"https:\/\/elobservadorzonanorte.com.mx\/wp-content\/uploads\/2025\/08\/539608283_3141060382729602_1575475221540480409_n.jpg\" alt=\"\" class=\"wp-image-117974\" srcset=\"https:\/\/elobservadorzonanorte.com.mx\/wp-content\/uploads\/2025\/08\/539608283_3141060382729602_1575475221540480409_n.jpg 514w, https:\/\/elobservadorzonanorte.com.mx\/wp-content\/uploads\/2025\/08\/539608283_3141060382729602_1575475221540480409_n-273x300.jpg 273w\" sizes=\"(max-width: 514px) 100vw, 514px\" \/><\/figure>\n\n\n\n<p class=\"wp-block-paragraph\">Desde el Dif Amat\u00e1n 2024-2027, queremos recordar que la paz y el respeto comienzan en cada hogar, en cada familia y en cada espacio donde convivimos. El D\u00eda Naranja no es solo una fecha en el calendario: es un llamado a unirnos como sociedad para promover la igualdad, la empat\u00eda y la protecci\u00f3n de los derechos humanos.<\/p>\n\n\n\n<p class=\"wp-block-paragraph\">La violencia no debe ser parte de nuestra vida diaria. Romper el silencio es un acto de valent\u00eda, y construir un futuro libre de violencia es responsabilidad de todas y todos. Cada palabra que decimos, cada acci\u00f3n que realizamos, puede marcar la diferencia para alguien que hoy necesita apoyo.<\/p>\n\n\n\n<p class=\"wp-block-paragraph\">Hoy vestimos de naranja no solo como un s\u00edmbolo, sino como un compromiso. Porque un mundo sin violencia es posible, y juntos podemos lograrlo.<\/p>\n\n\n\n<p class=\"wp-block-paragraph\">El DIF Amat\u00e1n reafirma su compromiso con las familias, con la ni\u00f1ez, con las mujeres y con cada persona que merece vivir en un entorno seguro, justo y lleno de esperanza.<\/p>\n\n\n\n<p class=\"wp-block-paragraph\">Este 25, y cada 25, digamos fuerte y claro: \u00a1No m\u00e1s violencia! <img decoding=\"async\" height=\"16\" width=\"16\" alt=\"\ud83e\udde1\" src=\"https:\/\/static.xx.fbcdn.net\/images\/emoji.php\/v9\/tfd\/1\/16\/1f9e1.png\"><\/p>\n\n\n\n<p class=\"wp-block-paragraph\"><a href=\"https:\/\/www.facebook.com\/hashtag\/d%C3%ADanaranja?__eep__=6&amp;__cft__[0]=AZW6f71mv3wKNt6RHg_cM1PPRKAhLmKfEKdE0un5oaGFuMfJZAEb59lMJmBWYU8xMd4zVijrOWxKr58F7RHtIvat-sDYDJ6yxepV3J7lNBAIgJlyMr5tRQARsRJyua67VjLsrgQpJDCBZZwmzljGMwEeWvULkPuwJCU1Wbsh7DRsOTRxzWiPkmSg6cGX_EZF0I8&amp;__tn__=*NK-R\" target=\"_blank\" rel=\"noopener\">#D\u00edaNaranja<\/a><img decoding=\"async\" height=\"16\" width=\"16\" alt=\"\ud83e\udde1\" src=\"https:\/\/static.xx.fbcdn.net\/images\/emoji.php\/v9\/tfd\/1\/16\/1f9e1.png\"><a href=\"https:\/\/www.facebook.com\/hashtag\/25decadames?__eep__=6&amp;__cft__[0]=AZW6f71mv3wKNt6RHg_cM1PPRKAhLmKfEKdE0un5oaGFuMfJZAEb59lMJmBWYU8xMd4zVijrOWxKr58F7RHtIvat-sDYDJ6yxepV3J7lNBAIgJlyMr5tRQARsRJyua67VjLsrgQpJDCBZZwmzljGMwEeWvULkPuwJCU1Wbsh7DRsOTRxzWiPkmSg6cGX_EZF0I8&amp;__tn__=*NK-R\" target=\"_blank\" rel=\"noopener\">#25DeCadaMes<\/a><a href=\"https:\/\/www.facebook.com\/hashtag\/difamat%C3%A1n?__eep__=6&amp;__cft__[0]=AZW6f71mv3wKNt6RHg_cM1PPRKAhLmKfEKdE0un5oaGFuMfJZAEb59lMJmBWYU8xMd4zVijrOWxKr58F7RHtIvat-sDYDJ6yxepV3J7lNBAIgJlyMr5tRQARsRJyua67VjLsrgQpJDCBZZwmzljGMwEeWvULkPuwJCU1Wbsh7DRsOTRxzWiPkmSg6cGX_EZF0I8&amp;__tn__=*NK-R\" target=\"_blank\" rel=\"noopener\">#DIFAmat\u00e1n<\/a><a href=\"https:\/\/www.facebook.com\/hashtag\/altoalaviolencia?__eep__=6&amp;__cft__[0]=AZW6f71mv3wKNt6RHg_cM1PPRKAhLmKfEKdE0un5oaGFuMfJZAEb59lMJmBWYU8xMd4zVijrOWxKr58F7RHtIvat-sDYDJ6yxepV3J7lNBAIgJlyMr5tRQARsRJyua67VjLsrgQpJDCBZZwmzljGMwEeWvULkPuwJCU1Wbsh7DRsOTRxzWiPkmSg6cGX_EZF0I8&amp;__tn__=*NK-R\" target=\"_blank\" rel=\"noopener\">#AltoALaViolencia<\/a><a href=\"https:\/\/www.facebook.com\/hashtag\/nom%C3%A1sviolencia?__eep__=6&amp;__cft__[0]=AZW6f71mv3wKNt6RHg_cM1PPRKAhLmKfEKdE0un5oaGFuMfJZAEb59lMJmBWYU8xMd4zVijrOWxKr58F7RHtIvat-sDYDJ6yxepV3J7lNBAIgJlyMr5tRQARsRJyua67VjLsrgQpJDCBZZwmzljGMwEeWvULkPuwJCU1Wbsh7DRsOTRxzWiPkmSg6cGX_EZF0I8&amp;__tn__=*NK-R\" target=\"_blank\" rel=\"noopener\">#NoM\u00e1sViolencia<\/a><a href=\"https:\/\/www.facebook.com\/hashtag\/respeto?__eep__=6&amp;__cft__[0]=AZW6f71mv3wKNt6RHg_cM1PPRKAhLmKfEKdE0un5oaGFuMfJZAEb59lMJmBWYU8xMd4zVijrOWxKr58F7RHtIvat-sDYDJ6yxepV3J7lNBAIgJlyMr5tRQARsRJyua67VjLsrgQpJDCBZZwmzljGMwEeWvULkPuwJCU1Wbsh7DRsOTRxzWiPkmSg6cGX_EZF0I8&amp;__tn__=*NK-R\" target=\"_blank\" rel=\"noopener\">#Respeto<\/a><a href=\"https:\/\/www.facebook.com\/hashtag\/unidosporlapaz?__eep__=6&amp;__cft__[0]=AZW6f71mv3wKNt6RHg_cM1PPRKAhLmKfEKdE0un5oaGFuMfJZAEb59lMJmBWYU8xMd4zVijrOWxKr58F7RHtIvat-sDYDJ6yxepV3J7lNBAIgJlyMr5tRQARsRJyua67VjLsrgQpJDCBZZwmzljGMwEeWvULkPuwJCU1Wbsh7DRsOTRxzWiPkmSg6cGX_EZF0I8&amp;__tn__=*NK-R\" target=\"_blank\" rel=\"noopener\">#UnidosPorLaPaz<\/a><a href=\"https:\/\/www.facebook.com\/hashtag\/amat%C3%A1nsinviolencia?__eep__=6&amp;__cft__[0]=AZW6f71mv3wKNt6RHg_cM1PPRKAhLmKfEKdE0un5oaGFuMfJZAEb59lMJmBWYU8xMd4zVijrOWxKr58F7RHtIvat-sDYDJ6yxepV3J7lNBAIgJlyMr5tRQARsRJyua67VjLsrgQpJDCBZZwmzljGMwEeWvULkPuwJCU1Wbsh7DRsOTRxzWiPkmSg6cGX_EZF0I8&amp;__tn__=*NK-R\" target=\"_blank\" rel=\"noopener\">#Amat\u00e1nSinViolencia<\/a><a href=\"https:\/\/www.facebook.com\/hashtag\/conscienciacolectiva?__eep__=6&amp;__cft__[0]=AZW6f71mv3wKNt6RHg_cM1PPRKAhLmKfEKdE0un5oaGFuMfJZAEb59lMJmBWYU8xMd4zVijrOWxKr58F7RHtIvat-sDYDJ6yxepV3J7lNBAIgJlyMr5tRQARsRJyua67VjLsrgQpJDCBZZwmzljGMwEeWvULkPuwJCU1Wbsh7DRsOTRxzWiPkmSg6cGX_EZF0I8&amp;__tn__=*NK-R\" target=\"_blank\" rel=\"noopener\">#ConscienciaColectiva<\/a><a href=\"https:\/\/www.facebook.com\/hashtag\/igualdad?__eep__=6&amp;__cft__[0]=AZW6f71mv3wKNt6RHg_cM1PPRKAhLmKfEKdE0un5oaGFuMfJZAEb59lMJmBWYU8xMd4zVijrOWxKr58F7RHtIvat-sDYDJ6yxepV3J7lNBAIgJlyMr5tRQARsRJyua67VjLsrgQpJDCBZZwmzljGMwEeWvULkPuwJCU1Wbsh7DRsOTRxzWiPkmSg6cGX_EZF0I8&amp;__tn__=*NK-R\" target=\"_blank\" rel=\"noopener\">#Igualdad<\/a><a href=\"https:\/\/www.facebook.com\/hashtag\/familiasfuertes?__eep__=6&amp;__cft__[0]=AZW6f71mv3wKNt6RHg_cM1PPRKAhLmKfEKdE0un5oaGFuMfJZAEb59lMJmBWYU8xMd4zVijrOWxKr58F7RHtIvat-sDYDJ6yxepV3J7lNBAIgJlyMr5tRQARsRJyua67VjLsrgQpJDCBZZwmzljGMwEeWvULkPuwJCU1Wbsh7DRsOTRxzWiPkmSg6cGX_EZF0I8&amp;__tn__=*NK-R\" target=\"_blank\" rel=\"noopener\">#FamiliasFuertes<\/a><\/p>\n","protected":false},"excerpt":{"rendered":"<p>Desde el Dif Amat\u00e1n 2024-2027, queremos recordar que la paz y el respeto comienzan en cada hogar, en cada familia y en cada espacio donde convivimos. El D\u00eda Naranja no es solo una fecha en el calendario: es un llamado a unirnos como sociedad para promover la igualdad, la empat\u00eda y la protecci\u00f3n de los [&hellip;]<\/p>\n","protected":false},"author":1,"featured_media":117974,"comment_status":"closed","ping_status":"closed","sticky":false,"template":"","format":"chat","meta":{"footnotes":""},"categories":[1],"tags":[],"class_list":["post-117973","post","type-post","status-publish","format-chat","has-post-thumbnail","hentry","category-general","post_format-post-format-chat"],"_links":{"self":[{"href":"https:\/\/elobservadorzonanorte.com.mx\/index.php?rest_route=\/wp\/v2\/posts\/117973","targetHints":{"allow":["GET"]}}],"collection":[{"href":"https:\/\/elobservadorzonanorte.com.mx\/index.php?rest_route=\/wp\/v2\/posts"}],"about":[{"href":"https:\/\/elobservadorzonanorte.com.mx\/index.php?rest_route=\/wp\/v2\/types\/post"}],"author":[{"embeddable":true,"href":"https:\/\/elobservadorzonanorte.com.mx\/index.php?rest_route=\/wp\/v2\/users\/1"}],"replies":[{"embeddable":true,"href":"https:\/\/elobservadorzonanorte.com.mx\/index.php?rest_route=%2Fwp%2Fv2%2Fcomments&post=117973"}],"version-history":[{"count":0,"href":"https:\/\/elobservadorzonanorte.com.mx\/index.php?rest_route=\/wp\/v2\/posts\/117973\/revisions"}],"wp:featuredmedia":[{"embeddable":true,"href":"https:\/\/elobservadorzonanorte.com.mx\/index.php?rest_route=\/wp\/v2\/media\/117974"}],"wp:attachment":[{"href":"https:\/\/elobservadorzonanorte.com.mx\/index.php?rest_route=%2Fwp%2Fv2%2Fmedia&parent=117973"}],"wp:term":[{"taxonomy":"category","embeddable":true,"href":"https:\/\/elobservadorzonanorte.com.mx\/index.php?rest_route=%2Fwp%2Fv2%2Fcategories&post=117973"},{"taxonomy":"post_tag","embeddable":true,"href":"https:\/\/elobservadorzonanorte.com.mx\/index.php?rest_route=%2Fwp%2Fv2%2Ftags&post=117973"}],"curies":[{"name":"wp","href":"https:\/\/api.w.org\/{rel}","templated":true}]}}