{"id":117967,"date":"2025-08-26T04:58:20","date_gmt":"2025-08-26T04:58:20","guid":{"rendered":"https:\/\/elobservadorzonanorte.com.mx\/?p=117967"},"modified":"2025-08-26T05:01:08","modified_gmt":"2025-08-26T05:01:08","slug":"mexico-y-chiapas-unidos-por-la-accion-climatica","status":"publish","type":"post","link":"https:\/\/elobservadorzonanorte.com.mx\/?p=117967","title":{"rendered":"M\u00e9xico y Chiapas, unidos por la acci\u00f3n clim\u00e1tica"},"content":{"rendered":"\n<figure class=\"wp-block-image size-full\"><img decoding=\"async\" width=\"450\" height=\"600\" src=\"https:\/\/elobservadorzonanorte.com.mx\/wp-content\/uploads\/2025\/08\/539201494_3141057529396554_1379950142108462470_n.jpg\" alt=\"\" class=\"wp-image-117968\" srcset=\"https:\/\/elobservadorzonanorte.com.mx\/wp-content\/uploads\/2025\/08\/539201494_3141057529396554_1379950142108462470_n.jpg 450w, https:\/\/elobservadorzonanorte.com.mx\/wp-content\/uploads\/2025\/08\/539201494_3141057529396554_1379950142108462470_n-225x300.jpg 225w\" sizes=\"(max-width: 450px) 100vw, 450px\" \/><\/figure>\n\n\n\n<figure class=\"wp-block-image size-full\"><img decoding=\"async\" width=\"450\" height=\"600\" src=\"https:\/\/elobservadorzonanorte.com.mx\/wp-content\/uploads\/2025\/08\/539173425_3141057566063217_7909774201580325345_n.jpg\" alt=\"\" class=\"wp-image-117969\" srcset=\"https:\/\/elobservadorzonanorte.com.mx\/wp-content\/uploads\/2025\/08\/539173425_3141057566063217_7909774201580325345_n.jpg 450w, https:\/\/elobservadorzonanorte.com.mx\/wp-content\/uploads\/2025\/08\/539173425_3141057566063217_7909774201580325345_n-225x300.jpg 225w\" sizes=\"(max-width: 450px) 100vw, 450px\" \/><\/figure>\n\n\n\n<figure class=\"wp-block-image size-full\"><img decoding=\"async\" width=\"600\" height=\"450\" src=\"https:\/\/elobservadorzonanorte.com.mx\/wp-content\/uploads\/2025\/08\/540246451_3141057649396542_8313536983938420847_n.jpg\" alt=\"\" class=\"wp-image-117970\" srcset=\"https:\/\/elobservadorzonanorte.com.mx\/wp-content\/uploads\/2025\/08\/540246451_3141057649396542_8313536983938420847_n.jpg 600w, https:\/\/elobservadorzonanorte.com.mx\/wp-content\/uploads\/2025\/08\/540246451_3141057649396542_8313536983938420847_n-300x225.jpg 300w\" sizes=\"(max-width: 600px) 100vw, 600px\" \/><\/figure>\n\n\n\n<figure class=\"wp-block-image size-full\"><img decoding=\"async\" width=\"600\" height=\"450\" src=\"https:\/\/elobservadorzonanorte.com.mx\/wp-content\/uploads\/2025\/08\/539885801_3141057699396537_4146014449774140881_n.jpg\" alt=\"\" class=\"wp-image-117971\" srcset=\"https:\/\/elobservadorzonanorte.com.mx\/wp-content\/uploads\/2025\/08\/539885801_3141057699396537_4146014449774140881_n.jpg 600w, https:\/\/elobservadorzonanorte.com.mx\/wp-content\/uploads\/2025\/08\/539885801_3141057699396537_4146014449774140881_n-300x225.jpg 300w\" sizes=\"(max-width: 600px) 100vw, 600px\" \/><\/figure>\n\n\n\n<p class=\"wp-block-paragraph\">En la Ciudad de M\u00e9xico dio inicio la Reuni\u00f3n Ministerial de Am\u00e9rica Latina y el Caribe para la Implementaci\u00f3n de una Acci\u00f3n Clim\u00e1tica Regional, encabezada por la Dra. Alicia B\u00e1rcena Ibarra, Secretaria de Medio Ambiente y Recursos Naturales de M\u00e9xico y Andr\u00e9 Corr\u00eaa do Lago,Presidente designado de la Conferencia de las Naciones Unidas <a href=\"https:\/\/www.facebook.com\/hashtag\/onu?__eep__=6&amp;__cft__[0]=AZVsh4YJzu7sHqbXTidBq1blpAzwDB-Og8Rs3S3E9F6_p8Q7a7oI34ROmTVsP6w0vLCyjlByt8jZRwVw6w3QaIS3a2vEGAyF5aWJ_agAE2--RG3ybT5haY55K1o3ZyBDfSo5i2EiKQQBqBymhqSXAW334cyq-GL7iv23QUm7wplw8rqZa_JVJFe4jovM6v_3r3Y&amp;__tn__=*NK-R\" target=\"_blank\" rel=\"noopener\">#ONU<\/a> sobre el Cambio Clim\u00e1tico <a href=\"https:\/\/www.facebook.com\/hashtag\/cop30?__eep__=6&amp;__cft__[0]=AZVsh4YJzu7sHqbXTidBq1blpAzwDB-Og8Rs3S3E9F6_p8Q7a7oI34ROmTVsP6w0vLCyjlByt8jZRwVw6w3QaIS3a2vEGAyF5aWJ_agAE2--RG3ybT5haY55K1o3ZyBDfSo5i2EiKQQBqBymhqSXAW334cyq-GL7iv23QUm7wplw8rqZa_JVJFe4jovM6v_3r3Y&amp;__tn__=*NK-R\" target=\"_blank\" rel=\"noopener\">#COP30<\/a>, con la presencia de la Presidenta de M\u00e9xico, Claudia Sheinbaum Pardo. <img decoding=\"async\" height=\"16\" width=\"16\" src=\"https:\/\/static.xx.fbcdn.net\/images\/emoji.php\/v9\/t50\/1\/16\/1f1f2_1f1fd.png\" alt=\"\ud83c\uddf2\ud83c\uddfd\"><\/p>\n\n\n\n<p class=\"wp-block-paragraph\">En este espacio internacional participa nuestra titular, la Mtra. Magdalena Torres Abarca, quien subray\u00f3 que el prop\u00f3sito de este encuentro es fortalecer el liderazgo de la regi\u00f3n y su contribuci\u00f3n en una coyuntura clave del r\u00e9gimen clim\u00e1tico internacional rumbo a la COP30.<\/p>\n\n\n\n<p class=\"wp-block-paragraph\">Los liderazgos aqu\u00ed reunidos reconocen el trabajo que surge desde las comunidades, quienes protegen los ecosistemas, enfrentan las amenazas globales y construyen soluciones colectivas.<\/p>\n\n\n\n<p class=\"wp-block-paragraph\">Chiapas se consolida como un referente nacional e internacional con acciones firmes frente al cambio clim\u00e1tico.<\/p>\n\n\n\n<p class=\"wp-block-paragraph\"><a href=\"https:\/\/www.facebook.com\/hashtag\/somosmedioambiente?__eep__=6&amp;__cft__[0]=AZVsh4YJzu7sHqbXTidBq1blpAzwDB-Og8Rs3S3E9F6_p8Q7a7oI34ROmTVsP6w0vLCyjlByt8jZRwVw6w3QaIS3a2vEGAyF5aWJ_agAE2--RG3ybT5haY55K1o3ZyBDfSo5i2EiKQQBqBymhqSXAW334cyq-GL7iv23QUm7wplw8rqZa_JVJFe4jovM6v_3r3Y&amp;__tn__=*NK-R\" target=\"_blank\" rel=\"noopener\">#SomosMedioAmbiente<\/a><a href=\"https:\/\/www.facebook.com\/hashtag\/chiapasconconcienciaambiental?__eep__=6&amp;__cft__[0]=AZVsh4YJzu7sHqbXTidBq1blpAzwDB-Og8Rs3S3E9F6_p8Q7a7oI34ROmTVsP6w0vLCyjlByt8jZRwVw6w3QaIS3a2vEGAyF5aWJ_agAE2--RG3ybT5haY55K1o3ZyBDfSo5i2EiKQQBqBymhqSXAW334cyq-GL7iv23QUm7wplw8rqZa_JVJFe4jovM6v_3r3Y&amp;__tn__=*NK-R\" target=\"_blank\" rel=\"noopener\">#ChiapasConConcienciaAmbiental<\/a><a href=\"https:\/\/www.facebook.com\/hashtag\/cop30?__eep__=6&amp;__cft__[0]=AZVsh4YJzu7sHqbXTidBq1blpAzwDB-Og8Rs3S3E9F6_p8Q7a7oI34ROmTVsP6w0vLCyjlByt8jZRwVw6w3QaIS3a2vEGAyF5aWJ_agAE2--RG3ybT5haY55K1o3ZyBDfSo5i2EiKQQBqBymhqSXAW334cyq-GL7iv23QUm7wplw8rqZa_JVJFe4jovM6v_3r3Y&amp;__tn__=*NK-R\" target=\"_blank\" rel=\"noopener\">#COP30<\/a><a href=\"https:\/\/www.facebook.com\/hashtag\/onu?__eep__=6&amp;__cft__[0]=AZVsh4YJzu7sHqbXTidBq1blpAzwDB-Og8Rs3S3E9F6_p8Q7a7oI34ROmTVsP6w0vLCyjlByt8jZRwVw6w3QaIS3a2vEGAyF5aWJ_agAE2--RG3ybT5haY55K1o3ZyBDfSo5i2EiKQQBqBymhqSXAW334cyq-GL7iv23QUm7wplw8rqZa_JVJFe4jovM6v_3r3Y&amp;__tn__=*NK-R\" target=\"_blank\" rel=\"noopener\">#ONU<\/a><\/p>\n","protected":false},"excerpt":{"rendered":"<p>En la Ciudad de M\u00e9xico dio inicio la Reuni\u00f3n Ministerial de Am\u00e9rica Latina y el Caribe para la Implementaci\u00f3n de una Acci\u00f3n Clim\u00e1tica Regional, encabezada por la Dra. Alicia B\u00e1rcena Ibarra, Secretaria de Medio Ambiente y Recursos Naturales de M\u00e9xico y Andr\u00e9 Corr\u00eaa do Lago,Presidente designado de la Conferencia de las Naciones Unidas #ONU sobre [&hellip;]<\/p>\n","protected":false},"author":1,"featured_media":117971,"comment_status":"closed","ping_status":"closed","sticky":false,"template":"","format":"chat","meta":{"footnotes":""},"categories":[1],"tags":[],"class_list":["post-117967","post","type-post","status-publish","format-chat","has-post-thumbnail","hentry","category-general","post_format-post-format-chat"],"_links":{"self":[{"href":"https:\/\/elobservadorzonanorte.com.mx\/index.php?rest_route=\/wp\/v2\/posts\/117967","targetHints":{"allow":["GET"]}}],"collection":[{"href":"https:\/\/elobservadorzonanorte.com.mx\/index.php?rest_route=\/wp\/v2\/posts"}],"about":[{"href":"https:\/\/elobservadorzonanorte.com.mx\/index.php?rest_route=\/wp\/v2\/types\/post"}],"author":[{"embeddable":true,"href":"https:\/\/elobservadorzonanorte.com.mx\/index.php?rest_route=\/wp\/v2\/users\/1"}],"replies":[{"embeddable":true,"href":"https:\/\/elobservadorzonanorte.com.mx\/index.php?rest_route=%2Fwp%2Fv2%2Fcomments&post=117967"}],"version-history":[{"count":0,"href":"https:\/\/elobservadorzonanorte.com.mx\/index.php?rest_route=\/wp\/v2\/posts\/117967\/revisions"}],"wp:featuredmedia":[{"embeddable":true,"href":"https:\/\/elobservadorzonanorte.com.mx\/index.php?rest_route=\/wp\/v2\/media\/117971"}],"wp:attachment":[{"href":"https:\/\/elobservadorzonanorte.com.mx\/index.php?rest_route=%2Fwp%2Fv2%2Fmedia&parent=117967"}],"wp:term":[{"taxonomy":"category","embeddable":true,"href":"https:\/\/elobservadorzonanorte.com.mx\/index.php?rest_route=%2Fwp%2Fv2%2Fcategories&post=117967"},{"taxonomy":"post_tag","embeddable":true,"href":"https:\/\/elobservadorzonanorte.com.mx\/index.php?rest_route=%2Fwp%2Fv2%2Ftags&post=117967"}],"curies":[{"name":"wp","href":"https:\/\/api.w.org\/{rel}","templated":true}]}}