{"id":117959,"date":"2025-08-26T04:57:39","date_gmt":"2025-08-26T04:57:39","guid":{"rendered":"https:\/\/elobservadorzonanorte.com.mx\/?p=117959"},"modified":"2025-08-26T04:57:39","modified_gmt":"2025-08-26T04:57:39","slug":"comedores-moviles-del-humanismo-llegan-a-mas-colonias-de-tuxtla-paco-chacon","status":"publish","type":"post","link":"https:\/\/elobservadorzonanorte.com.mx\/?p=117959","title":{"rendered":"Comedores M\u00f3viles del Humanismo llegan a m\u00e1s colonias de Tuxtla: Paco Chac\u00f3n"},"content":{"rendered":"\n<figure class=\"wp-block-image size-large\"><img decoding=\"async\" width=\"600\" height=\"400\" src=\"https:\/\/elobservadorzonanorte.com.mx\/wp-content\/uploads\/2025\/08\/539632840_3141055062730134_3997470899615519323_n-600x400.jpg\" alt=\"\" class=\"wp-image-117960\" srcset=\"https:\/\/elobservadorzonanorte.com.mx\/wp-content\/uploads\/2025\/08\/539632840_3141055062730134_3997470899615519323_n-600x400.jpg 600w, https:\/\/elobservadorzonanorte.com.mx\/wp-content\/uploads\/2025\/08\/539632840_3141055062730134_3997470899615519323_n-300x200.jpg 300w, https:\/\/elobservadorzonanorte.com.mx\/wp-content\/uploads\/2025\/08\/539632840_3141055062730134_3997470899615519323_n-768x512.jpg 768w, https:\/\/elobservadorzonanorte.com.mx\/wp-content\/uploads\/2025\/08\/539632840_3141055062730134_3997470899615519323_n.jpg 810w\" sizes=\"(max-width: 600px) 100vw, 600px\" \/><\/figure>\n\n\n\n<p class=\"wp-block-paragraph\">\u2022 Esta semana, los Comedores M\u00f3viles estar\u00e1n recorriendo las colonias Arroyo Blanco, Potinaspak, Las Granjas, Calichal, Lindavista Shanka, Las Brisas, Vida Mejor, Estrada, Nueva Jerusal\u00e9n, Rosario Poniente, Ribera Guadalupe, Albania Baja, Hechos No Palabras, Capulines III y Sagrado Coraz\u00f3n.<\/p>\n\n\n\n<p class=\"wp-block-paragraph\">El secretario del Humanismo, Francisco Chac\u00f3n, inform\u00f3 que los Comedores M\u00f3viles del Humanismo contin\u00faan acercando alimentos calientes y nutritivos a las familias de distintas colonias de Tuxtla Guti\u00e9rrez, promoviendo bienestar y fortaleciendo la convivencia comunitaria.<\/p>\n\n\n\n<p class=\"wp-block-paragraph\">Francisco Chac\u00f3n explic\u00f3 que, los Comedores M\u00f3viles funcionan de lunes a viernes, de 1:00 a 4:00 de la tarde, y esta semana estar\u00e1n en las siguientes colonias:<\/p>\n\n\n\n<p class=\"wp-block-paragraph\">\u2022 Lunes 25 de agosto: Arroyo Blanco, Potinaspak y Las Granjas<\/p>\n\n\n\n<p class=\"wp-block-paragraph\">\u2022 Martes 26 de agosto: Calichal, Lindavista Shanka y Las Brisas<\/p>\n\n\n\n<p class=\"wp-block-paragraph\">\u2022 Mi\u00e9rcoles 27 de agosto: Vida Mejor, Estrada y Nueva Jerusal\u00e9n<\/p>\n\n\n\n<p class=\"wp-block-paragraph\">\u2022 Jueves 28 de agosto: Rosario Poniente, Ribera Guadalupe y Albania Baja<\/p>\n\n\n\n<p class=\"wp-block-paragraph\">\u2022 Viernes 29 de agosto: Hechos No Palabras, Capulines III y Sagrado Coraz\u00f3n.<\/p>\n\n\n\n<p class=\"wp-block-paragraph\">Destac\u00f3 que los Comedores M\u00f3viles no solo acercan alimentos a quienes m\u00e1s lo necesitan, sino que tambi\u00e9n fortalecen la convivencia familiar y promueven la uni\u00f3n en cada comunidad.<\/p>\n\n\n\n<p class=\"wp-block-paragraph\">Asimismo, la Secretar\u00eda del Humanismo cuenta con cuatro comedores fijos en las colonias Patria Nueva, CCI, 6 de Junio y Democr\u00e1tica, y un comedor m\u00f3vil que recorre hospitales, incluyendo el Hospital General Dr. Jes\u00fas Gilberto G\u00f3mez Maza, el Hospital General de Zona No. 2 (IMSS) y el Hospital Regional Dr. Rafael Pascacio Gamboa.<\/p>\n\n\n\n<p class=\"wp-block-paragraph\">\u201cInvitamos a todas las familias a acercarse a los Comedores y disfrutar de alimentos nutritivos. Para conocer las ubicaciones exactas de los Comedores M\u00f3viles, consulta las redes sociales oficiales de la Secretar\u00eda del Humanismo: @HumanismoChis\u201d, concluy\u00f3.<\/p>\n","protected":false},"excerpt":{"rendered":"<p>\u2022 Esta semana, los Comedores M\u00f3viles estar\u00e1n recorriendo las colonias Arroyo Blanco, Potinaspak, Las Granjas, Calichal, Lindavista Shanka, Las Brisas, Vida Mejor, Estrada, Nueva Jerusal\u00e9n, Rosario Poniente, Ribera Guadalupe, Albania Baja, Hechos No Palabras, Capulines III y Sagrado Coraz\u00f3n. El secretario del Humanismo, Francisco Chac\u00f3n, inform\u00f3 que los Comedores M\u00f3viles del Humanismo contin\u00faan acercando alimentos [&hellip;]<\/p>\n","protected":false},"author":1,"featured_media":117960,"comment_status":"closed","ping_status":"closed","sticky":false,"template":"","format":"chat","meta":{"footnotes":""},"categories":[1],"tags":[],"class_list":["post-117959","post","type-post","status-publish","format-chat","has-post-thumbnail","hentry","category-general","post_format-post-format-chat"],"_links":{"self":[{"href":"https:\/\/elobservadorzonanorte.com.mx\/index.php?rest_route=\/wp\/v2\/posts\/117959","targetHints":{"allow":["GET"]}}],"collection":[{"href":"https:\/\/elobservadorzonanorte.com.mx\/index.php?rest_route=\/wp\/v2\/posts"}],"about":[{"href":"https:\/\/elobservadorzonanorte.com.mx\/index.php?rest_route=\/wp\/v2\/types\/post"}],"author":[{"embeddable":true,"href":"https:\/\/elobservadorzonanorte.com.mx\/index.php?rest_route=\/wp\/v2\/users\/1"}],"replies":[{"embeddable":true,"href":"https:\/\/elobservadorzonanorte.com.mx\/index.php?rest_route=%2Fwp%2Fv2%2Fcomments&post=117959"}],"version-history":[{"count":0,"href":"https:\/\/elobservadorzonanorte.com.mx\/index.php?rest_route=\/wp\/v2\/posts\/117959\/revisions"}],"wp:featuredmedia":[{"embeddable":true,"href":"https:\/\/elobservadorzonanorte.com.mx\/index.php?rest_route=\/wp\/v2\/media\/117960"}],"wp:attachment":[{"href":"https:\/\/elobservadorzonanorte.com.mx\/index.php?rest_route=%2Fwp%2Fv2%2Fmedia&parent=117959"}],"wp:term":[{"taxonomy":"category","embeddable":true,"href":"https:\/\/elobservadorzonanorte.com.mx\/index.php?rest_route=%2Fwp%2Fv2%2Fcategories&post=117959"},{"taxonomy":"post_tag","embeddable":true,"href":"https:\/\/elobservadorzonanorte.com.mx\/index.php?rest_route=%2Fwp%2Fv2%2Ftags&post=117959"}],"curies":[{"name":"wp","href":"https:\/\/api.w.org\/{rel}","templated":true}]}}