{"id":117955,"date":"2025-08-26T04:57:22","date_gmt":"2025-08-26T04:57:22","guid":{"rendered":"https:\/\/elobservadorzonanorte.com.mx\/?p=117955"},"modified":"2025-08-26T04:57:23","modified_gmt":"2025-08-26T04:57:23","slug":"inicia-el-programa-de-capacitacion-2025-en-transparencia-para-el-pueblo-de-chiapas","status":"publish","type":"post","link":"https:\/\/elobservadorzonanorte.com.mx\/?p=117955","title":{"rendered":"Inicia el Programa de Capacitaci\u00f3n 2025 en Transparencia para el Pueblo de Chiapas"},"content":{"rendered":"\n<figure class=\"wp-block-image size-full\"><img decoding=\"async\" width=\"594\" height=\"395\" src=\"https:\/\/elobservadorzonanorte.com.mx\/wp-content\/uploads\/2025\/08\/539069998_3141054589396848_5028061796979972367_n.jpg\" alt=\"\" class=\"wp-image-117956\" srcset=\"https:\/\/elobservadorzonanorte.com.mx\/wp-content\/uploads\/2025\/08\/539069998_3141054589396848_5028061796979972367_n.jpg 594w, https:\/\/elobservadorzonanorte.com.mx\/wp-content\/uploads\/2025\/08\/539069998_3141054589396848_5028061796979972367_n-300x199.jpg 300w\" sizes=\"(max-width: 594px) 100vw, 594px\" \/><\/figure>\n\n\n\n<figure class=\"wp-block-image size-full\"><img decoding=\"async\" width=\"593\" height=\"395\" src=\"https:\/\/elobservadorzonanorte.com.mx\/wp-content\/uploads\/2025\/08\/540222811_3141054629396844_8875074026342004794_n.jpg\" alt=\"\" class=\"wp-image-117957\" srcset=\"https:\/\/elobservadorzonanorte.com.mx\/wp-content\/uploads\/2025\/08\/540222811_3141054629396844_8875074026342004794_n.jpg 593w, https:\/\/elobservadorzonanorte.com.mx\/wp-content\/uploads\/2025\/08\/540222811_3141054629396844_8875074026342004794_n-300x200.jpg 300w\" sizes=\"(max-width: 593px) 100vw, 593px\" \/><\/figure>\n\n\n\n<p class=\"wp-block-paragraph\">Tuxtla Guti\u00e9rrez, Chiapas. \u2013 Con el firme prop\u00f3sito de fortalecer la rendici\u00f3n de cuentas y garantizar a la ciudadan\u00eda el derecho de acceso a la informaci\u00f3n p\u00fablica, se puso en marcha la Capacitaci\u00f3n a las y los responsables de las Unidades de Transparencia del Gabinete Legal y Ampliado, con lo que inici\u00f3 el Programa de Capacitaci\u00f3n 2025 en Transparencia para el Pueblo de Chiapas.<\/p>\n\n\n\n<p class=\"wp-block-paragraph\">El objetivo central de este programa es dotar de herramientas t\u00e9cnicas y conocimientos especializados a las personas servidoras p\u00fablicas que encabezan las Unidades de Transparencia en los Sujetos Obligados del Gabinete Legal y Ampliado, con el fin de fortalecer los procesos institucionales y consolidar una cultura de apertura, legalidad y acceso a la informaci\u00f3n en beneficio de las y los chiapanecos.<\/p>\n\n\n\n<p class=\"wp-block-paragraph\">Durante el acto inaugural, Ana Laura Romero Basurto, secretaria Anticorrupci\u00f3n y Buen Gobierno del Estado (SAyBG), subray\u00f3 la importancia de implementar mecanismos que refuercen la confianza ciudadana mediante la transparencia y la rendici\u00f3n de cuentas, principios rectores de la administraci\u00f3n estatal.<\/p>\n\n\n\n<p class=\"wp-block-paragraph\">A este encuentro asisti\u00f3 tambi\u00e9n Jorge Ross Coello, director general de Transparencia para el Pueblo, as\u00ed como representantes de diversas dependencias y organismos estatales, entre ellas: la Secretar\u00eda de la Mujer e Igualdad de G\u00e9nero, Secretar\u00eda de Turismo, Secretar\u00eda de Infraestructura, Oficina del Gobernador, Secretar\u00eda de Finanzas Chiapas, Secretar\u00eda de Medio Ambiente e Historia Natural, Secretar\u00eda del Humanismo, Secretar\u00eda de Econom\u00eda y del Trabajo, Secretar\u00eda de Seguridad del Pueblo, Instituto de la Consejer\u00eda Jur\u00eddica, Secretar\u00eda General de Gobierno y Mediaci\u00f3n, Secretar\u00eda de Movilidad y Transporte, y Secretar\u00eda de Educaci\u00f3n.<\/p>\n\n\n\n<p class=\"wp-block-paragraph\">Con estas acciones, el Gobierno del Estado de Chiapas refrenda su compromiso de consolidar un servicio p\u00fablico honesto, transparente y cercano a la gente, en el que la transparencia no sea \u00fanicamente un mandato legal, sino un pilar fundamental del desarrollo y de la confianza ciudadana en la Nueva Era de transformaci\u00f3n que vive Chiapas.<\/p>\n","protected":false},"excerpt":{"rendered":"<p>Tuxtla Guti\u00e9rrez, Chiapas. \u2013 Con el firme prop\u00f3sito de fortalecer la rendici\u00f3n de cuentas y garantizar a la ciudadan\u00eda el derecho de acceso a la informaci\u00f3n p\u00fablica, se puso en marcha la Capacitaci\u00f3n a las y los responsables de las Unidades de Transparencia del Gabinete Legal y Ampliado, con lo que inici\u00f3 el Programa de [&hellip;]<\/p>\n","protected":false},"author":1,"featured_media":117957,"comment_status":"closed","ping_status":"closed","sticky":false,"template":"","format":"chat","meta":{"footnotes":""},"categories":[1],"tags":[],"class_list":["post-117955","post","type-post","status-publish","format-chat","has-post-thumbnail","hentry","category-general","post_format-post-format-chat"],"_links":{"self":[{"href":"https:\/\/elobservadorzonanorte.com.mx\/index.php?rest_route=\/wp\/v2\/posts\/117955","targetHints":{"allow":["GET"]}}],"collection":[{"href":"https:\/\/elobservadorzonanorte.com.mx\/index.php?rest_route=\/wp\/v2\/posts"}],"about":[{"href":"https:\/\/elobservadorzonanorte.com.mx\/index.php?rest_route=\/wp\/v2\/types\/post"}],"author":[{"embeddable":true,"href":"https:\/\/elobservadorzonanorte.com.mx\/index.php?rest_route=\/wp\/v2\/users\/1"}],"replies":[{"embeddable":true,"href":"https:\/\/elobservadorzonanorte.com.mx\/index.php?rest_route=%2Fwp%2Fv2%2Fcomments&post=117955"}],"version-history":[{"count":0,"href":"https:\/\/elobservadorzonanorte.com.mx\/index.php?rest_route=\/wp\/v2\/posts\/117955\/revisions"}],"wp:featuredmedia":[{"embeddable":true,"href":"https:\/\/elobservadorzonanorte.com.mx\/index.php?rest_route=\/wp\/v2\/media\/117957"}],"wp:attachment":[{"href":"https:\/\/elobservadorzonanorte.com.mx\/index.php?rest_route=%2Fwp%2Fv2%2Fmedia&parent=117955"}],"wp:term":[{"taxonomy":"category","embeddable":true,"href":"https:\/\/elobservadorzonanorte.com.mx\/index.php?rest_route=%2Fwp%2Fv2%2Fcategories&post=117955"},{"taxonomy":"post_tag","embeddable":true,"href":"https:\/\/elobservadorzonanorte.com.mx\/index.php?rest_route=%2Fwp%2Fv2%2Ftags&post=117955"}],"curies":[{"name":"wp","href":"https:\/\/api.w.org\/{rel}","templated":true}]}}