{"id":117939,"date":"2025-08-26T04:55:45","date_gmt":"2025-08-26T04:55:45","guid":{"rendered":"https:\/\/elobservadorzonanorte.com.mx\/?p=117939"},"modified":"2025-08-26T04:55:46","modified_gmt":"2025-08-26T04:55:46","slug":"sigue-cumpliendo-pedro-ramirez-a-reforma","status":"publish","type":"post","link":"https:\/\/elobservadorzonanorte.com.mx\/?p=117939","title":{"rendered":"Sigue cumpliendo Pedro Ramirez a Reforma"},"content":{"rendered":"\n<figure class=\"wp-block-image size-full\"><img decoding=\"async\" width=\"593\" height=\"395\" src=\"https:\/\/elobservadorzonanorte.com.mx\/wp-content\/uploads\/2025\/08\/539926189_3141049532730687_2369198107982825600_n.jpg\" alt=\"\" class=\"wp-image-117940\" srcset=\"https:\/\/elobservadorzonanorte.com.mx\/wp-content\/uploads\/2025\/08\/539926189_3141049532730687_2369198107982825600_n.jpg 593w, https:\/\/elobservadorzonanorte.com.mx\/wp-content\/uploads\/2025\/08\/539926189_3141049532730687_2369198107982825600_n-300x200.jpg 300w\" sizes=\"(max-width: 593px) 100vw, 593px\" \/><\/figure>\n\n\n\n<figure class=\"wp-block-image size-full\"><img decoding=\"async\" width=\"593\" height=\"395\" src=\"https:\/\/elobservadorzonanorte.com.mx\/wp-content\/uploads\/2025\/08\/539632613_3141049562730684_183076774335777475_n.jpg\" alt=\"\" class=\"wp-image-117941\" srcset=\"https:\/\/elobservadorzonanorte.com.mx\/wp-content\/uploads\/2025\/08\/539632613_3141049562730684_183076774335777475_n.jpg 593w, https:\/\/elobservadorzonanorte.com.mx\/wp-content\/uploads\/2025\/08\/539632613_3141049562730684_183076774335777475_n-300x200.jpg 300w\" sizes=\"(max-width: 593px) 100vw, 593px\" \/><\/figure>\n\n\n\n<figure class=\"wp-block-image size-full\"><img decoding=\"async\" width=\"600\" height=\"448\" src=\"https:\/\/elobservadorzonanorte.com.mx\/wp-content\/uploads\/2025\/08\/539111268_3141049669397340_154420420129490193_n.jpg\" alt=\"\" class=\"wp-image-117942\" srcset=\"https:\/\/elobservadorzonanorte.com.mx\/wp-content\/uploads\/2025\/08\/539111268_3141049669397340_154420420129490193_n.jpg 600w, https:\/\/elobservadorzonanorte.com.mx\/wp-content\/uploads\/2025\/08\/539111268_3141049669397340_154420420129490193_n-300x224.jpg 300w\" sizes=\"(max-width: 600px) 100vw, 600px\" \/><\/figure>\n\n\n\n<figure class=\"wp-block-image size-full\"><img decoding=\"async\" width=\"600\" height=\"476\" src=\"https:\/\/elobservadorzonanorte.com.mx\/wp-content\/uploads\/2025\/08\/539278739_3141049702730670_7872476804264420301_n.jpg\" alt=\"\" class=\"wp-image-117943\" srcset=\"https:\/\/elobservadorzonanorte.com.mx\/wp-content\/uploads\/2025\/08\/539278739_3141049702730670_7872476804264420301_n.jpg 600w, https:\/\/elobservadorzonanorte.com.mx\/wp-content\/uploads\/2025\/08\/539278739_3141049702730670_7872476804264420301_n-300x238.jpg 300w\" sizes=\"(max-width: 600px) 100vw, 600px\" \/><\/figure>\n\n\n\n<p class=\"wp-block-paragraph\">*Hoy inauguran el domo en la comunidad de San Jos\u00e9<\/p>\n\n\n\n<p class=\"wp-block-paragraph\">Esta tarde, el presidente municipal Pedro Ram\u00edrez Ramos acompa\u00f1ado de su cabildo as\u00ed como de habitantes de la citada localidad realizaron la inauguraci\u00f3n del domo con el que se benefician las familias del lugar.<\/p>\n\n\n\n<p class=\"wp-block-paragraph\">\u00abInauguramos con mucho orgullo el domo tan esperado, una obra que era una demanda hist\u00f3rica de las familias y que hoy se convierte en una realidad\u00bb; dijo.<\/p>\n\n\n\n<p class=\"wp-block-paragraph\">Ram\u00edrez Ramos, se\u00f1al\u00f3 que este espacio servir\u00e1 para convivir, aprender y protegerse del sol o la lluvia, pero sobre todo, ser\u00e1 un punto de encuentro que fortalezca la uni\u00f3n de la comunidad.<\/p>\n\n\n\n<p class=\"wp-block-paragraph\">\u00abSeguimos trabajando con hechos y no palabras, porque en Reforma lo que se promete, se cumple\u00bb.<\/p>\n\n\n\n<p class=\"wp-block-paragraph\"><a href=\"https:\/\/www.facebook.com\/hashtag\/sanjos%C3%A9?__eep__=6&amp;__cft__[0]=AZXt90ZQ6OCvnz4d2OqYAVWmLRgm9niKDIwtRFpunHa0PGJbE1m4xCiYqFv6VFDRmaE9Wg1BiXHG5B0OW382lZKKYgs4JBZfRRS7kFf92lPuQ3tfSkJR8Hoq1b-64UlIKm-cpXaC6Ah5rdybnPsoww-vmUwuG1RQSQcOmBpGnEdWDfH4hKxAXvksCJ7tGwXBEUk&amp;__tn__=*NK-R\" target=\"_blank\" rel=\"noopener\">#SanJos\u00e9<\/a><a href=\"https:\/\/www.facebook.com\/hashtag\/obrasquetransforman?__eep__=6&amp;__cft__[0]=AZXt90ZQ6OCvnz4d2OqYAVWmLRgm9niKDIwtRFpunHa0PGJbE1m4xCiYqFv6VFDRmaE9Wg1BiXHG5B0OW382lZKKYgs4JBZfRRS7kFf92lPuQ3tfSkJR8Hoq1b-64UlIKm-cpXaC6Ah5rdybnPsoww-vmUwuG1RQSQcOmBpGnEdWDfH4hKxAXvksCJ7tGwXBEUk&amp;__tn__=*NK-R\" target=\"_blank\" rel=\"noopener\">#ObrasQueTransforman<\/a><a href=\"https:\/\/www.facebook.com\/hashtag\/reformaavanza?__eep__=6&amp;__cft__[0]=AZXt90ZQ6OCvnz4d2OqYAVWmLRgm9niKDIwtRFpunHa0PGJbE1m4xCiYqFv6VFDRmaE9Wg1BiXHG5B0OW382lZKKYgs4JBZfRRS7kFf92lPuQ3tfSkJR8Hoq1b-64UlIKm-cpXaC6Ah5rdybnPsoww-vmUwuG1RQSQcOmBpGnEdWDfH4hKxAXvksCJ7tGwXBEUk&amp;__tn__=*NK-R\" target=\"_blank\" rel=\"noopener\">#ReformaAvanza<\/a><\/p>\n","protected":false},"excerpt":{"rendered":"<p>*Hoy inauguran el domo en la comunidad de San Jos\u00e9 Esta tarde, el presidente municipal Pedro Ram\u00edrez Ramos acompa\u00f1ado de su cabildo as\u00ed como de habitantes de la citada localidad realizaron la inauguraci\u00f3n del domo con el que se benefician las familias del lugar. \u00abInauguramos con mucho orgullo el domo tan esperado, una obra que [&hellip;]<\/p>\n","protected":false},"author":1,"featured_media":117940,"comment_status":"closed","ping_status":"closed","sticky":false,"template":"","format":"chat","meta":{"footnotes":""},"categories":[1],"tags":[],"class_list":["post-117939","post","type-post","status-publish","format-chat","has-post-thumbnail","hentry","category-general","post_format-post-format-chat"],"_links":{"self":[{"href":"https:\/\/elobservadorzonanorte.com.mx\/index.php?rest_route=\/wp\/v2\/posts\/117939","targetHints":{"allow":["GET"]}}],"collection":[{"href":"https:\/\/elobservadorzonanorte.com.mx\/index.php?rest_route=\/wp\/v2\/posts"}],"about":[{"href":"https:\/\/elobservadorzonanorte.com.mx\/index.php?rest_route=\/wp\/v2\/types\/post"}],"author":[{"embeddable":true,"href":"https:\/\/elobservadorzonanorte.com.mx\/index.php?rest_route=\/wp\/v2\/users\/1"}],"replies":[{"embeddable":true,"href":"https:\/\/elobservadorzonanorte.com.mx\/index.php?rest_route=%2Fwp%2Fv2%2Fcomments&post=117939"}],"version-history":[{"count":0,"href":"https:\/\/elobservadorzonanorte.com.mx\/index.php?rest_route=\/wp\/v2\/posts\/117939\/revisions"}],"wp:featuredmedia":[{"embeddable":true,"href":"https:\/\/elobservadorzonanorte.com.mx\/index.php?rest_route=\/wp\/v2\/media\/117940"}],"wp:attachment":[{"href":"https:\/\/elobservadorzonanorte.com.mx\/index.php?rest_route=%2Fwp%2Fv2%2Fmedia&parent=117939"}],"wp:term":[{"taxonomy":"category","embeddable":true,"href":"https:\/\/elobservadorzonanorte.com.mx\/index.php?rest_route=%2Fwp%2Fv2%2Fcategories&post=117939"},{"taxonomy":"post_tag","embeddable":true,"href":"https:\/\/elobservadorzonanorte.com.mx\/index.php?rest_route=%2Fwp%2Fv2%2Ftags&post=117939"}],"curies":[{"name":"wp","href":"https:\/\/api.w.org\/{rel}","templated":true}]}}