{"id":117928,"date":"2025-08-26T04:55:02","date_gmt":"2025-08-26T04:55:02","guid":{"rendered":"https:\/\/elobservadorzonanorte.com.mx\/?p=117928"},"modified":"2025-08-26T04:55:03","modified_gmt":"2025-08-26T04:55:03","slug":"autoridades-encabezados-por-miguel-angel-moreno-palacios-dieron-inicio-a-la-construccion-de-domo-en-la-colonia-luis-donaldo-colosio","status":"publish","type":"post","link":"https:\/\/elobservadorzonanorte.com.mx\/?p=117928","title":{"rendered":"Autoridades encabezados por Miguel Angel Moreno Palacios dieron inicio a la construcci\u00f3n de Domo en la colonia Luis Donaldo Colosio"},"content":{"rendered":"\n<figure class=\"wp-block-image size-full\"><img decoding=\"async\" width=\"417\" height=\"586\" src=\"https:\/\/elobservadorzonanorte.com.mx\/wp-content\/uploads\/2025\/08\/538973062_3141019676067006_878715074939663846_n.jpg\" alt=\"\" class=\"wp-image-117929\" srcset=\"https:\/\/elobservadorzonanorte.com.mx\/wp-content\/uploads\/2025\/08\/538973062_3141019676067006_878715074939663846_n.jpg 417w, https:\/\/elobservadorzonanorte.com.mx\/wp-content\/uploads\/2025\/08\/538973062_3141019676067006_878715074939663846_n-213x300.jpg 213w\" sizes=\"(max-width: 417px) 100vw, 417px\" \/><\/figure>\n\n\n\n<figure class=\"wp-block-image size-full\"><img decoding=\"async\" width=\"338\" height=\"600\" src=\"https:\/\/elobservadorzonanorte.com.mx\/wp-content\/uploads\/2025\/08\/539487023_3141019886066985_7147117224507853457_n.jpg\" alt=\"\" class=\"wp-image-117930\" srcset=\"https:\/\/elobservadorzonanorte.com.mx\/wp-content\/uploads\/2025\/08\/539487023_3141019886066985_7147117224507853457_n.jpg 338w, https:\/\/elobservadorzonanorte.com.mx\/wp-content\/uploads\/2025\/08\/539487023_3141019886066985_7147117224507853457_n-169x300.jpg 169w\" sizes=\"(max-width: 338px) 100vw, 338px\" \/><\/figure>\n\n\n\n<figure class=\"wp-block-image size-full\"><img decoding=\"async\" width=\"600\" height=\"450\" src=\"https:\/\/elobservadorzonanorte.com.mx\/wp-content\/uploads\/2025\/08\/538696765_3141019949400312_1461365873143750708_n.jpg\" alt=\"\" class=\"wp-image-117931\" srcset=\"https:\/\/elobservadorzonanorte.com.mx\/wp-content\/uploads\/2025\/08\/538696765_3141019949400312_1461365873143750708_n.jpg 600w, https:\/\/elobservadorzonanorte.com.mx\/wp-content\/uploads\/2025\/08\/538696765_3141019949400312_1461365873143750708_n-300x225.jpg 300w\" sizes=\"(max-width: 600px) 100vw, 600px\" \/><\/figure>\n\n\n\n<p class=\"wp-block-paragraph\">En d\u00edas pasados en presidente municipal Miguel \u00c1ngel Moreno Palacios acompa\u00f1ado de la presidenta del DIF municipal <a href=\"https:\/\/www.facebook.com\/blanca.estrada.199249?__cft__[0]=AZUyiPL5ipamWgf7GSqXfyTASrjDEJTW3vyWQCF4ILjM3IPC3_xTbghQMT09pwh3NLboMaAVam5UuW5Tv0y_dTzmzw-YNFskvqweXhi8XEeOA0CuzwC4xDY1WbVWFm6puI92daUOxxHx4mBsDz6yl5aTLj6apvJUaS2qPuuT-TeAmes0eea_m9NmXFjjTK5T_AQ&amp;__tn__=-]K-R\" target=\"_blank\" rel=\"noopener\">Blanca Estrada<\/a> y regidores pusieron en marcha est\u00e1 importante obra.<\/p>\n\n\n\n<p class=\"wp-block-paragraph\">Ah\u00ed, fue recibido por pobladores de la colonia Luis Donaldo Colosio, qui\u00e9nes esperaban el inicio de esta importante obra como es la construcci\u00f3n del domo.<\/p>\n\n\n\n<p class=\"wp-block-paragraph\">\u00abEste espacio ser\u00e1 de gran beneficio para las actividades c\u00edvicas, deportivas, culturales y sociales, brindando un lugar digno y seguro a nuestra comunidad.<\/p>\n\n\n\n<p class=\"wp-block-paragraph\">Seguimos trabajando con compromiso para que cada obra represente bienestar y progreso para las familias de Ixtacomit\u00e1n\u00bb; destac\u00f3 el alcalde.<\/p>\n\n\n\n<p class=\"wp-block-paragraph\">Nueva Era Unidad Trabajo y Transformaci\u00f3n<\/p>\n\n\n\n<p class=\"wp-block-paragraph\"><a href=\"https:\/\/www.facebook.com\/hashtag\/unidadtrabajoytransformacion?__eep__=6&amp;__cft__[0]=AZUyiPL5ipamWgf7GSqXfyTASrjDEJTW3vyWQCF4ILjM3IPC3_xTbghQMT09pwh3NLboMaAVam5UuW5Tv0y_dTzmzw-YNFskvqweXhi8XEeOA0CuzwC4xDY1WbVWFm6puI92daUOxxHx4mBsDz6yl5aTLj6apvJUaS2qPuuT-TeAmes0eea_m9NmXFjjTK5T_AQ&amp;__tn__=*NK-R\" target=\"_blank\" rel=\"noopener\">#UnidadTrabajoYTransformacion<\/a><a href=\"https:\/\/www.facebook.com\/hashtag\/nuevaera?__eep__=6&amp;__cft__[0]=AZUyiPL5ipamWgf7GSqXfyTASrjDEJTW3vyWQCF4ILjM3IPC3_xTbghQMT09pwh3NLboMaAVam5UuW5Tv0y_dTzmzw-YNFskvqweXhi8XEeOA0CuzwC4xDY1WbVWFm6puI92daUOxxHx4mBsDz6yl5aTLj6apvJUaS2qPuuT-TeAmes0eea_m9NmXFjjTK5T_AQ&amp;__tn__=*NK-R\" target=\"_blank\" rel=\"noopener\">#NuevaERA<\/a><a href=\"https:\/\/www.facebook.com\/hashtag\/humanismoquetransforma?__eep__=6&amp;__cft__[0]=AZUyiPL5ipamWgf7GSqXfyTASrjDEJTW3vyWQCF4ILjM3IPC3_xTbghQMT09pwh3NLboMaAVam5UuW5Tv0y_dTzmzw-YNFskvqweXhi8XEeOA0CuzwC4xDY1WbVWFm6puI92daUOxxHx4mBsDz6yl5aTLj6apvJUaS2qPuuT-TeAmes0eea_m9NmXFjjTK5T_AQ&amp;__tn__=*NK-R\" target=\"_blank\" rel=\"noopener\">#HumanismoQueTransforma<\/a><\/p>\n\n\n\n<p class=\"wp-block-paragraph\"><a href=\"https:\/\/www.facebook.com\/hashtag\/ixtacomitanavanzatodoslosdias?__eep__=6&amp;__cft__[0]=AZUyiPL5ipamWgf7GSqXfyTASrjDEJTW3vyWQCF4ILjM3IPC3_xTbghQMT09pwh3NLboMaAVam5UuW5Tv0y_dTzmzw-YNFskvqweXhi8XEeOA0CuzwC4xDY1WbVWFm6puI92daUOxxHx4mBsDz6yl5aTLj6apvJUaS2qPuuT-TeAmes0eea_m9NmXFjjTK5T_AQ&amp;__tn__=*NK-R\" target=\"_blank\" rel=\"noopener\">#IxtacomitanAvanzaTodosLosDias<\/a><\/p>\n","protected":false},"excerpt":{"rendered":"<p>En d\u00edas pasados en presidente municipal Miguel \u00c1ngel Moreno Palacios acompa\u00f1ado de la presidenta del DIF municipal Blanca Estrada y regidores pusieron en marcha est\u00e1 importante obra. Ah\u00ed, fue recibido por pobladores de la colonia Luis Donaldo Colosio, qui\u00e9nes esperaban el inicio de esta importante obra como es la construcci\u00f3n del domo. \u00abEste espacio ser\u00e1 [&hellip;]<\/p>\n","protected":false},"author":1,"featured_media":117931,"comment_status":"closed","ping_status":"closed","sticky":false,"template":"","format":"chat","meta":{"footnotes":""},"categories":[1],"tags":[],"class_list":["post-117928","post","type-post","status-publish","format-chat","has-post-thumbnail","hentry","category-general","post_format-post-format-chat"],"_links":{"self":[{"href":"https:\/\/elobservadorzonanorte.com.mx\/index.php?rest_route=\/wp\/v2\/posts\/117928","targetHints":{"allow":["GET"]}}],"collection":[{"href":"https:\/\/elobservadorzonanorte.com.mx\/index.php?rest_route=\/wp\/v2\/posts"}],"about":[{"href":"https:\/\/elobservadorzonanorte.com.mx\/index.php?rest_route=\/wp\/v2\/types\/post"}],"author":[{"embeddable":true,"href":"https:\/\/elobservadorzonanorte.com.mx\/index.php?rest_route=\/wp\/v2\/users\/1"}],"replies":[{"embeddable":true,"href":"https:\/\/elobservadorzonanorte.com.mx\/index.php?rest_route=%2Fwp%2Fv2%2Fcomments&post=117928"}],"version-history":[{"count":0,"href":"https:\/\/elobservadorzonanorte.com.mx\/index.php?rest_route=\/wp\/v2\/posts\/117928\/revisions"}],"wp:featuredmedia":[{"embeddable":true,"href":"https:\/\/elobservadorzonanorte.com.mx\/index.php?rest_route=\/wp\/v2\/media\/117931"}],"wp:attachment":[{"href":"https:\/\/elobservadorzonanorte.com.mx\/index.php?rest_route=%2Fwp%2Fv2%2Fmedia&parent=117928"}],"wp:term":[{"taxonomy":"category","embeddable":true,"href":"https:\/\/elobservadorzonanorte.com.mx\/index.php?rest_route=%2Fwp%2Fv2%2Fcategories&post=117928"},{"taxonomy":"post_tag","embeddable":true,"href":"https:\/\/elobservadorzonanorte.com.mx\/index.php?rest_route=%2Fwp%2Fv2%2Ftags&post=117928"}],"curies":[{"name":"wp","href":"https:\/\/api.w.org\/{rel}","templated":true}]}}