{"id":117921,"date":"2025-08-26T04:54:28","date_gmt":"2025-08-26T04:54:28","guid":{"rendered":"https:\/\/elobservadorzonanorte.com.mx\/?p=117921"},"modified":"2025-08-26T04:54:28","modified_gmt":"2025-08-26T04:54:28","slug":"atento-aviso-habitantes-de-ixtacomitan-ven-tramita-o-recoge-tu-credencial","status":"publish","type":"post","link":"https:\/\/elobservadorzonanorte.com.mx\/?p=117921","title":{"rendered":"Atento aviso habitantes de #Ixtacomitan ven tr\u00e1mita o recoge tu credencial"},"content":{"rendered":"\n<figure class=\"wp-block-image size-full\"><img decoding=\"async\" width=\"506\" height=\"600\" src=\"https:\/\/elobservadorzonanorte.com.mx\/wp-content\/uploads\/2025\/08\/539527834_3141015392734101_6799703586402903473_n.jpg\" alt=\"\" class=\"wp-image-117922\" srcset=\"https:\/\/elobservadorzonanorte.com.mx\/wp-content\/uploads\/2025\/08\/539527834_3141015392734101_6799703586402903473_n.jpg 506w, https:\/\/elobservadorzonanorte.com.mx\/wp-content\/uploads\/2025\/08\/539527834_3141015392734101_6799703586402903473_n-253x300.jpg 253w\" sizes=\"(max-width: 506px) 100vw, 506px\" \/><\/figure>\n\n\n\n<p class=\"wp-block-paragraph\">\u00a1Atenci\u00f3n! El M\u00f3dulo del INE estar\u00e1 en nuestro Municipio <a href=\"https:\/\/www.facebook.com\/hashtag\/ixtacomitan?__eep__=6&amp;__cft__[0]=AZWFI8vnxkeEQd9jEmYFwM6GGeLzJCF3hIPikG-Wi9JLQ_Aw__39WwRlIx5ihd-COX5Ql_LUGhrosYkO2eR-pOeDMDuryRnvzxCbzgd89j6ys7b3CGBh79nscsJ5hszx2ZDr6jqPUuNZRFi9H0Jw0YRnEdmRXYr7xojwBhmACydheoQiEKMnVNGEE452TKjBUlg&amp;__tn__=*NK-R\" target=\"_blank\" rel=\"noopener\">#Ixtacomitan<\/a><img decoding=\"async\" height=\"16\" width=\"16\" src=\"https:\/\/static.xx.fbcdn.net\/images\/emoji.php\/v9\/t9a\/1\/16\/1f5f3.png\" alt=\"\ud83d\uddf3\"><\/p>\n\n\n\n<p class=\"wp-block-paragraph\"><img decoding=\"async\" height=\"16\" width=\"16\" alt=\"\ud83d\uddd3\ufe0f\" src=\"https:\/\/static.xx.fbcdn.net\/images\/emoji.php\/v9\/t5c\/1\/16\/1f5d3.png\"> Fechas: 26 de agosto del 25<\/p>\n\n\n\n<p class=\"wp-block-paragraph\"><img decoding=\"async\" height=\"16\" width=\"16\" alt=\"\u23f0\" src=\"https:\/\/static.xx.fbcdn.net\/images\/emoji.php\/v9\/t34\/1\/16\/23f0.png\"> Horario: De 9:00 a.m. a 3:00 Pm.<\/p>\n\n\n\n<p class=\"wp-block-paragraph\"><img decoding=\"async\" height=\"16\" width=\"16\" alt=\"\ud83d\udccd\" src=\"https:\/\/static.xx.fbcdn.net\/images\/emoji.php\/v9\/t2d\/1\/16\/1f4cd.png\"> Lugar: casa de la cultura unidad deportiva<\/p>\n\n\n\n<p class=\"wp-block-paragraph\">Recuerda traer tus documentos.<\/p>\n\n\n\n<p class=\"wp-block-paragraph\"><a href=\"https:\/\/www.facebook.com\/hashtag\/m%C3%B3dulodeline?__eep__=6&amp;__cft__[0]=AZWFI8vnxkeEQd9jEmYFwM6GGeLzJCF3hIPikG-Wi9JLQ_Aw__39WwRlIx5ihd-COX5Ql_LUGhrosYkO2eR-pOeDMDuryRnvzxCbzgd89j6ys7b3CGBh79nscsJ5hszx2ZDr6jqPUuNZRFi9H0Jw0YRnEdmRXYr7xojwBhmACydheoQiEKMnVNGEE452TKjBUlg&amp;__tn__=*NK-R\" target=\"_blank\" rel=\"noopener\">#M\u00f3duloDelINE<\/a><\/p>\n\n\n\n<p class=\"wp-block-paragraph\"><a href=\"https:\/\/www.facebook.com\/hashtag\/unidadtrabajoytransformacion?__eep__=6&amp;__cft__[0]=AZWFI8vnxkeEQd9jEmYFwM6GGeLzJCF3hIPikG-Wi9JLQ_Aw__39WwRlIx5ihd-COX5Ql_LUGhrosYkO2eR-pOeDMDuryRnvzxCbzgd89j6ys7b3CGBh79nscsJ5hszx2ZDr6jqPUuNZRFi9H0Jw0YRnEdmRXYr7xojwBhmACydheoQiEKMnVNGEE452TKjBUlg&amp;__tn__=*NK-R\" target=\"_blank\" rel=\"noopener\">#UnidadTrabajoyTransformacion<\/a><\/p>\n","protected":false},"excerpt":{"rendered":"<p>\u00a1Atenci\u00f3n! El M\u00f3dulo del INE estar\u00e1 en nuestro Municipio #Ixtacomitan Fechas: 26 de agosto del 25 Horario: De 9:00 a.m. a 3:00 Pm. Lugar: casa de la cultura unidad deportiva Recuerda traer tus documentos. #M\u00f3duloDelINE #UnidadTrabajoyTransformacion<\/p>\n","protected":false},"author":1,"featured_media":117922,"comment_status":"closed","ping_status":"closed","sticky":false,"template":"","format":"chat","meta":{"footnotes":""},"categories":[1],"tags":[],"class_list":["post-117921","post","type-post","status-publish","format-chat","has-post-thumbnail","hentry","category-general","post_format-post-format-chat"],"_links":{"self":[{"href":"https:\/\/elobservadorzonanorte.com.mx\/index.php?rest_route=\/wp\/v2\/posts\/117921","targetHints":{"allow":["GET"]}}],"collection":[{"href":"https:\/\/elobservadorzonanorte.com.mx\/index.php?rest_route=\/wp\/v2\/posts"}],"about":[{"href":"https:\/\/elobservadorzonanorte.com.mx\/index.php?rest_route=\/wp\/v2\/types\/post"}],"author":[{"embeddable":true,"href":"https:\/\/elobservadorzonanorte.com.mx\/index.php?rest_route=\/wp\/v2\/users\/1"}],"replies":[{"embeddable":true,"href":"https:\/\/elobservadorzonanorte.com.mx\/index.php?rest_route=%2Fwp%2Fv2%2Fcomments&post=117921"}],"version-history":[{"count":0,"href":"https:\/\/elobservadorzonanorte.com.mx\/index.php?rest_route=\/wp\/v2\/posts\/117921\/revisions"}],"wp:featuredmedia":[{"embeddable":true,"href":"https:\/\/elobservadorzonanorte.com.mx\/index.php?rest_route=\/wp\/v2\/media\/117922"}],"wp:attachment":[{"href":"https:\/\/elobservadorzonanorte.com.mx\/index.php?rest_route=%2Fwp%2Fv2%2Fmedia&parent=117921"}],"wp:term":[{"taxonomy":"category","embeddable":true,"href":"https:\/\/elobservadorzonanorte.com.mx\/index.php?rest_route=%2Fwp%2Fv2%2Fcategories&post=117921"},{"taxonomy":"post_tag","embeddable":true,"href":"https:\/\/elobservadorzonanorte.com.mx\/index.php?rest_route=%2Fwp%2Fv2%2Ftags&post=117921"}],"curies":[{"name":"wp","href":"https:\/\/api.w.org\/{rel}","templated":true}]}}