{"id":117915,"date":"2025-08-26T04:54:16","date_gmt":"2025-08-26T04:54:16","guid":{"rendered":"https:\/\/elobservadorzonanorte.com.mx\/?p=117915"},"modified":"2025-08-26T04:54:16","modified_gmt":"2025-08-26T04:54:16","slug":"dia-naranja-en-juarez","status":"publish","type":"post","link":"https:\/\/elobservadorzonanorte.com.mx\/?p=117915","title":{"rendered":"D\u00eda Naranja en Ju\u00e1rez"},"content":{"rendered":"\n<figure class=\"wp-block-image size-full\"><img decoding=\"async\" width=\"593\" height=\"395\" src=\"https:\/\/elobservadorzonanorte.com.mx\/wp-content\/uploads\/2025\/08\/539303388_3141012706067703_782377246565456112_n.jpg\" alt=\"\" class=\"wp-image-117916\" srcset=\"https:\/\/elobservadorzonanorte.com.mx\/wp-content\/uploads\/2025\/08\/539303388_3141012706067703_782377246565456112_n.jpg 593w, https:\/\/elobservadorzonanorte.com.mx\/wp-content\/uploads\/2025\/08\/539303388_3141012706067703_782377246565456112_n-300x200.jpg 300w\" sizes=\"(max-width: 593px) 100vw, 593px\" \/><\/figure>\n\n\n\n<figure class=\"wp-block-image size-full\"><img decoding=\"async\" width=\"593\" height=\"395\" src=\"https:\/\/elobservadorzonanorte.com.mx\/wp-content\/uploads\/2025\/08\/538987293_3141012739401033_5180774440038810247_n.jpg\" alt=\"\" class=\"wp-image-117917\" srcset=\"https:\/\/elobservadorzonanorte.com.mx\/wp-content\/uploads\/2025\/08\/538987293_3141012739401033_5180774440038810247_n.jpg 593w, https:\/\/elobservadorzonanorte.com.mx\/wp-content\/uploads\/2025\/08\/538987293_3141012739401033_5180774440038810247_n-300x200.jpg 300w\" sizes=\"(max-width: 593px) 100vw, 593px\" \/><\/figure>\n\n\n\n<figure class=\"wp-block-image size-full\"><img decoding=\"async\" width=\"593\" height=\"395\" src=\"https:\/\/elobservadorzonanorte.com.mx\/wp-content\/uploads\/2025\/08\/539501482_3141012832734357_2143500835520534912_n.jpg\" alt=\"\" class=\"wp-image-117918\" srcset=\"https:\/\/elobservadorzonanorte.com.mx\/wp-content\/uploads\/2025\/08\/539501482_3141012832734357_2143500835520534912_n.jpg 593w, https:\/\/elobservadorzonanorte.com.mx\/wp-content\/uploads\/2025\/08\/539501482_3141012832734357_2143500835520534912_n-300x200.jpg 300w\" sizes=\"(max-width: 593px) 100vw, 593px\" \/><\/figure>\n\n\n\n<figure class=\"wp-block-image size-full\"><img decoding=\"async\" width=\"593\" height=\"395\" src=\"https:\/\/elobservadorzonanorte.com.mx\/wp-content\/uploads\/2025\/08\/539162506_3141012909401016_7799782873693022553_n.jpg\" alt=\"\" class=\"wp-image-117919\" srcset=\"https:\/\/elobservadorzonanorte.com.mx\/wp-content\/uploads\/2025\/08\/539162506_3141012909401016_7799782873693022553_n.jpg 593w, https:\/\/elobservadorzonanorte.com.mx\/wp-content\/uploads\/2025\/08\/539162506_3141012909401016_7799782873693022553_n-300x200.jpg 300w\" sizes=\"(max-width: 593px) 100vw, 593px\" \/><\/figure>\n\n\n\n<p class=\"wp-block-paragraph\">En el marco de la conmemoraci\u00f3n del D\u00eda Naranja, el DIF Municipal Ju\u00e1rez, Chiapas 2024-2027, que preside la C.P. Sonia Calcaneo Montellano, llev\u00f3 a cabo un foro dirigido a las mujeres que colaboran dentro del gobierno Municipal, esto con la finalidad de reafirmar la importancia de prevenir y erradicar la violencia contra mujeres y ni\u00f1as.<\/p>\n\n\n\n<p class=\"wp-block-paragraph\">La ponencia estuvo a cargo de la Lic. Clara Isabel Rueda S\u00e1nchez, Psic\u00f3loga del CENTRA, quien comparti\u00f3 un mensaje de reflexi\u00f3n y sensibilizaci\u00f3n a las asistentes. En representaci\u00f3n de la presidenta del DIF, la Directora Mercedes \u00c1lvarez Rodr\u00edguez, reafirm\u00f3 el compromiso de dicha instituci\u00f3n y del gobierno municipal en seguir impulsando pol\u00edticas p\u00fablicas que permitan hacer conciencia en la poblaci\u00f3n para construir una sociedad mas justa y libre de violencia.<\/p>\n\n\n\n<p class=\"wp-block-paragraph\">En este importante evento se cont\u00f3 con la presencia de la S\u00edndico Municipal Felisa Soberano Zenteno en representaci\u00f3n del Presidente Municipal Oscar Serra Cantoral, asi como de diversos funcionarios del gobierno municipal.<\/p>\n\n\n\n<p class=\"wp-block-paragraph\">Con actividades como estas, reafirmamos nuestro compromiso de seguir construyendo una sociedad m\u00e1s justa, segura y con igualdad de oportunidades para todas y todos. <img decoding=\"async\" height=\"16\" width=\"16\" alt=\"\u2728\" src=\"https:\/\/static.xx.fbcdn.net\/images\/emoji.php\/v9\/tf4\/1\/16\/2728.png\"><\/p>\n\n\n\n<p class=\"wp-block-paragraph\">\u00a1En Ju\u00e1rez, decimos NO a la violencia y S\u00cd a la paz y el respeto! <img decoding=\"async\" height=\"16\" width=\"16\" alt=\"\ud83d\ude4c\" src=\"https:\/\/static.xx.fbcdn.net\/images\/emoji.php\/v9\/tfd\/1\/16\/1f64c.png\"><img decoding=\"async\" height=\"16\" width=\"16\" alt=\"\ud83e\udde1\" src=\"https:\/\/static.xx.fbcdn.net\/images\/emoji.php\/v9\/tfd\/1\/16\/1f9e1.png\"><\/p>\n\n\n\n<p class=\"wp-block-paragraph\"><a href=\"https:\/\/www.facebook.com\/hashtag\/siemprecontigo?__eep__=6&amp;__cft__[0]=AZWzkpPnHBx78HpJCsBB6NeX-fVeio-HgNu_Fj6xyowOKNnohHLQo2EO4vd6z3d1jwuRNQKJoZ41BkzqmY0O8iohUa6qyF11WTcWOz4k6AwMw3Eg0qEDFocNjDj2cykiawP4nY2Gs_4Oii_FHoGmA4oAzf87eRjcCioFYsG7AZXVF1HTMqlvNFSM_HaJzQOOkhs&amp;__tn__=*NK-R\" target=\"_blank\" rel=\"noopener\">#SiempreContigo<\/a><\/p>\n\n\n\n<p class=\"wp-block-paragraph\"><a href=\"https:\/\/www.facebook.com\/hashtag\/humanismoquetransforma?__eep__=6&amp;__cft__[0]=AZWzkpPnHBx78HpJCsBB6NeX-fVeio-HgNu_Fj6xyowOKNnohHLQo2EO4vd6z3d1jwuRNQKJoZ41BkzqmY0O8iohUa6qyF11WTcWOz4k6AwMw3Eg0qEDFocNjDj2cykiawP4nY2Gs_4Oii_FHoGmA4oAzf87eRjcCioFYsG7AZXVF1HTMqlvNFSM_HaJzQOOkhs&amp;__tn__=*NK-R\" target=\"_blank\" rel=\"noopener\">#HumanismoQueTransforma<\/a><\/p>\n\n\n\n<p class=\"wp-block-paragraph\"><a href=\"https:\/\/www.facebook.com\/hashtag\/sig%C3%A1moslohaciendojuntos?__eep__=6&amp;__cft__[0]=AZWzkpPnHBx78HpJCsBB6NeX-fVeio-HgNu_Fj6xyowOKNnohHLQo2EO4vd6z3d1jwuRNQKJoZ41BkzqmY0O8iohUa6qyF11WTcWOz4k6AwMw3Eg0qEDFocNjDj2cykiawP4nY2Gs_4Oii_FHoGmA4oAzf87eRjcCioFYsG7AZXVF1HTMqlvNFSM_HaJzQOOkhs&amp;__tn__=*NK-R\" target=\"_blank\" rel=\"noopener\">#Sig\u00e1mosloHaciendoJuntos<\/a><\/p>\n","protected":false},"excerpt":{"rendered":"<p>En el marco de la conmemoraci\u00f3n del D\u00eda Naranja, el DIF Municipal Ju\u00e1rez, Chiapas 2024-2027, que preside la C.P. Sonia Calcaneo Montellano, llev\u00f3 a cabo un foro dirigido a las mujeres que colaboran dentro del gobierno Municipal, esto con la finalidad de reafirmar la importancia de prevenir y erradicar la violencia contra mujeres y ni\u00f1as. [&hellip;]<\/p>\n","protected":false},"author":1,"featured_media":117918,"comment_status":"closed","ping_status":"closed","sticky":false,"template":"","format":"chat","meta":{"footnotes":""},"categories":[1],"tags":[],"class_list":["post-117915","post","type-post","status-publish","format-chat","has-post-thumbnail","hentry","category-general","post_format-post-format-chat"],"_links":{"self":[{"href":"https:\/\/elobservadorzonanorte.com.mx\/index.php?rest_route=\/wp\/v2\/posts\/117915","targetHints":{"allow":["GET"]}}],"collection":[{"href":"https:\/\/elobservadorzonanorte.com.mx\/index.php?rest_route=\/wp\/v2\/posts"}],"about":[{"href":"https:\/\/elobservadorzonanorte.com.mx\/index.php?rest_route=\/wp\/v2\/types\/post"}],"author":[{"embeddable":true,"href":"https:\/\/elobservadorzonanorte.com.mx\/index.php?rest_route=\/wp\/v2\/users\/1"}],"replies":[{"embeddable":true,"href":"https:\/\/elobservadorzonanorte.com.mx\/index.php?rest_route=%2Fwp%2Fv2%2Fcomments&post=117915"}],"version-history":[{"count":0,"href":"https:\/\/elobservadorzonanorte.com.mx\/index.php?rest_route=\/wp\/v2\/posts\/117915\/revisions"}],"wp:featuredmedia":[{"embeddable":true,"href":"https:\/\/elobservadorzonanorte.com.mx\/index.php?rest_route=\/wp\/v2\/media\/117918"}],"wp:attachment":[{"href":"https:\/\/elobservadorzonanorte.com.mx\/index.php?rest_route=%2Fwp%2Fv2%2Fmedia&parent=117915"}],"wp:term":[{"taxonomy":"category","embeddable":true,"href":"https:\/\/elobservadorzonanorte.com.mx\/index.php?rest_route=%2Fwp%2Fv2%2Fcategories&post=117915"},{"taxonomy":"post_tag","embeddable":true,"href":"https:\/\/elobservadorzonanorte.com.mx\/index.php?rest_route=%2Fwp%2Fv2%2Ftags&post=117915"}],"curies":[{"name":"wp","href":"https:\/\/api.w.org\/{rel}","templated":true}]}}