{"id":117898,"date":"2025-08-26T04:53:17","date_gmt":"2025-08-26T04:53:17","guid":{"rendered":"https:\/\/elobservadorzonanorte.com.mx\/?p=117898"},"modified":"2025-08-26T04:53:18","modified_gmt":"2025-08-26T04:53:18","slug":"concluye-con-exito-el-taller-de-ajedrez-del-programa-mis-vacaciones-en-mi-biblioteca-publica-2025","status":"publish","type":"post","link":"https:\/\/elobservadorzonanorte.com.mx\/?p=117898","title":{"rendered":"Concluye con \u00e9xito el Taller de Ajedrez del programa \u201cMis Vacaciones en mi Biblioteca P\u00fablica 2025\u201d"},"content":{"rendered":"\n<figure class=\"wp-block-image size-full\"><img decoding=\"async\" width=\"593\" height=\"395\" src=\"https:\/\/elobservadorzonanorte.com.mx\/wp-content\/uploads\/2025\/08\/539061193_3140878702747770_2297350336008652002_n.jpg\" alt=\"\" class=\"wp-image-117899\" srcset=\"https:\/\/elobservadorzonanorte.com.mx\/wp-content\/uploads\/2025\/08\/539061193_3140878702747770_2297350336008652002_n.jpg 593w, https:\/\/elobservadorzonanorte.com.mx\/wp-content\/uploads\/2025\/08\/539061193_3140878702747770_2297350336008652002_n-300x200.jpg 300w\" sizes=\"(max-width: 593px) 100vw, 593px\" \/><\/figure>\n\n\n\n<figure class=\"wp-block-image size-full\"><img decoding=\"async\" width=\"593\" height=\"395\" src=\"https:\/\/elobservadorzonanorte.com.mx\/wp-content\/uploads\/2025\/08\/538933058_3140878726081101_8022891163427592574_n.jpg\" alt=\"\" class=\"wp-image-117900\" srcset=\"https:\/\/elobservadorzonanorte.com.mx\/wp-content\/uploads\/2025\/08\/538933058_3140878726081101_8022891163427592574_n.jpg 593w, https:\/\/elobservadorzonanorte.com.mx\/wp-content\/uploads\/2025\/08\/538933058_3140878726081101_8022891163427592574_n-300x200.jpg 300w\" sizes=\"(max-width: 593px) 100vw, 593px\" \/><\/figure>\n\n\n\n<figure class=\"wp-block-image size-full\"><img decoding=\"async\" width=\"593\" height=\"395\" src=\"https:\/\/elobservadorzonanorte.com.mx\/wp-content\/uploads\/2025\/08\/538994084_3140878766081097_7338676467880998894_n.jpg\" alt=\"\" class=\"wp-image-117901\" srcset=\"https:\/\/elobservadorzonanorte.com.mx\/wp-content\/uploads\/2025\/08\/538994084_3140878766081097_7338676467880998894_n.jpg 593w, https:\/\/elobservadorzonanorte.com.mx\/wp-content\/uploads\/2025\/08\/538994084_3140878766081097_7338676467880998894_n-300x200.jpg 300w\" sizes=\"(max-width: 593px) 100vw, 593px\" \/><\/figure>\n\n\n\n<figure class=\"wp-block-image size-full\"><img decoding=\"async\" width=\"593\" height=\"395\" src=\"https:\/\/elobservadorzonanorte.com.mx\/wp-content\/uploads\/2025\/08\/538624752_3140878816081092_3653432602376661322_n.jpg\" alt=\"\" class=\"wp-image-117902\" srcset=\"https:\/\/elobservadorzonanorte.com.mx\/wp-content\/uploads\/2025\/08\/538624752_3140878816081092_3653432602376661322_n.jpg 593w, https:\/\/elobservadorzonanorte.com.mx\/wp-content\/uploads\/2025\/08\/538624752_3140878816081092_3653432602376661322_n-300x200.jpg 300w\" sizes=\"(max-width: 593px) 100vw, 593px\" \/><\/figure>\n\n\n\n<figure class=\"wp-block-image size-large\"><img decoding=\"async\" width=\"600\" height=\"400\" src=\"https:\/\/elobservadorzonanorte.com.mx\/wp-content\/uploads\/2025\/08\/539500336_3140878926081081_6178408142988998120_n-600x400.jpg\" alt=\"\" class=\"wp-image-117903\" srcset=\"https:\/\/elobservadorzonanorte.com.mx\/wp-content\/uploads\/2025\/08\/539500336_3140878926081081_6178408142988998120_n-600x400.jpg 600w, https:\/\/elobservadorzonanorte.com.mx\/wp-content\/uploads\/2025\/08\/539500336_3140878926081081_6178408142988998120_n-300x200.jpg 300w, https:\/\/elobservadorzonanorte.com.mx\/wp-content\/uploads\/2025\/08\/539500336_3140878926081081_6178408142988998120_n-768x512.jpg 768w, https:\/\/elobservadorzonanorte.com.mx\/wp-content\/uploads\/2025\/08\/539500336_3140878926081081_6178408142988998120_n.jpg 1280w\" sizes=\"(max-width: 600px) 100vw, 600px\" \/><\/figure>\n\n\n\n<p class=\"wp-block-paragraph\">El Gobierno Municipal de Pichucalco, que preside el Mtro. Andr\u00e9s Carballo C\u00f3rdova, se llev\u00f3 a cabo la clausura del Taller de Ajedrez como parte del programa \u201cMis Vacaciones en mi Biblioteca P\u00fablica 2025\u201d, iniciativa que promueve el aprendizaje l\u00fadico y el desarrollo intelectual de ni\u00f1as, ni\u00f1os y j\u00f3venes durante el periodo vacacional.<\/p>\n\n\n\n<p class=\"wp-block-paragraph\">El evento cont\u00f3 con la presencia del Presidente Municipal, Mtro. Andr\u00e9s Carballo C\u00f3rdova; la presidenta del DIF Municipal, Lic. Ana Karen Castillo Bibiloni; la regidora Mtra. Esperanza Tovilla Ju\u00e1rez; la directora de la Biblioteca P\u00fablica Municipal; y el instructor del taller, el joven Jahscel Guzm\u00e1n P\u00e9rez, quien comparti\u00f3 sus conocimientos con entusiasmo y dedicaci\u00f3n.<\/p>\n\n\n\n<p class=\"wp-block-paragraph\">Durante la clausura, se reconoci\u00f3 el esfuerzo de los participantes y se destac\u00f3 la importancia de fomentar espacios educativos que fortalezcan el pensamiento cr\u00edtico, la concentraci\u00f3n y el respeto entre pares.<\/p>\n\n\n\n<p class=\"wp-block-paragraph\">El Gobierno Municipal reafirma su compromiso con el impulso de actividades formativas que contribuyan al bienestar y desarrollo integral de la ni\u00f1ez pichucalque\u00f1a.<\/p>\n\n\n\n<p class=\"wp-block-paragraph\"><a href=\"https:\/\/www.facebook.com\/hashtag\/pichucalco?__eep__=6&amp;__cft__[0]=AZW2-y-roC6IXDjUCuSb5hW7uPDrWGrdmm8WnAbnMH_QwiMjIVQjodwl5lLnFXrT5nAxOssNVdAnQV8CEZcQOyyOFRIPUMoFPnySoLjBHEzX-R7K1qZ2fIuUJlrwdDjjVJWFbviY8-zNArSCCbPOCYIQg0aB15vMwqu0DjUDfXeOF0T3YNWUjyDoEwuzl93RfLs&amp;__tn__=*NK-R\" target=\"_blank\" rel=\"noopener\">#Pichucalco<\/a><a href=\"https:\/\/www.facebook.com\/hashtag\/accionesquecontribuyenalcambio?__eep__=6&amp;__cft__[0]=AZW2-y-roC6IXDjUCuSb5hW7uPDrWGrdmm8WnAbnMH_QwiMjIVQjodwl5lLnFXrT5nAxOssNVdAnQV8CEZcQOyyOFRIPUMoFPnySoLjBHEzX-R7K1qZ2fIuUJlrwdDjjVJWFbviY8-zNArSCCbPOCYIQg0aB15vMwqu0DjUDfXeOF0T3YNWUjyDoEwuzl93RfLs&amp;__tn__=*NK-R\" target=\"_blank\" rel=\"noopener\">#AccionesQueContribuyenAlCambio<\/a><a href=\"https:\/\/www.facebook.com\/hashtag\/vacacionesenmibiblioteca?__eep__=6&amp;__cft__[0]=AZW2-y-roC6IXDjUCuSb5hW7uPDrWGrdmm8WnAbnMH_QwiMjIVQjodwl5lLnFXrT5nAxOssNVdAnQV8CEZcQOyyOFRIPUMoFPnySoLjBHEzX-R7K1qZ2fIuUJlrwdDjjVJWFbviY8-zNArSCCbPOCYIQg0aB15vMwqu0DjUDfXeOF0T3YNWUjyDoEwuzl93RfLs&amp;__tn__=*NK-R\" target=\"_blank\" rel=\"noopener\">#vacacionesenmibiblioteca<\/a><a href=\"https:\/\/www.facebook.com\/hashtag\/ajedrez?__eep__=6&amp;__cft__[0]=AZW2-y-roC6IXDjUCuSb5hW7uPDrWGrdmm8WnAbnMH_QwiMjIVQjodwl5lLnFXrT5nAxOssNVdAnQV8CEZcQOyyOFRIPUMoFPnySoLjBHEzX-R7K1qZ2fIuUJlrwdDjjVJWFbviY8-zNArSCCbPOCYIQg0aB15vMwqu0DjUDfXeOF0T3YNWUjyDoEwuzl93RfLs&amp;__tn__=*NK-R\" target=\"_blank\" rel=\"noopener\">#ajedrez<\/a><\/p>\n","protected":false},"excerpt":{"rendered":"<p>El Gobierno Municipal de Pichucalco, que preside el Mtro. Andr\u00e9s Carballo C\u00f3rdova, se llev\u00f3 a cabo la clausura del Taller de Ajedrez como parte del programa \u201cMis Vacaciones en mi Biblioteca P\u00fablica 2025\u201d, iniciativa que promueve el aprendizaje l\u00fadico y el desarrollo intelectual de ni\u00f1as, ni\u00f1os y j\u00f3venes durante el periodo vacacional. El evento cont\u00f3 [&hellip;]<\/p>\n","protected":false},"author":1,"featured_media":117901,"comment_status":"closed","ping_status":"closed","sticky":false,"template":"","format":"chat","meta":{"footnotes":""},"categories":[1],"tags":[],"class_list":["post-117898","post","type-post","status-publish","format-chat","has-post-thumbnail","hentry","category-general","post_format-post-format-chat"],"_links":{"self":[{"href":"https:\/\/elobservadorzonanorte.com.mx\/index.php?rest_route=\/wp\/v2\/posts\/117898","targetHints":{"allow":["GET"]}}],"collection":[{"href":"https:\/\/elobservadorzonanorte.com.mx\/index.php?rest_route=\/wp\/v2\/posts"}],"about":[{"href":"https:\/\/elobservadorzonanorte.com.mx\/index.php?rest_route=\/wp\/v2\/types\/post"}],"author":[{"embeddable":true,"href":"https:\/\/elobservadorzonanorte.com.mx\/index.php?rest_route=\/wp\/v2\/users\/1"}],"replies":[{"embeddable":true,"href":"https:\/\/elobservadorzonanorte.com.mx\/index.php?rest_route=%2Fwp%2Fv2%2Fcomments&post=117898"}],"version-history":[{"count":0,"href":"https:\/\/elobservadorzonanorte.com.mx\/index.php?rest_route=\/wp\/v2\/posts\/117898\/revisions"}],"wp:featuredmedia":[{"embeddable":true,"href":"https:\/\/elobservadorzonanorte.com.mx\/index.php?rest_route=\/wp\/v2\/media\/117901"}],"wp:attachment":[{"href":"https:\/\/elobservadorzonanorte.com.mx\/index.php?rest_route=%2Fwp%2Fv2%2Fmedia&parent=117898"}],"wp:term":[{"taxonomy":"category","embeddable":true,"href":"https:\/\/elobservadorzonanorte.com.mx\/index.php?rest_route=%2Fwp%2Fv2%2Fcategories&post=117898"},{"taxonomy":"post_tag","embeddable":true,"href":"https:\/\/elobservadorzonanorte.com.mx\/index.php?rest_route=%2Fwp%2Fv2%2Ftags&post=117898"}],"curies":[{"name":"wp","href":"https:\/\/api.w.org\/{rel}","templated":true}]}}