{"id":117891,"date":"2025-08-26T04:52:44","date_gmt":"2025-08-26T04:52:44","guid":{"rendered":"https:\/\/elobservadorzonanorte.com.mx\/?p=117891"},"modified":"2025-08-26T04:52:44","modified_gmt":"2025-08-26T04:52:44","slug":"sagyp-y-unach-fortalecen-alianza-en-favor-del-sector-agropecuario-chiapaneco","status":"publish","type":"post","link":"https:\/\/elobservadorzonanorte.com.mx\/?p=117891","title":{"rendered":"SAGyP y UNACH fortalecen alianza en favor del sector agropecuario chiapaneco"},"content":{"rendered":"\n<figure class=\"wp-block-image size-full\"><img decoding=\"async\" width=\"592\" height=\"395\" src=\"https:\/\/elobservadorzonanorte.com.mx\/wp-content\/uploads\/2025\/08\/539583587_3140862972749343_865751564568901350_n.jpg\" alt=\"\" class=\"wp-image-117892\" srcset=\"https:\/\/elobservadorzonanorte.com.mx\/wp-content\/uploads\/2025\/08\/539583587_3140862972749343_865751564568901350_n.jpg 592w, https:\/\/elobservadorzonanorte.com.mx\/wp-content\/uploads\/2025\/08\/539583587_3140862972749343_865751564568901350_n-300x200.jpg 300w\" sizes=\"(max-width: 592px) 100vw, 592px\" \/><\/figure>\n\n\n\n<figure class=\"wp-block-image size-full\"><img decoding=\"async\" width=\"593\" height=\"395\" src=\"https:\/\/elobservadorzonanorte.com.mx\/wp-content\/uploads\/2025\/08\/538262038_3140863002749340_4639391949836269987_n.jpg\" alt=\"\" class=\"wp-image-117893\" srcset=\"https:\/\/elobservadorzonanorte.com.mx\/wp-content\/uploads\/2025\/08\/538262038_3140863002749340_4639391949836269987_n.jpg 593w, https:\/\/elobservadorzonanorte.com.mx\/wp-content\/uploads\/2025\/08\/538262038_3140863002749340_4639391949836269987_n-300x200.jpg 300w\" sizes=\"(max-width: 593px) 100vw, 593px\" \/><\/figure>\n\n\n\n<figure class=\"wp-block-image size-full\"><img decoding=\"async\" width=\"592\" height=\"395\" src=\"https:\/\/elobservadorzonanorte.com.mx\/wp-content\/uploads\/2025\/08\/538360008_3140863029416004_3314984604588750741_n.jpg\" alt=\"\" class=\"wp-image-117894\" srcset=\"https:\/\/elobservadorzonanorte.com.mx\/wp-content\/uploads\/2025\/08\/538360008_3140863029416004_3314984604588750741_n.jpg 592w, https:\/\/elobservadorzonanorte.com.mx\/wp-content\/uploads\/2025\/08\/538360008_3140863029416004_3314984604588750741_n-300x200.jpg 300w\" sizes=\"(max-width: 592px) 100vw, 592px\" \/><\/figure>\n\n\n\n<figure class=\"wp-block-image size-full\"><img decoding=\"async\" width=\"592\" height=\"395\" src=\"https:\/\/elobservadorzonanorte.com.mx\/wp-content\/uploads\/2025\/08\/538977935_3140863349415972_1823301868522810537_n.jpg\" alt=\"\" class=\"wp-image-117895\" srcset=\"https:\/\/elobservadorzonanorte.com.mx\/wp-content\/uploads\/2025\/08\/538977935_3140863349415972_1823301868522810537_n.jpg 592w, https:\/\/elobservadorzonanorte.com.mx\/wp-content\/uploads\/2025\/08\/538977935_3140863349415972_1823301868522810537_n-300x200.jpg 300w\" sizes=\"(max-width: 592px) 100vw, 592px\" \/><\/figure>\n\n\n\n<figure class=\"wp-block-image size-full\"><img decoding=\"async\" width=\"592\" height=\"395\" src=\"https:\/\/elobservadorzonanorte.com.mx\/wp-content\/uploads\/2025\/08\/539445895_3140863379415969_8303781226540340436_n.jpg\" alt=\"\" class=\"wp-image-117896\" srcset=\"https:\/\/elobservadorzonanorte.com.mx\/wp-content\/uploads\/2025\/08\/539445895_3140863379415969_8303781226540340436_n.jpg 592w, https:\/\/elobservadorzonanorte.com.mx\/wp-content\/uploads\/2025\/08\/539445895_3140863379415969_8303781226540340436_n-300x200.jpg 300w\" sizes=\"(max-width: 592px) 100vw, 592px\" \/><\/figure>\n\n\n\n<p class=\"wp-block-paragraph\">Tuxtla Guti\u00e9rrez, Chiapas.- El secretario de Agricultura, Ganader\u00eda y Pesca, Marco Antonio Barba Arrocha, encabez\u00f3 junto al rector de la Benem\u00e9rita Universidad Aut\u00f3noma de Chiapas, Oswaldo Chac\u00f3n Rojas, una reuni\u00f3n con productores, acad\u00e9micos y empresarios del sector agropecuario.<\/p>\n\n\n\n<p class=\"wp-block-paragraph\">Durante el encuentro, Barba Arrocha subray\u00f3 la necesidad de articular a los peque\u00f1os productores con la cadena de valor, mediante innovaci\u00f3n tecnol\u00f3gica y acompa\u00f1amiento universitario, para consolidar un campo competitivo y agroindustrial.<\/p>\n\n\n\n<p class=\"wp-block-paragraph\">El rector Oswaldo Chac\u00f3n Rojas destac\u00f3 que la UNACH pondr\u00e1 al servicio del sector agropecuario servicios tecnol\u00f3gicos, estudios especializados y proyectos que fortalezcan la productividad y competitividad del campo chiapaneco.<\/p>\n\n\n\n<p class=\"wp-block-paragraph\">En la reuni\u00f3n participaron el subsecretario de Ganader\u00eda, H\u00e9ctor Albores Cruz; el director de Fomento y Desarrollo Agr\u00edcola, C\u00e9sar Antonio N\u00e1jera Tovar; y el presidente de la Uni\u00f3n Ganadera Regional de Chiapas, Carlos Marh Casta\u00f1\u00f3n, entre otros.<\/p>\n\n\n\n<p class=\"wp-block-paragraph\">Tambi\u00e9n asistieron representantes de la Facultad de Medicina Veterinaria y Zootecnia, Ciencias Agron\u00f3micas y Agroindustriales de la UNACH, adem\u00e1s de empresarios ganaderos, Criadores de Razas Puras y productores de leche quienes refrendaron su disposici\u00f3n de trabajar junto al gobierno estatal.<\/p>\n\n\n\n<p class=\"wp-block-paragraph\"><a href=\"https:\/\/www.facebook.com\/hashtag\/humanismoquetransforma?__eep__=6&amp;__cft__[0]=AZVxbrSMjiKsvjiPUfpdo2PMor8r3ogwpaZj70vmUB852xM0qw7e1yaapvn_6M4ukNhFYyXEiRJHpYmvMPkKX8FJQCTeyeJ-mcbYaYIWtbBajFICG15dqRLCXJSpedxDa1tK4Pk-fXwPBORLjH6NYjbiwH-NwlUxWDiMQ_t9jgaXBZ0AmIlKh7BYXl79AU_lmbs&amp;__tn__=*NK-R\" target=\"_blank\" rel=\"noopener\">#HumanismoQueTransforma<\/a><a href=\"https:\/\/www.facebook.com\/EduardoRamirezSenador?__cft__[0]=AZVxbrSMjiKsvjiPUfpdo2PMor8r3ogwpaZj70vmUB852xM0qw7e1yaapvn_6M4ukNhFYyXEiRJHpYmvMPkKX8FJQCTeyeJ-mcbYaYIWtbBajFICG15dqRLCXJSpedxDa1tK4Pk-fXwPBORLjH6NYjbiwH-NwlUxWDiMQ_t9jgaXBZ0AmIlKh7BYXl79AU_lmbs&amp;__tn__=-]K-R\" target=\"_blank\" rel=\"noopener\">Eduardo Ram\u00edrez<\/a><\/p>\n","protected":false},"excerpt":{"rendered":"<p>Tuxtla Guti\u00e9rrez, Chiapas.- El secretario de Agricultura, Ganader\u00eda y Pesca, Marco Antonio Barba Arrocha, encabez\u00f3 junto al rector de la Benem\u00e9rita Universidad Aut\u00f3noma de Chiapas, Oswaldo Chac\u00f3n Rojas, una reuni\u00f3n con productores, acad\u00e9micos y empresarios del sector agropecuario. Durante el encuentro, Barba Arrocha subray\u00f3 la necesidad de articular a los peque\u00f1os productores con la cadena [&hellip;]<\/p>\n","protected":false},"author":1,"featured_media":117895,"comment_status":"closed","ping_status":"closed","sticky":false,"template":"","format":"chat","meta":{"footnotes":""},"categories":[1],"tags":[],"class_list":["post-117891","post","type-post","status-publish","format-chat","has-post-thumbnail","hentry","category-general","post_format-post-format-chat"],"_links":{"self":[{"href":"https:\/\/elobservadorzonanorte.com.mx\/index.php?rest_route=\/wp\/v2\/posts\/117891","targetHints":{"allow":["GET"]}}],"collection":[{"href":"https:\/\/elobservadorzonanorte.com.mx\/index.php?rest_route=\/wp\/v2\/posts"}],"about":[{"href":"https:\/\/elobservadorzonanorte.com.mx\/index.php?rest_route=\/wp\/v2\/types\/post"}],"author":[{"embeddable":true,"href":"https:\/\/elobservadorzonanorte.com.mx\/index.php?rest_route=\/wp\/v2\/users\/1"}],"replies":[{"embeddable":true,"href":"https:\/\/elobservadorzonanorte.com.mx\/index.php?rest_route=%2Fwp%2Fv2%2Fcomments&post=117891"}],"version-history":[{"count":0,"href":"https:\/\/elobservadorzonanorte.com.mx\/index.php?rest_route=\/wp\/v2\/posts\/117891\/revisions"}],"wp:featuredmedia":[{"embeddable":true,"href":"https:\/\/elobservadorzonanorte.com.mx\/index.php?rest_route=\/wp\/v2\/media\/117895"}],"wp:attachment":[{"href":"https:\/\/elobservadorzonanorte.com.mx\/index.php?rest_route=%2Fwp%2Fv2%2Fmedia&parent=117891"}],"wp:term":[{"taxonomy":"category","embeddable":true,"href":"https:\/\/elobservadorzonanorte.com.mx\/index.php?rest_route=%2Fwp%2Fv2%2Fcategories&post=117891"},{"taxonomy":"post_tag","embeddable":true,"href":"https:\/\/elobservadorzonanorte.com.mx\/index.php?rest_route=%2Fwp%2Fv2%2Ftags&post=117891"}],"curies":[{"name":"wp","href":"https:\/\/api.w.org\/{rel}","templated":true}]}}