{"id":117888,"date":"2025-08-26T04:52:23","date_gmt":"2025-08-26T04:52:23","guid":{"rendered":"https:\/\/elobservadorzonanorte.com.mx\/?p=117888"},"modified":"2025-08-26T04:52:23","modified_gmt":"2025-08-26T04:52:23","slug":"la-secretaria-de-agricultura-ganaderia-y-pesca-de-chiapas-participo-en-la-5a-sesion-ordinaria-del-comite-consultivo-de-semillas-ccoschis-celebrada-en-la-oficina-de-representacion-federal-de-agricu","status":"publish","type":"post","link":"https:\/\/elobservadorzonanorte.com.mx\/?p=117888","title":{"rendered":"La Secretar\u00eda de Agricultura, Ganader\u00eda y Pesca de Chiapas particip\u00f3 en la 5\u00aa Sesi\u00f3n Ordinaria del Comit\u00e9 Consultivo de Semillas (CCOSCHIS), celebrada en la Oficina de Representaci\u00f3n Federal de Agricultura en Chiapas."},"content":{"rendered":"\n<figure class=\"wp-block-image size-large\"><img decoding=\"async\" width=\"600\" height=\"400\" src=\"https:\/\/elobservadorzonanorte.com.mx\/wp-content\/uploads\/2025\/08\/539635276_3140861922749448_456840585161247844_n-600x400.jpg\" alt=\"\" class=\"wp-image-117889\" srcset=\"https:\/\/elobservadorzonanorte.com.mx\/wp-content\/uploads\/2025\/08\/539635276_3140861922749448_456840585161247844_n-600x400.jpg 600w, https:\/\/elobservadorzonanorte.com.mx\/wp-content\/uploads\/2025\/08\/539635276_3140861922749448_456840585161247844_n-300x200.jpg 300w, https:\/\/elobservadorzonanorte.com.mx\/wp-content\/uploads\/2025\/08\/539635276_3140861922749448_456840585161247844_n-768x512.jpg 768w, https:\/\/elobservadorzonanorte.com.mx\/wp-content\/uploads\/2025\/08\/539635276_3140861922749448_456840585161247844_n.jpg 810w\" sizes=\"(max-width: 600px) 100vw, 600px\" \/><\/figure>\n\n\n\n<p class=\"wp-block-paragraph\">En representaci\u00f3n de la SAGyP, el director de Fomento y Desarrollo Agr\u00edcola, C\u00e9sar Antonio N\u00e1jera Tovar, destac\u00f3 que la semilla certificada es el punto de partida de toda cadena productiva, porque garantiza mejores rendimientos y ofrece certeza a las familias campesinas.<\/p>\n\n\n\n<p class=\"wp-block-paragraph\">\u201cEl campo chiapaneco requiere semillas que brinden confianza, productividad y adaptaci\u00f3n a nuestras condiciones agroecol\u00f3gicas. Este Comit\u00e9 tiene la misi\u00f3n de dar certeza y calidad a las y los productores\u201d, expres\u00f3 el funcionario que acudi\u00f3 en representaci\u00f3n del Secretario de Agricultura, Ganader\u00eda y Pesca, Marco Antonio Barba Arrocha .<\/p>\n\n\n\n<p class=\"wp-block-paragraph\">La sesi\u00f3n se desarroll\u00f3 con la participaci\u00f3n de autoridades estatales, federales, investigadores y acad\u00e9micos. En la agenda se abordaron temas como la certificaci\u00f3n de semillas, el registro de variedades nativas y la oferta de nuevas semillas generadas por el Instituto Nacional de Investigaciones Forestales, Agr\u00edcolas y Pecuarias (INIFAP).<\/p>\n\n\n\n<p class=\"wp-block-paragraph\"><a href=\"https:\/\/www.facebook.com\/hashtag\/chiapasproduce?__eep__=6&amp;__cft__[0]=AZXBPVBNf-31XK3TYxXWo9uDKsQxJdWxN4bsgCsPohu8SliKxhM5R-5b_ekHXuljsuIJ3wE-9j5Rs4k7FZUiu4AweNXWhHGMmu2nozhJmKOfGZyGmi2inyZuxizrRaEI_0bhyzzOQM5u4D64aDRlecupewMf1Jvywx1nvJswEa6peM1irEX55G4XzqUkTdoBFlA&amp;__tn__=*NK-R\" target=\"_blank\" rel=\"noopener\">#ChiapasProduce<\/a><a href=\"https:\/\/www.facebook.com\/hashtag\/semillasdefuturo?__eep__=6&amp;__cft__[0]=AZXBPVBNf-31XK3TYxXWo9uDKsQxJdWxN4bsgCsPohu8SliKxhM5R-5b_ekHXuljsuIJ3wE-9j5Rs4k7FZUiu4AweNXWhHGMmu2nozhJmKOfGZyGmi2inyZuxizrRaEI_0bhyzzOQM5u4D64aDRlecupewMf1Jvywx1nvJswEa6peM1irEX55G4XzqUkTdoBFlA&amp;__tn__=*NK-R\" target=\"_blank\" rel=\"noopener\">#SemillasDeFuturo<\/a><a href=\"https:\/\/www.facebook.com\/hashtag\/sagyp?__eep__=6&amp;__cft__[0]=AZXBPVBNf-31XK3TYxXWo9uDKsQxJdWxN4bsgCsPohu8SliKxhM5R-5b_ekHXuljsuIJ3wE-9j5Rs4k7FZUiu4AweNXWhHGMmu2nozhJmKOfGZyGmi2inyZuxizrRaEI_0bhyzzOQM5u4D64aDRlecupewMf1Jvywx1nvJswEa6peM1irEX55G4XzqUkTdoBFlA&amp;__tn__=*NK-R\" target=\"_blank\" rel=\"noopener\">#SAGyP<\/a><\/p>\n","protected":false},"excerpt":{"rendered":"<p>En representaci\u00f3n de la SAGyP, el director de Fomento y Desarrollo Agr\u00edcola, C\u00e9sar Antonio N\u00e1jera Tovar, destac\u00f3 que la semilla certificada es el punto de partida de toda cadena productiva, porque garantiza mejores rendimientos y ofrece certeza a las familias campesinas. \u201cEl campo chiapaneco requiere semillas que brinden confianza, productividad y adaptaci\u00f3n a nuestras condiciones [&hellip;]<\/p>\n","protected":false},"author":1,"featured_media":117889,"comment_status":"closed","ping_status":"closed","sticky":false,"template":"","format":"chat","meta":{"footnotes":""},"categories":[1],"tags":[],"class_list":["post-117888","post","type-post","status-publish","format-chat","has-post-thumbnail","hentry","category-general","post_format-post-format-chat"],"_links":{"self":[{"href":"https:\/\/elobservadorzonanorte.com.mx\/index.php?rest_route=\/wp\/v2\/posts\/117888","targetHints":{"allow":["GET"]}}],"collection":[{"href":"https:\/\/elobservadorzonanorte.com.mx\/index.php?rest_route=\/wp\/v2\/posts"}],"about":[{"href":"https:\/\/elobservadorzonanorte.com.mx\/index.php?rest_route=\/wp\/v2\/types\/post"}],"author":[{"embeddable":true,"href":"https:\/\/elobservadorzonanorte.com.mx\/index.php?rest_route=\/wp\/v2\/users\/1"}],"replies":[{"embeddable":true,"href":"https:\/\/elobservadorzonanorte.com.mx\/index.php?rest_route=%2Fwp%2Fv2%2Fcomments&post=117888"}],"version-history":[{"count":0,"href":"https:\/\/elobservadorzonanorte.com.mx\/index.php?rest_route=\/wp\/v2\/posts\/117888\/revisions"}],"wp:featuredmedia":[{"embeddable":true,"href":"https:\/\/elobservadorzonanorte.com.mx\/index.php?rest_route=\/wp\/v2\/media\/117889"}],"wp:attachment":[{"href":"https:\/\/elobservadorzonanorte.com.mx\/index.php?rest_route=%2Fwp%2Fv2%2Fmedia&parent=117888"}],"wp:term":[{"taxonomy":"category","embeddable":true,"href":"https:\/\/elobservadorzonanorte.com.mx\/index.php?rest_route=%2Fwp%2Fv2%2Fcategories&post=117888"},{"taxonomy":"post_tag","embeddable":true,"href":"https:\/\/elobservadorzonanorte.com.mx\/index.php?rest_route=%2Fwp%2Fv2%2Ftags&post=117888"}],"curies":[{"name":"wp","href":"https:\/\/api.w.org\/{rel}","templated":true}]}}