{"id":117878,"date":"2025-08-26T04:51:52","date_gmt":"2025-08-26T04:51:52","guid":{"rendered":"https:\/\/elobservadorzonanorte.com.mx\/?p=117878"},"modified":"2025-08-26T04:51:52","modified_gmt":"2025-08-26T04:51:52","slug":"el-presidente-municipal-oscar-serra-cantoral-junto-al-delegado-regional-de-proteccion-civil-francisco-velasco-cantoral-encabezo-los-trabajos-del-consejo-municipal-de-proteccion-civil","status":"publish","type":"post","link":"https:\/\/elobservadorzonanorte.com.mx\/?p=117878","title":{"rendered":"El Presidente Municipal Oscar Serra Cantoral junto al Delegado Regional de Protecci\u00f3n Civil Francisco Velasco Cantoral encabez\u00f3 los trabajos del Consejo Municipal de Protecci\u00f3n Civil"},"content":{"rendered":"\n<figure class=\"wp-block-image size-full\"><img decoding=\"async\" width=\"600\" height=\"450\" src=\"https:\/\/elobservadorzonanorte.com.mx\/wp-content\/uploads\/2025\/08\/538205556_3140855912750049_5836486207941353908_n.jpg\" alt=\"\" class=\"wp-image-117879\" srcset=\"https:\/\/elobservadorzonanorte.com.mx\/wp-content\/uploads\/2025\/08\/538205556_3140855912750049_5836486207941353908_n.jpg 600w, https:\/\/elobservadorzonanorte.com.mx\/wp-content\/uploads\/2025\/08\/538205556_3140855912750049_5836486207941353908_n-300x225.jpg 300w\" sizes=\"(max-width: 600px) 100vw, 600px\" \/><\/figure>\n\n\n\n<figure class=\"wp-block-image size-full\"><img decoding=\"async\" width=\"600\" height=\"450\" src=\"https:\/\/elobservadorzonanorte.com.mx\/wp-content\/uploads\/2025\/08\/538297778_3140855942750046_3700901438496734838_n.jpg\" alt=\"\" class=\"wp-image-117880\" srcset=\"https:\/\/elobservadorzonanorte.com.mx\/wp-content\/uploads\/2025\/08\/538297778_3140855942750046_3700901438496734838_n.jpg 600w, https:\/\/elobservadorzonanorte.com.mx\/wp-content\/uploads\/2025\/08\/538297778_3140855942750046_3700901438496734838_n-300x225.jpg 300w\" sizes=\"(max-width: 600px) 100vw, 600px\" \/><\/figure>\n\n\n\n<figure class=\"wp-block-image size-full\"><img decoding=\"async\" width=\"600\" height=\"450\" src=\"https:\/\/elobservadorzonanorte.com.mx\/wp-content\/uploads\/2025\/08\/538633248_3140855976083376_8841798099549122312_n.jpg\" alt=\"\" class=\"wp-image-117881\" srcset=\"https:\/\/elobservadorzonanorte.com.mx\/wp-content\/uploads\/2025\/08\/538633248_3140855976083376_8841798099549122312_n.jpg 600w, https:\/\/elobservadorzonanorte.com.mx\/wp-content\/uploads\/2025\/08\/538633248_3140855976083376_8841798099549122312_n-300x225.jpg 300w\" sizes=\"(max-width: 600px) 100vw, 600px\" \/><\/figure>\n\n\n\n<p class=\"wp-block-paragraph\">Esta acci\u00f3n con la finalidad de evaluar los da\u00f1os ocasionados por las fuertes lluvias que azotaron el fin de semana al municipio.<\/p>\n\n\n\n<p class=\"wp-block-paragraph\">En esta importante reuni\u00f3n participaron tambi\u00e9n el Delegado de Gobierno de Reforma Carlos Mario P\u00e9rez Gallegos, la presidenta del DIF Municipal Ju\u00e1rez, Chiapas 2024-2027 Cp. Sonia Calcaneo Montellano, el regidor integrante de la Comisi\u00f3n de Protecci\u00f3n Civil Carlos Augusto Morales Ch\u00e1vez, as\u00ed como el Secretario de Protecci\u00f3n Civil Ju\u00e1rez Luis Benjamin Pichardo Soberano y dem\u00e1s funcionarios estatales y municipales integrantes de este consejo.<\/p>\n\n\n\n<p class=\"wp-block-paragraph\"><a href=\"https:\/\/www.facebook.com\/hashtag\/humanismoquetransforma?__eep__=6&amp;__cft__[0]=AZXP4kvKPJ6ob94vwlDNpfD1tX4kNPVYTA3tz4KaL_F0x3bDcfV3xNCBgXcBRUSeP2nGDkUqQ1hVeEbYfvgdxrs9v0vwlgP3tu3iGco_e7izQeOtA9iJ-taDhbyEBhHjuwsKLp3PYuD8LAZvMbwOXwWAUfBraczPHjDqSdltlXmfwjKt5uucoYasvC1GVxelpOE&amp;__tn__=*NK-R\" target=\"_blank\" rel=\"noopener\">#HumanismoQueTransforma<\/a><\/p>\n\n\n\n<p class=\"wp-block-paragraph\"><a href=\"https:\/\/www.facebook.com\/hashtag\/sig%C3%A1moslohaciendojuntos?__eep__=6&amp;__cft__[0]=AZXP4kvKPJ6ob94vwlDNpfD1tX4kNPVYTA3tz4KaL_F0x3bDcfV3xNCBgXcBRUSeP2nGDkUqQ1hVeEbYfvgdxrs9v0vwlgP3tu3iGco_e7izQeOtA9iJ-taDhbyEBhHjuwsKLp3PYuD8LAZvMbwOXwWAUfBraczPHjDqSdltlXmfwjKt5uucoYasvC1GVxelpOE&amp;__tn__=*NK-R\" target=\"_blank\" rel=\"noopener\">#Sig\u00e1mosloHaciendoJuntos<\/a><\/p>\n\n\n\n<p class=\"wp-block-paragraph\"><a href=\"https:\/\/www.facebook.com\/hashtag\/siemprecontigo?__eep__=6&amp;__cft__[0]=AZXP4kvKPJ6ob94vwlDNpfD1tX4kNPVYTA3tz4KaL_F0x3bDcfV3xNCBgXcBRUSeP2nGDkUqQ1hVeEbYfvgdxrs9v0vwlgP3tu3iGco_e7izQeOtA9iJ-taDhbyEBhHjuwsKLp3PYuD8LAZvMbwOXwWAUfBraczPHjDqSdltlXmfwjKt5uucoYasvC1GVxelpOE&amp;__tn__=*NK-R\" target=\"_blank\" rel=\"noopener\">#SiempreContigo<\/a><\/p>\n","protected":false},"excerpt":{"rendered":"<p>Esta acci\u00f3n con la finalidad de evaluar los da\u00f1os ocasionados por las fuertes lluvias que azotaron el fin de semana al municipio. En esta importante reuni\u00f3n participaron tambi\u00e9n el Delegado de Gobierno de Reforma Carlos Mario P\u00e9rez Gallegos, la presidenta del DIF Municipal Ju\u00e1rez, Chiapas 2024-2027 Cp. Sonia Calcaneo Montellano, el regidor integrante de la [&hellip;]<\/p>\n","protected":false},"author":1,"featured_media":117879,"comment_status":"closed","ping_status":"closed","sticky":false,"template":"","format":"chat","meta":{"footnotes":""},"categories":[1],"tags":[],"class_list":["post-117878","post","type-post","status-publish","format-chat","has-post-thumbnail","hentry","category-general","post_format-post-format-chat"],"_links":{"self":[{"href":"https:\/\/elobservadorzonanorte.com.mx\/index.php?rest_route=\/wp\/v2\/posts\/117878","targetHints":{"allow":["GET"]}}],"collection":[{"href":"https:\/\/elobservadorzonanorte.com.mx\/index.php?rest_route=\/wp\/v2\/posts"}],"about":[{"href":"https:\/\/elobservadorzonanorte.com.mx\/index.php?rest_route=\/wp\/v2\/types\/post"}],"author":[{"embeddable":true,"href":"https:\/\/elobservadorzonanorte.com.mx\/index.php?rest_route=\/wp\/v2\/users\/1"}],"replies":[{"embeddable":true,"href":"https:\/\/elobservadorzonanorte.com.mx\/index.php?rest_route=%2Fwp%2Fv2%2Fcomments&post=117878"}],"version-history":[{"count":0,"href":"https:\/\/elobservadorzonanorte.com.mx\/index.php?rest_route=\/wp\/v2\/posts\/117878\/revisions"}],"wp:featuredmedia":[{"embeddable":true,"href":"https:\/\/elobservadorzonanorte.com.mx\/index.php?rest_route=\/wp\/v2\/media\/117879"}],"wp:attachment":[{"href":"https:\/\/elobservadorzonanorte.com.mx\/index.php?rest_route=%2Fwp%2Fv2%2Fmedia&parent=117878"}],"wp:term":[{"taxonomy":"category","embeddable":true,"href":"https:\/\/elobservadorzonanorte.com.mx\/index.php?rest_route=%2Fwp%2Fv2%2Fcategories&post=117878"},{"taxonomy":"post_tag","embeddable":true,"href":"https:\/\/elobservadorzonanorte.com.mx\/index.php?rest_route=%2Fwp%2Fv2%2Ftags&post=117878"}],"curies":[{"name":"wp","href":"https:\/\/api.w.org\/{rel}","templated":true}]}}