{"id":117873,"date":"2025-08-26T04:51:35","date_gmt":"2025-08-26T04:51:35","guid":{"rendered":"https:\/\/elobservadorzonanorte.com.mx\/?p=117873"},"modified":"2025-08-26T04:51:36","modified_gmt":"2025-08-26T04:51:36","slug":"imdem-conmemora-el-dia-naranja-con-charla-dirigida-a-mujeres","status":"publish","type":"post","link":"https:\/\/elobservadorzonanorte.com.mx\/?p=117873","title":{"rendered":"IMDEM conmemora el D\u00eda Naranja con charla dirigida a mujeres"},"content":{"rendered":"\n<figure class=\"wp-block-image size-full\"><img decoding=\"async\" width=\"593\" height=\"395\" src=\"https:\/\/elobservadorzonanorte.com.mx\/wp-content\/uploads\/2025\/08\/538458102_3140854432750197_3655346555581530570_n.jpg\" alt=\"\" class=\"wp-image-117874\" srcset=\"https:\/\/elobservadorzonanorte.com.mx\/wp-content\/uploads\/2025\/08\/538458102_3140854432750197_3655346555581530570_n.jpg 593w, https:\/\/elobservadorzonanorte.com.mx\/wp-content\/uploads\/2025\/08\/538458102_3140854432750197_3655346555581530570_n-300x200.jpg 300w\" sizes=\"(max-width: 593px) 100vw, 593px\" \/><\/figure>\n\n\n\n<figure class=\"wp-block-image size-full\"><img decoding=\"async\" width=\"593\" height=\"395\" src=\"https:\/\/elobservadorzonanorte.com.mx\/wp-content\/uploads\/2025\/08\/539281529_3140854479416859_2643570314176860954_n.jpg\" alt=\"\" class=\"wp-image-117875\" srcset=\"https:\/\/elobservadorzonanorte.com.mx\/wp-content\/uploads\/2025\/08\/539281529_3140854479416859_2643570314176860954_n.jpg 593w, https:\/\/elobservadorzonanorte.com.mx\/wp-content\/uploads\/2025\/08\/539281529_3140854479416859_2643570314176860954_n-300x200.jpg 300w\" sizes=\"(max-width: 593px) 100vw, 593px\" \/><\/figure>\n\n\n\n<figure class=\"wp-block-image size-full\"><img decoding=\"async\" width=\"593\" height=\"395\" src=\"https:\/\/elobservadorzonanorte.com.mx\/wp-content\/uploads\/2025\/08\/538560951_3140854516083522_1987168288808277527_n.jpg\" alt=\"\" class=\"wp-image-117876\" srcset=\"https:\/\/elobservadorzonanorte.com.mx\/wp-content\/uploads\/2025\/08\/538560951_3140854516083522_1987168288808277527_n.jpg 593w, https:\/\/elobservadorzonanorte.com.mx\/wp-content\/uploads\/2025\/08\/538560951_3140854516083522_1987168288808277527_n-300x200.jpg 300w\" sizes=\"(max-width: 593px) 100vw, 593px\" \/><\/figure>\n\n\n\n<p class=\"wp-block-paragraph\">El Gobierno Municipal de Pichucalco, que preside el Mtro. Andr\u00e9s Carballo C\u00f3rdova, a trav\u00e9s del Instituto Municipal del Empoderamiento de la Mujer (IMDEM), llev\u00f3 a cabo una charla dirigida a mujeres en el marco de la conmemoraci\u00f3n del D\u00eda Naranja, celebrado cada d\u00eda 25 de mes.<\/p>\n\n\n\n<p class=\"wp-block-paragraph\">Esta iniciativa tiene como prop\u00f3sito generar conciencia y promover acciones para erradicar la violencia contra las mujeres y ni\u00f1as. Durante el encuentro, se abordaron temas relacionados con la prevenci\u00f3n, el empoderamiento femenino y el fortalecimiento de redes de apoyo comunitario.<\/p>\n\n\n\n<p class=\"wp-block-paragraph\">El Gobierno Municipal reafirma su compromiso con la construcci\u00f3n de una sociedad m\u00e1s justa, segura e igualitaria, donde todas las mujeres vivan libres de violencia.<\/p>\n\n\n\n<p class=\"wp-block-paragraph\">\u00a1Cada 25 es un llamado a la acci\u00f3n! Juntas y juntos, construimos un Pichucalco m\u00e1s digno y respetuoso.<\/p>\n\n\n\n<p class=\"wp-block-paragraph\"><a href=\"https:\/\/www.facebook.com\/hashtag\/pichucalco?__eep__=6&amp;__cft__[0]=AZVk5tLt3EqsEPcX5gcx800moxzTi5VkGCAaf82tBMBsaXXW-0la5umjX7_FzeJDl4G8v1IZo-U41X5j7_qHWkDW0NZoFRCmDCJBQpWVYmdlLHAywiSz5B9OPM5wn1zFbjscxOucEj4FjCmlhEzAxLl2O_evQIWtxHSjIsGf_4LGUakHtU89OHK_XvveJ2XcY2I&amp;__tn__=*NK-R\" target=\"_blank\" rel=\"noopener\">#Pichucalco<\/a><a href=\"https:\/\/www.facebook.com\/hashtag\/accionesquecontribuyenalcambio?__eep__=6&amp;__cft__[0]=AZVk5tLt3EqsEPcX5gcx800moxzTi5VkGCAaf82tBMBsaXXW-0la5umjX7_FzeJDl4G8v1IZo-U41X5j7_qHWkDW0NZoFRCmDCJBQpWVYmdlLHAywiSz5B9OPM5wn1zFbjscxOucEj4FjCmlhEzAxLl2O_evQIWtxHSjIsGf_4LGUakHtU89OHK_XvveJ2XcY2I&amp;__tn__=*NK-R\" target=\"_blank\" rel=\"noopener\">#AccionesQueContribuyenAlCambio<\/a><a href=\"https:\/\/www.facebook.com\/hashtag\/imdem?__eep__=6&amp;__cft__[0]=AZVk5tLt3EqsEPcX5gcx800moxzTi5VkGCAaf82tBMBsaXXW-0la5umjX7_FzeJDl4G8v1IZo-U41X5j7_qHWkDW0NZoFRCmDCJBQpWVYmdlLHAywiSz5B9OPM5wn1zFbjscxOucEj4FjCmlhEzAxLl2O_evQIWtxHSjIsGf_4LGUakHtU89OHK_XvveJ2XcY2I&amp;__tn__=*NK-R\" target=\"_blank\" rel=\"noopener\">#IMDEM<\/a><\/p>\n","protected":false},"excerpt":{"rendered":"<p>El Gobierno Municipal de Pichucalco, que preside el Mtro. Andr\u00e9s Carballo C\u00f3rdova, a trav\u00e9s del Instituto Municipal del Empoderamiento de la Mujer (IMDEM), llev\u00f3 a cabo una charla dirigida a mujeres en el marco de la conmemoraci\u00f3n del D\u00eda Naranja, celebrado cada d\u00eda 25 de mes. Esta iniciativa tiene como prop\u00f3sito generar conciencia y promover [&hellip;]<\/p>\n","protected":false},"author":1,"featured_media":117875,"comment_status":"closed","ping_status":"closed","sticky":false,"template":"","format":"chat","meta":{"footnotes":""},"categories":[1],"tags":[],"class_list":["post-117873","post","type-post","status-publish","format-chat","has-post-thumbnail","hentry","category-general","post_format-post-format-chat"],"_links":{"self":[{"href":"https:\/\/elobservadorzonanorte.com.mx\/index.php?rest_route=\/wp\/v2\/posts\/117873","targetHints":{"allow":["GET"]}}],"collection":[{"href":"https:\/\/elobservadorzonanorte.com.mx\/index.php?rest_route=\/wp\/v2\/posts"}],"about":[{"href":"https:\/\/elobservadorzonanorte.com.mx\/index.php?rest_route=\/wp\/v2\/types\/post"}],"author":[{"embeddable":true,"href":"https:\/\/elobservadorzonanorte.com.mx\/index.php?rest_route=\/wp\/v2\/users\/1"}],"replies":[{"embeddable":true,"href":"https:\/\/elobservadorzonanorte.com.mx\/index.php?rest_route=%2Fwp%2Fv2%2Fcomments&post=117873"}],"version-history":[{"count":0,"href":"https:\/\/elobservadorzonanorte.com.mx\/index.php?rest_route=\/wp\/v2\/posts\/117873\/revisions"}],"wp:featuredmedia":[{"embeddable":true,"href":"https:\/\/elobservadorzonanorte.com.mx\/index.php?rest_route=\/wp\/v2\/media\/117875"}],"wp:attachment":[{"href":"https:\/\/elobservadorzonanorte.com.mx\/index.php?rest_route=%2Fwp%2Fv2%2Fmedia&parent=117873"}],"wp:term":[{"taxonomy":"category","embeddable":true,"href":"https:\/\/elobservadorzonanorte.com.mx\/index.php?rest_route=%2Fwp%2Fv2%2Fcategories&post=117873"},{"taxonomy":"post_tag","embeddable":true,"href":"https:\/\/elobservadorzonanorte.com.mx\/index.php?rest_route=%2Fwp%2Fv2%2Ftags&post=117873"}],"curies":[{"name":"wp","href":"https:\/\/api.w.org\/{rel}","templated":true}]}}