{"id":117864,"date":"2025-08-25T04:46:53","date_gmt":"2025-08-25T04:46:53","guid":{"rendered":"https:\/\/elobservadorzonanorte.com.mx\/?p=117864"},"modified":"2025-08-25T04:46:54","modified_gmt":"2025-08-25T04:46:54","slug":"tacotalpa-esta-de-fiesta","status":"publish","type":"post","link":"https:\/\/elobservadorzonanorte.com.mx\/?p=117864","title":{"rendered":"\u00a1Tacotalpa est\u00e1 de fiesta!"},"content":{"rendered":"\n<figure class=\"wp-block-image size-large\"><img decoding=\"async\" width=\"424\" height=\"600\" src=\"https:\/\/elobservadorzonanorte.com.mx\/wp-content\/uploads\/2025\/08\/539151520_3140103312825309_1681655272726146360_n-424x600.jpg\" alt=\"\" class=\"wp-image-117865\" srcset=\"https:\/\/elobservadorzonanorte.com.mx\/wp-content\/uploads\/2025\/08\/539151520_3140103312825309_1681655272726146360_n-424x600.jpg 424w, https:\/\/elobservadorzonanorte.com.mx\/wp-content\/uploads\/2025\/08\/539151520_3140103312825309_1681655272726146360_n-212x300.jpg 212w, https:\/\/elobservadorzonanorte.com.mx\/wp-content\/uploads\/2025\/08\/539151520_3140103312825309_1681655272726146360_n.jpg 509w\" sizes=\"(max-width: 424px) 100vw, 424px\" \/><\/figure>\n\n\n\n<p class=\"wp-block-paragraph\">Vive <a><\/a>una noche inolvidable, celebrando a lo grande las Fiestas Patrias con la presencia de una de las agrupaciones m\u00e1s queridas del regional mexicano Grupo Pesado<\/p>\n\n\n\n<p class=\"wp-block-paragraph\">Prep\u00e1rate para cantar y bailar con todos sus \u00e9xitos que han marcado generaciones, en un ambiente lleno de m\u00fasica, alegr\u00eda y orgullo mexicano.<\/p>\n\n\n\n<p class=\"wp-block-paragraph\"><img decoding=\"async\" height=\"16\" width=\"16\" alt=\"\ud83d\udd25\" src=\"https:\/\/static.xx.fbcdn.net\/images\/emoji.php\/v9\/t50\/1\/16\/1f525.png\"> \u00a1No faltes! Vive la tradici\u00f3n, la m\u00fasica y el festejo como solo Tacotalpa sabe hacerlo.<\/p>\n\n\n\n<p class=\"wp-block-paragraph\"><img decoding=\"async\" height=\"16\" width=\"16\" alt=\"\ud83d\udcc5\" src=\"https:\/\/static.xx.fbcdn.net\/images\/emoji.php\/v9\/t7e\/1\/16\/1f4c5.png\"> Fecha: 17 de septiembre<\/p>\n\n\n\n<p class=\"wp-block-paragraph\"><img decoding=\"async\" height=\"16\" width=\"16\" alt=\"\ud83d\udccd\" src=\"https:\/\/static.xx.fbcdn.net\/images\/emoji.php\/v9\/t2d\/1\/16\/1f4cd.png\"> Lugar: Estadio de B\u00e9isbol, Tacotalpa<\/p>\n\n\n\n<p class=\"wp-block-paragraph\">Ayuntamiento de Tacotalpa 2024-2027<\/p>\n\n\n\n<p class=\"wp-block-paragraph\"><a href=\"https:\/\/www.facebook.com\/profile.php?id=100027949375347&amp;__cft__[0]=AZXEtbzKHX0Dy2PZysC0g_wZ7WIaHAWOZZbS1pwWjSABYL1zKHS3_JOMu8oCihuSMHch2SczrX9WvFwR2BGBZnA6rIBa41asC_e2Zea4wGTxIgrHUAWQU_LsGHqEiKQYtOW3BL6amC7XYI-SUQO598o8de2PDKlQX7rPmrD8CTdR_zenBnwyX-opo5GwLwt1EkU&amp;__tn__=-]K-R\" target=\"_blank\" rel=\"noopener\">Palnes Company<\/a><\/p>\n\n\n\n<p class=\"wp-block-paragraph\"><a href=\"https:\/\/www.facebook.com\/palnes.representaciones?__cft__[0]=AZXEtbzKHX0Dy2PZysC0g_wZ7WIaHAWOZZbS1pwWjSABYL1zKHS3_JOMu8oCihuSMHch2SczrX9WvFwR2BGBZnA6rIBa41asC_e2Zea4wGTxIgrHUAWQU_LsGHqEiKQYtOW3BL6amC7XYI-SUQO598o8de2PDKlQX7rPmrD8CTdR_zenBnwyX-opo5GwLwt1EkU&amp;__tn__=-]K-R\" target=\"_blank\" rel=\"noopener\">Ramiro Cruz<\/a><\/p>\n\n\n\n<p class=\"wp-block-paragraph\"><a href=\"https:\/\/www.facebook.com\/nestor.cruz.5458498?__cft__[0]=AZXEtbzKHX0Dy2PZysC0g_wZ7WIaHAWOZZbS1pwWjSABYL1zKHS3_JOMu8oCihuSMHch2SczrX9WvFwR2BGBZnA6rIBa41asC_e2Zea4wGTxIgrHUAWQU_LsGHqEiKQYtOW3BL6amC7XYI-SUQO598o8de2PDKlQX7rPmrD8CTdR_zenBnwyX-opo5GwLwt1EkU&amp;__tn__=-]K-R\" target=\"_blank\" rel=\"noopener\">Nestor Daniel Cruz<\/a><\/p>\n\n\n\n<p class=\"wp-block-paragraph\"><a href=\"https:\/\/www.facebook.com\/hashtag\/palnescompany?__eep__=6&amp;__cft__[0]=AZXEtbzKHX0Dy2PZysC0g_wZ7WIaHAWOZZbS1pwWjSABYL1zKHS3_JOMu8oCihuSMHch2SczrX9WvFwR2BGBZnA6rIBa41asC_e2Zea4wGTxIgrHUAWQU_LsGHqEiKQYtOW3BL6amC7XYI-SUQO598o8de2PDKlQX7rPmrD8CTdR_zenBnwyX-opo5GwLwt1EkU&amp;__tn__=*NK-R\" target=\"_blank\" rel=\"noopener\">#PalnesCompany<\/a><a href=\"https:\/\/www.facebook.com\/hashtag\/tacotalpatabasco?__eep__=6&amp;__cft__[0]=AZXEtbzKHX0Dy2PZysC0g_wZ7WIaHAWOZZbS1pwWjSABYL1zKHS3_JOMu8oCihuSMHch2SczrX9WvFwR2BGBZnA6rIBa41asC_e2Zea4wGTxIgrHUAWQU_LsGHqEiKQYtOW3BL6amC7XYI-SUQO598o8de2PDKlQX7rPmrD8CTdR_zenBnwyX-opo5GwLwt1EkU&amp;__tn__=*NK-R\" target=\"_blank\" rel=\"noopener\">#TacotalpaTabasco<\/a><a href=\"https:\/\/www.facebook.com\/hashtag\/hayniveles?__eep__=6&amp;__cft__[0]=AZXEtbzKHX0Dy2PZysC0g_wZ7WIaHAWOZZbS1pwWjSABYL1zKHS3_JOMu8oCihuSMHch2SczrX9WvFwR2BGBZnA6rIBa41asC_e2Zea4wGTxIgrHUAWQU_LsGHqEiKQYtOW3BL6amC7XYI-SUQO598o8de2PDKlQX7rPmrD8CTdR_zenBnwyX-opo5GwLwt1EkU&amp;__tn__=*NK-R\" target=\"_blank\" rel=\"noopener\">#HayNiveles<\/a><a href=\"https:\/\/www.facebook.com\/hashtag\/grupopesado?__eep__=6&amp;__cft__[0]=AZXEtbzKHX0Dy2PZysC0g_wZ7WIaHAWOZZbS1pwWjSABYL1zKHS3_JOMu8oCihuSMHch2SczrX9WvFwR2BGBZnA6rIBa41asC_e2Zea4wGTxIgrHUAWQU_LsGHqEiKQYtOW3BL6amC7XYI-SUQO598o8de2PDKlQX7rPmrD8CTdR_zenBnwyX-opo5GwLwt1EkU&amp;__tn__=*NK-R\" target=\"_blank\" rel=\"noopener\">#GrupoPesado<\/a><\/p>\n","protected":false},"excerpt":{"rendered":"<p>Vive una noche inolvidable, celebrando a lo grande las Fiestas Patrias con la presencia de una de las agrupaciones m\u00e1s queridas del regional mexicano Grupo Pesado Prep\u00e1rate para cantar y bailar con todos sus \u00e9xitos que han marcado generaciones, en un ambiente lleno de m\u00fasica, alegr\u00eda y orgullo mexicano. \u00a1No faltes! Vive la tradici\u00f3n, la [&hellip;]<\/p>\n","protected":false},"author":1,"featured_media":117865,"comment_status":"closed","ping_status":"closed","sticky":false,"template":"","format":"chat","meta":{"footnotes":""},"categories":[1],"tags":[],"class_list":["post-117864","post","type-post","status-publish","format-chat","has-post-thumbnail","hentry","category-general","post_format-post-format-chat"],"_links":{"self":[{"href":"https:\/\/elobservadorzonanorte.com.mx\/index.php?rest_route=\/wp\/v2\/posts\/117864","targetHints":{"allow":["GET"]}}],"collection":[{"href":"https:\/\/elobservadorzonanorte.com.mx\/index.php?rest_route=\/wp\/v2\/posts"}],"about":[{"href":"https:\/\/elobservadorzonanorte.com.mx\/index.php?rest_route=\/wp\/v2\/types\/post"}],"author":[{"embeddable":true,"href":"https:\/\/elobservadorzonanorte.com.mx\/index.php?rest_route=\/wp\/v2\/users\/1"}],"replies":[{"embeddable":true,"href":"https:\/\/elobservadorzonanorte.com.mx\/index.php?rest_route=%2Fwp%2Fv2%2Fcomments&post=117864"}],"version-history":[{"count":0,"href":"https:\/\/elobservadorzonanorte.com.mx\/index.php?rest_route=\/wp\/v2\/posts\/117864\/revisions"}],"wp:featuredmedia":[{"embeddable":true,"href":"https:\/\/elobservadorzonanorte.com.mx\/index.php?rest_route=\/wp\/v2\/media\/117865"}],"wp:attachment":[{"href":"https:\/\/elobservadorzonanorte.com.mx\/index.php?rest_route=%2Fwp%2Fv2%2Fmedia&parent=117864"}],"wp:term":[{"taxonomy":"category","embeddable":true,"href":"https:\/\/elobservadorzonanorte.com.mx\/index.php?rest_route=%2Fwp%2Fv2%2Fcategories&post=117864"},{"taxonomy":"post_tag","embeddable":true,"href":"https:\/\/elobservadorzonanorte.com.mx\/index.php?rest_route=%2Fwp%2Fv2%2Ftags&post=117864"}],"curies":[{"name":"wp","href":"https:\/\/api.w.org\/{rel}","templated":true}]}}