{"id":117859,"date":"2025-08-25T01:35:10","date_gmt":"2025-08-25T01:35:10","guid":{"rendered":"https:\/\/elobservadorzonanorte.com.mx\/?p=117859"},"modified":"2025-08-25T01:35:11","modified_gmt":"2025-08-25T01:35:11","slug":"secretaria-de-educacion-invita-al-concurso-de-narrativa-literaria-sobre-alfabetizacion-y-empoderamiento-de-la-mujer-indigena","status":"publish","type":"post","link":"https:\/\/elobservadorzonanorte.com.mx\/?p=117859","title":{"rendered":"Secretar\u00eda de Educaci\u00f3n invita al Concurso de Narrativa Literaria sobre alfabetizaci\u00f3n y empoderamiento de la mujer ind\u00edgena"},"content":{"rendered":"\n<figure class=\"wp-block-image size-full\"><img decoding=\"async\" width=\"593\" height=\"395\" src=\"https:\/\/elobservadorzonanorte.com.mx\/wp-content\/uploads\/2025\/08\/537697159_3139968242838816_4282452895302127217_n.jpg\" alt=\"\" class=\"wp-image-117860\" srcset=\"https:\/\/elobservadorzonanorte.com.mx\/wp-content\/uploads\/2025\/08\/537697159_3139968242838816_4282452895302127217_n.jpg 593w, https:\/\/elobservadorzonanorte.com.mx\/wp-content\/uploads\/2025\/08\/537697159_3139968242838816_4282452895302127217_n-300x200.jpg 300w\" sizes=\"(max-width: 593px) 100vw, 593px\" \/><\/figure>\n\n\n\n<figure class=\"wp-block-image size-full\"><img decoding=\"async\" width=\"593\" height=\"395\" src=\"https:\/\/elobservadorzonanorte.com.mx\/wp-content\/uploads\/2025\/08\/538035314_3139968266172147_3067162185124543795_n.jpg\" alt=\"\" class=\"wp-image-117861\" srcset=\"https:\/\/elobservadorzonanorte.com.mx\/wp-content\/uploads\/2025\/08\/538035314_3139968266172147_3067162185124543795_n.jpg 593w, https:\/\/elobservadorzonanorte.com.mx\/wp-content\/uploads\/2025\/08\/538035314_3139968266172147_3067162185124543795_n-300x200.jpg 300w\" sizes=\"(max-width: 593px) 100vw, 593px\" \/><\/figure>\n\n\n\n<p class=\"wp-block-paragraph\">El plazo para la recepci\u00f3n de trabajos concluye el viernes 29 de agosto a las 24:00 horas<\/p>\n\n\n\n<p class=\"wp-block-paragraph\">En el marco de la conmemoraci\u00f3n del D\u00eda Internacional de la Mujer Ind\u00edgena, el Gobierno del Estado, a trav\u00e9s de la Secretar\u00eda de Educaci\u00f3n, convoca a participar en el Concurso de Narrativa Literaria \u201cAlfabetizaci\u00f3n como factor de empoderamiento de la mujer ind\u00edgena\u201d.<\/p>\n\n\n\n<p class=\"wp-block-paragraph\">El objetivo es reconocer el papel fundamental de las mujeres ind\u00edgenas en la preservaci\u00f3n de las culturas y su contribuci\u00f3n al fortalecimiento de la vida comunitaria. Al mismo tiempo, busca generar reflexi\u00f3n en torno a las experiencias de la alfabetizaci\u00f3n, entendida como un acto pedag\u00f3gico emancipador que se convierte en herramienta de autonom\u00eda, participaci\u00f3n y transformaci\u00f3n social.<\/p>\n\n\n\n<p class=\"wp-block-paragraph\">Las y los participantes podr\u00e1n desarrollar sus textos a partir de las siguientes tem\u00e1ticas:<\/p>\n\n\n\n<p class=\"wp-block-paragraph\">Alfabetizaci\u00f3n, conciencia y comunidad.<\/p>\n\n\n\n<p class=\"wp-block-paragraph\">Alfabetizaci\u00f3n como acto pedag\u00f3gico.<\/p>\n\n\n\n<p class=\"wp-block-paragraph\">Autorreconocimiento de la mujer ind\u00edgena desde la apropiaci\u00f3n de la lectura y la escritura.<\/p>\n\n\n\n<p class=\"wp-block-paragraph\">La convocatoria completa, requisitos y criterios de participaci\u00f3n est\u00e1n disponibles en el portal oficial de la Secretar\u00eda de Educaci\u00f3n o en el enlace: <a href=\"https:\/\/l.facebook.com\/l.php?u=https%3A%2F%2Fbit.ly%2F4mvN0QU%3Ffbclid%3DIwZXh0bgNhZW0CMTAAYnJpZBExZ1Z6Y1NXU3hob0FxdnkyUgEeub1-5tdfeMMmiACK2tclTXIz2OEwpTmiyT6MULgFjY9EmAZsUjP2uLn-nIc_aem_oPmAw6AFNNBgM9N9M_h1RQ&amp;h=AT22rbz8MmWa2dG1qvb36KB9paoFphtq5IvXL-utg2Yz9X6sc7MusuVIr23dK13EfJIGJedz-vOy-iAt5_XdDYI_fifGLxwy3O2nL5FV9Jg4sCV5b6znQzFN2v4x1KQurIynzvsIdHOC7Y9N&amp;__tn__=-UK-R&amp;c[0]=AT2sA2x_4ebqnL9sjdvFxrIGDmXdAuGtJRLb9KxAwkIeK233WNEdwt_1udCEiJeLVMkbHzFx83cFDEZIVeqmnz_nLjguscKL6lOg4V0gw9GlD9VrZ7QjuKvl9eSGGmxGuHv92PaYRzyQ20YGZmGN_gk1YzE8NHQ9-fm2yrfeXyz1Dkas2XVlWmMQr_BEKddCAPYSxJLaaN0S43oX_bbrbaemgw\" rel=\"noreferrer noopener\" target=\"_blank\">http:\/\/bit.ly\/4mvN0QU<\/a>. La convocatoria cierra el viernes 29 de agosto de 2025, a las 24:00 horas.<\/p>\n\n\n\n<p class=\"wp-block-paragraph\">Todas las personas participantes recibir\u00e1n constancia y los trabajos ser\u00e1n publicados por la Secretar\u00eda de Educaci\u00f3n como reconocimiento al talento y la voz de las mujeres que participan en el programa de alfabetizaci\u00f3n.<\/p>\n\n\n\n<p class=\"wp-block-paragraph\">Con esta acci\u00f3n, el Gobierno del Estado reafirma su compromiso con la igualdad, la inclusi\u00f3n y el empoderamiento de las mujeres ind\u00edgenas, destacando la alfabetizaci\u00f3n como un derecho humano esencial y una v\u00eda hacia mayores niveles de bienestar y justicia social en Chiapas.<\/p>\n","protected":false},"excerpt":{"rendered":"<p>El plazo para la recepci\u00f3n de trabajos concluye el viernes 29 de agosto a las 24:00 horas En el marco de la conmemoraci\u00f3n del D\u00eda Internacional de la Mujer Ind\u00edgena, el Gobierno del Estado, a trav\u00e9s de la Secretar\u00eda de Educaci\u00f3n, convoca a participar en el Concurso de Narrativa Literaria \u201cAlfabetizaci\u00f3n como factor de empoderamiento [&hellip;]<\/p>\n","protected":false},"author":1,"featured_media":117861,"comment_status":"closed","ping_status":"closed","sticky":false,"template":"","format":"chat","meta":{"footnotes":""},"categories":[1],"tags":[],"class_list":["post-117859","post","type-post","status-publish","format-chat","has-post-thumbnail","hentry","category-general","post_format-post-format-chat"],"_links":{"self":[{"href":"https:\/\/elobservadorzonanorte.com.mx\/index.php?rest_route=\/wp\/v2\/posts\/117859","targetHints":{"allow":["GET"]}}],"collection":[{"href":"https:\/\/elobservadorzonanorte.com.mx\/index.php?rest_route=\/wp\/v2\/posts"}],"about":[{"href":"https:\/\/elobservadorzonanorte.com.mx\/index.php?rest_route=\/wp\/v2\/types\/post"}],"author":[{"embeddable":true,"href":"https:\/\/elobservadorzonanorte.com.mx\/index.php?rest_route=\/wp\/v2\/users\/1"}],"replies":[{"embeddable":true,"href":"https:\/\/elobservadorzonanorte.com.mx\/index.php?rest_route=%2Fwp%2Fv2%2Fcomments&post=117859"}],"version-history":[{"count":0,"href":"https:\/\/elobservadorzonanorte.com.mx\/index.php?rest_route=\/wp\/v2\/posts\/117859\/revisions"}],"wp:featuredmedia":[{"embeddable":true,"href":"https:\/\/elobservadorzonanorte.com.mx\/index.php?rest_route=\/wp\/v2\/media\/117861"}],"wp:attachment":[{"href":"https:\/\/elobservadorzonanorte.com.mx\/index.php?rest_route=%2Fwp%2Fv2%2Fmedia&parent=117859"}],"wp:term":[{"taxonomy":"category","embeddable":true,"href":"https:\/\/elobservadorzonanorte.com.mx\/index.php?rest_route=%2Fwp%2Fv2%2Fcategories&post=117859"},{"taxonomy":"post_tag","embeddable":true,"href":"https:\/\/elobservadorzonanorte.com.mx\/index.php?rest_route=%2Fwp%2Fv2%2Ftags&post=117859"}],"curies":[{"name":"wp","href":"https:\/\/api.w.org\/{rel}","templated":true}]}}