{"id":117845,"date":"2025-08-25T01:33:53","date_gmt":"2025-08-25T01:33:53","guid":{"rendered":"https:\/\/elobservadorzonanorte.com.mx\/?p=117845"},"modified":"2025-08-25T01:33:53","modified_gmt":"2025-08-25T01:33:53","slug":"inauguran-la-casa-de-los-mayordomos-en-pantepec-para-preservar-tradiciones-y-cultura","status":"publish","type":"post","link":"https:\/\/elobservadorzonanorte.com.mx\/?p=117845","title":{"rendered":"Inauguran la Casa de los Mayordomos en Pantepec para preservar tradiciones y cultura"},"content":{"rendered":"\n<figure class=\"wp-block-image size-full\"><img decoding=\"async\" width=\"600\" height=\"277\" src=\"https:\/\/elobservadorzonanorte.com.mx\/wp-content\/uploads\/2025\/08\/538621701_3139850699517237_8815044857636700414_n.jpg\" alt=\"\" class=\"wp-image-117846\" srcset=\"https:\/\/elobservadorzonanorte.com.mx\/wp-content\/uploads\/2025\/08\/538621701_3139850699517237_8815044857636700414_n.jpg 600w, https:\/\/elobservadorzonanorte.com.mx\/wp-content\/uploads\/2025\/08\/538621701_3139850699517237_8815044857636700414_n-300x139.jpg 300w\" sizes=\"(max-width: 600px) 100vw, 600px\" \/><\/figure>\n\n\n\n<figure class=\"wp-block-image size-full\"><img decoding=\"async\" width=\"552\" height=\"596\" src=\"https:\/\/elobservadorzonanorte.com.mx\/wp-content\/uploads\/2025\/08\/537918423_3139850726183901_1192961310310283006_n.jpg\" alt=\"\" class=\"wp-image-117847\" srcset=\"https:\/\/elobservadorzonanorte.com.mx\/wp-content\/uploads\/2025\/08\/537918423_3139850726183901_1192961310310283006_n.jpg 552w, https:\/\/elobservadorzonanorte.com.mx\/wp-content\/uploads\/2025\/08\/537918423_3139850726183901_1192961310310283006_n-278x300.jpg 278w\" sizes=\"(max-width: 552px) 100vw, 552px\" \/><\/figure>\n\n\n\n<figure class=\"wp-block-image size-full\"><img decoding=\"async\" width=\"600\" height=\"277\" src=\"https:\/\/elobservadorzonanorte.com.mx\/wp-content\/uploads\/2025\/08\/537057983_3139850769517230_2572129511953407407_n.jpg\" alt=\"\" class=\"wp-image-117848\" srcset=\"https:\/\/elobservadorzonanorte.com.mx\/wp-content\/uploads\/2025\/08\/537057983_3139850769517230_2572129511953407407_n.jpg 600w, https:\/\/elobservadorzonanorte.com.mx\/wp-content\/uploads\/2025\/08\/537057983_3139850769517230_2572129511953407407_n-300x139.jpg 300w\" sizes=\"(max-width: 600px) 100vw, 600px\" \/><\/figure>\n\n\n\n<p class=\"wp-block-paragraph\">Con el firme compromiso de preservar las ra\u00edces culturales y fomentar la convivencia comunitaria, el Presidente Municipal, Lic. Osmar William Velasco Garc\u00eda, encabez\u00f3 la inauguraci\u00f3n y rehabilitaci\u00f3n de la Casa de los Mayordomos, un espacio destinado a fortalecer las tradiciones que dan identidad a nuestro municipio.<\/p>\n\n\n\n<p class=\"wp-block-paragraph\">Este inmueble, estrechamente vinculado con la iglesia en honor a la Virgen de la Asunci\u00f3n, representa un punto de encuentro para la organizaci\u00f3n de festividades, actividades culturales y religiosas que forman parte de la esencia pantepecana.<\/p>\n\n\n\n<p class=\"wp-block-paragraph\">Durante el evento, el alcalde <a href=\"https:\/\/www.facebook.com\/osmarwilian.velascogarcia?__cft__[0]=AZUPR7CG2S696ez5jN3M6Bn6T9hENy-BR1SisrzdrKuBt2yDwmTSVX5cG0o5Nu-rW2pKcazHIfIy_Ng8RSbovmhZnJPPT4iK2lEdiba4ndbbpeMPTZroBpiruYLL0CWo-Gh5FYb44AxbD71WSpPlIxIJ-FMLR7tEoSPJSR0rWgSQHZD_k3OTAwm3O4WnSTQ9fPk&amp;__tn__=-]K-R\" target=\"_blank\" rel=\"noopener\">Osmar Velasco Garcia<\/a> cort\u00f3 el list\u00f3n inaugural, destacando la importancia de rescatar y mantener vivos los espacios que unen a la comunidad. \u201cPreservar nuestras costumbres y tradiciones es honrar nuestra historia y proyectar la grandeza cultural de Pantepec hacia las nuevas generaciones\u201d, se\u00f1al\u00f3.<\/p>\n\n\n\n<p class=\"wp-block-paragraph\">La Casa de los Mayordomos ser\u00e1 ahora un lugar digno y adecuado para la convivencia tradicional, donde se seguir\u00e1 fortaleciendo la identidad cultural y comunitaria de Pantepec.<\/p>\n","protected":false},"excerpt":{"rendered":"<p>Con el firme compromiso de preservar las ra\u00edces culturales y fomentar la convivencia comunitaria, el Presidente Municipal, Lic. Osmar William Velasco Garc\u00eda, encabez\u00f3 la inauguraci\u00f3n y rehabilitaci\u00f3n de la Casa de los Mayordomos, un espacio destinado a fortalecer las tradiciones que dan identidad a nuestro municipio. Este inmueble, estrechamente vinculado con la iglesia en honor [&hellip;]<\/p>\n","protected":false},"author":1,"featured_media":117846,"comment_status":"closed","ping_status":"closed","sticky":false,"template":"","format":"chat","meta":{"footnotes":""},"categories":[1],"tags":[],"class_list":["post-117845","post","type-post","status-publish","format-chat","has-post-thumbnail","hentry","category-general","post_format-post-format-chat"],"_links":{"self":[{"href":"https:\/\/elobservadorzonanorte.com.mx\/index.php?rest_route=\/wp\/v2\/posts\/117845","targetHints":{"allow":["GET"]}}],"collection":[{"href":"https:\/\/elobservadorzonanorte.com.mx\/index.php?rest_route=\/wp\/v2\/posts"}],"about":[{"href":"https:\/\/elobservadorzonanorte.com.mx\/index.php?rest_route=\/wp\/v2\/types\/post"}],"author":[{"embeddable":true,"href":"https:\/\/elobservadorzonanorte.com.mx\/index.php?rest_route=\/wp\/v2\/users\/1"}],"replies":[{"embeddable":true,"href":"https:\/\/elobservadorzonanorte.com.mx\/index.php?rest_route=%2Fwp%2Fv2%2Fcomments&post=117845"}],"version-history":[{"count":0,"href":"https:\/\/elobservadorzonanorte.com.mx\/index.php?rest_route=\/wp\/v2\/posts\/117845\/revisions"}],"wp:featuredmedia":[{"embeddable":true,"href":"https:\/\/elobservadorzonanorte.com.mx\/index.php?rest_route=\/wp\/v2\/media\/117846"}],"wp:attachment":[{"href":"https:\/\/elobservadorzonanorte.com.mx\/index.php?rest_route=%2Fwp%2Fv2%2Fmedia&parent=117845"}],"wp:term":[{"taxonomy":"category","embeddable":true,"href":"https:\/\/elobservadorzonanorte.com.mx\/index.php?rest_route=%2Fwp%2Fv2%2Fcategories&post=117845"},{"taxonomy":"post_tag","embeddable":true,"href":"https:\/\/elobservadorzonanorte.com.mx\/index.php?rest_route=%2Fwp%2Fv2%2Ftags&post=117845"}],"curies":[{"name":"wp","href":"https:\/\/api.w.org\/{rel}","templated":true}]}}