{"id":117838,"date":"2025-08-25T01:33:31","date_gmt":"2025-08-25T01:33:31","guid":{"rendered":"https:\/\/elobservadorzonanorte.com.mx\/?p=117838"},"modified":"2025-08-25T01:33:31","modified_gmt":"2025-08-25T01:33:31","slug":"entrega-pedro-ramirez-apoyo-alimentario-para-personas-con-discapacidad-y-cancer","status":"publish","type":"post","link":"https:\/\/elobservadorzonanorte.com.mx\/?p=117838","title":{"rendered":"Entrega Pedro Ramirez apoyo alimentario para personas con discapacidad y c\u00e1ncer"},"content":{"rendered":"\n<figure class=\"wp-block-image size-full\"><img decoding=\"async\" width=\"592\" height=\"395\" src=\"https:\/\/elobservadorzonanorte.com.mx\/wp-content\/uploads\/2025\/08\/538614944_3139614722874168_399259054382773953_n.jpg\" alt=\"\" class=\"wp-image-117839\" srcset=\"https:\/\/elobservadorzonanorte.com.mx\/wp-content\/uploads\/2025\/08\/538614944_3139614722874168_399259054382773953_n.jpg 592w, https:\/\/elobservadorzonanorte.com.mx\/wp-content\/uploads\/2025\/08\/538614944_3139614722874168_399259054382773953_n-300x200.jpg 300w\" sizes=\"(max-width: 592px) 100vw, 592px\" \/><\/figure>\n\n\n\n<figure class=\"wp-block-image size-full\"><img decoding=\"async\" width=\"592\" height=\"395\" src=\"https:\/\/elobservadorzonanorte.com.mx\/wp-content\/uploads\/2025\/08\/537706396_3139614742874166_348629797881635998_n.jpg\" alt=\"\" class=\"wp-image-117840\" srcset=\"https:\/\/elobservadorzonanorte.com.mx\/wp-content\/uploads\/2025\/08\/537706396_3139614742874166_348629797881635998_n.jpg 592w, https:\/\/elobservadorzonanorte.com.mx\/wp-content\/uploads\/2025\/08\/537706396_3139614742874166_348629797881635998_n-300x200.jpg 300w\" sizes=\"(max-width: 592px) 100vw, 592px\" \/><\/figure>\n\n\n\n<figure class=\"wp-block-image size-full\"><img decoding=\"async\" width=\"592\" height=\"395\" src=\"https:\/\/elobservadorzonanorte.com.mx\/wp-content\/uploads\/2025\/08\/537823049_3139614839540823_1026115548266790847_n.jpg\" alt=\"\" class=\"wp-image-117841\" srcset=\"https:\/\/elobservadorzonanorte.com.mx\/wp-content\/uploads\/2025\/08\/537823049_3139614839540823_1026115548266790847_n.jpg 592w, https:\/\/elobservadorzonanorte.com.mx\/wp-content\/uploads\/2025\/08\/537823049_3139614839540823_1026115548266790847_n-300x200.jpg 300w\" sizes=\"(max-width: 592px) 100vw, 592px\" \/><\/figure>\n\n\n\n<figure class=\"wp-block-image size-full\"><img decoding=\"async\" width=\"476\" height=\"600\" src=\"https:\/\/elobservadorzonanorte.com.mx\/wp-content\/uploads\/2025\/08\/537744353_3139614819540825_8264135839545479283_n.jpg\" alt=\"\" class=\"wp-image-117842\" srcset=\"https:\/\/elobservadorzonanorte.com.mx\/wp-content\/uploads\/2025\/08\/537744353_3139614819540825_8264135839545479283_n.jpg 476w, https:\/\/elobservadorzonanorte.com.mx\/wp-content\/uploads\/2025\/08\/537744353_3139614819540825_8264135839545479283_n-238x300.jpg 238w\" sizes=\"(max-width: 476px) 100vw, 476px\" \/><\/figure>\n\n\n\n<figure class=\"wp-block-image size-full\"><img decoding=\"async\" width=\"592\" height=\"395\" src=\"https:\/\/elobservadorzonanorte.com.mx\/wp-content\/uploads\/2025\/08\/538349196_3139614779540829_8235354439459997142_n.jpg\" alt=\"\" class=\"wp-image-117843\" srcset=\"https:\/\/elobservadorzonanorte.com.mx\/wp-content\/uploads\/2025\/08\/538349196_3139614779540829_8235354439459997142_n.jpg 592w, https:\/\/elobservadorzonanorte.com.mx\/wp-content\/uploads\/2025\/08\/538349196_3139614779540829_8235354439459997142_n-300x200.jpg 300w\" sizes=\"(max-width: 592px) 100vw, 592px\" \/><\/figure>\n\n\n\n<p class=\"wp-block-paragraph\">Acompa\u00f1ado de integrantes de su cabildo as\u00ed como funcionarios, el presidente municipal Pedro Ram\u00edrez Ramos entreg\u00f3 estos importantes apoyos.<\/p>\n\n\n\n<p class=\"wp-block-paragraph\">\u00abHoy no solo entregamos tarjetas y apoyos a personas con discapacidad, entregamos tambi\u00e9n esperanza, sonrisas y abrazos sinceros\u00bb; se\u00f1al\u00f3.<\/p>\n\n\n\n<p class=\"wp-block-paragraph\">Ram\u00edrez Ramos, dijo que cada mirada y cada palabra que reciben les recuerda por qu\u00e9 estan ah\u00ed: para servir, para acompa\u00f1ar y para tender la mano a quienes m\u00e1s lo necesitan.<\/p>\n\n\n\n<p class=\"wp-block-paragraph\">\u00abEste es el camino que queremos seguir, uno donde la inclusi\u00f3n y la solidaridad sean la base de un municipio m\u00e1s humano.<\/p>\n\n\n\n<p class=\"wp-block-paragraph\">Gracias a todas las familias que confiaron en nosotros en este d\u00eda tan especial\u00bb.<\/p>\n","protected":false},"excerpt":{"rendered":"<p>Acompa\u00f1ado de integrantes de su cabildo as\u00ed como funcionarios, el presidente municipal Pedro Ram\u00edrez Ramos entreg\u00f3 estos importantes apoyos. \u00abHoy no solo entregamos tarjetas y apoyos a personas con discapacidad, entregamos tambi\u00e9n esperanza, sonrisas y abrazos sinceros\u00bb; se\u00f1al\u00f3. Ram\u00edrez Ramos, dijo que cada mirada y cada palabra que reciben les recuerda por qu\u00e9 estan ah\u00ed: [&hellip;]<\/p>\n","protected":false},"author":1,"featured_media":117841,"comment_status":"closed","ping_status":"closed","sticky":false,"template":"","format":"chat","meta":{"footnotes":""},"categories":[1],"tags":[],"class_list":["post-117838","post","type-post","status-publish","format-chat","has-post-thumbnail","hentry","category-general","post_format-post-format-chat"],"_links":{"self":[{"href":"https:\/\/elobservadorzonanorte.com.mx\/index.php?rest_route=\/wp\/v2\/posts\/117838","targetHints":{"allow":["GET"]}}],"collection":[{"href":"https:\/\/elobservadorzonanorte.com.mx\/index.php?rest_route=\/wp\/v2\/posts"}],"about":[{"href":"https:\/\/elobservadorzonanorte.com.mx\/index.php?rest_route=\/wp\/v2\/types\/post"}],"author":[{"embeddable":true,"href":"https:\/\/elobservadorzonanorte.com.mx\/index.php?rest_route=\/wp\/v2\/users\/1"}],"replies":[{"embeddable":true,"href":"https:\/\/elobservadorzonanorte.com.mx\/index.php?rest_route=%2Fwp%2Fv2%2Fcomments&post=117838"}],"version-history":[{"count":0,"href":"https:\/\/elobservadorzonanorte.com.mx\/index.php?rest_route=\/wp\/v2\/posts\/117838\/revisions"}],"wp:featuredmedia":[{"embeddable":true,"href":"https:\/\/elobservadorzonanorte.com.mx\/index.php?rest_route=\/wp\/v2\/media\/117841"}],"wp:attachment":[{"href":"https:\/\/elobservadorzonanorte.com.mx\/index.php?rest_route=%2Fwp%2Fv2%2Fmedia&parent=117838"}],"wp:term":[{"taxonomy":"category","embeddable":true,"href":"https:\/\/elobservadorzonanorte.com.mx\/index.php?rest_route=%2Fwp%2Fv2%2Fcategories&post=117838"},{"taxonomy":"post_tag","embeddable":true,"href":"https:\/\/elobservadorzonanorte.com.mx\/index.php?rest_route=%2Fwp%2Fv2%2Ftags&post=117838"}],"curies":[{"name":"wp","href":"https:\/\/api.w.org\/{rel}","templated":true}]}}