{"id":117804,"date":"2025-08-25T01:29:58","date_gmt":"2025-08-25T01:29:58","guid":{"rendered":"https:\/\/elobservadorzonanorte.com.mx\/?p=117804"},"modified":"2025-08-25T01:29:58","modified_gmt":"2025-08-25T01:29:58","slug":"el-gobernador-eduardo-ramirez-aguilar-y-el-secretario-de-agricultura-ganaderia-y-pesca-marco-antonio-barba-arrocha-encabezaron-en-este-municipio-del-norte-del-estado-la-entrega-de-300-bombas-manual","status":"publish","type":"post","link":"https:\/\/elobservadorzonanorte.com.mx\/?p=117804","title":{"rendered":"El gobernador Eduardo Ram\u00edrez Aguilar y el secretario de Agricultura, Ganader\u00eda y Pesca, Marco Antonio Barba Arrocha, encabezaron en este municipio del norte del estado la entrega de 300 bombas manuales a productores."},"content":{"rendered":"\n<figure class=\"wp-block-image size-full\"><img decoding=\"async\" width=\"592\" height=\"395\" src=\"https:\/\/elobservadorzonanorte.com.mx\/wp-content\/uploads\/2025\/08\/538695680_3139507186218255_6602339273589312839_n.jpg\" alt=\"\" class=\"wp-image-117805\" srcset=\"https:\/\/elobservadorzonanorte.com.mx\/wp-content\/uploads\/2025\/08\/538695680_3139507186218255_6602339273589312839_n.jpg 592w, https:\/\/elobservadorzonanorte.com.mx\/wp-content\/uploads\/2025\/08\/538695680_3139507186218255_6602339273589312839_n-300x200.jpg 300w\" sizes=\"(max-width: 592px) 100vw, 592px\" \/><\/figure>\n\n\n\n<figure class=\"wp-block-image size-full\"><img decoding=\"async\" width=\"592\" height=\"395\" src=\"https:\/\/elobservadorzonanorte.com.mx\/wp-content\/uploads\/2025\/08\/539553072_3139507219551585_8417589864202862288_n.jpg\" alt=\"\" class=\"wp-image-117806\" srcset=\"https:\/\/elobservadorzonanorte.com.mx\/wp-content\/uploads\/2025\/08\/539553072_3139507219551585_8417589864202862288_n.jpg 592w, https:\/\/elobservadorzonanorte.com.mx\/wp-content\/uploads\/2025\/08\/539553072_3139507219551585_8417589864202862288_n-300x200.jpg 300w\" sizes=\"(max-width: 592px) 100vw, 592px\" \/><\/figure>\n\n\n\n<figure class=\"wp-block-image size-full\"><img decoding=\"async\" width=\"592\" height=\"395\" src=\"https:\/\/elobservadorzonanorte.com.mx\/wp-content\/uploads\/2025\/08\/538202777_3139507242884916_924816321584840878_n.jpg\" alt=\"\" class=\"wp-image-117807\" srcset=\"https:\/\/elobservadorzonanorte.com.mx\/wp-content\/uploads\/2025\/08\/538202777_3139507242884916_924816321584840878_n.jpg 592w, https:\/\/elobservadorzonanorte.com.mx\/wp-content\/uploads\/2025\/08\/538202777_3139507242884916_924816321584840878_n-300x200.jpg 300w\" sizes=\"(max-width: 592px) 100vw, 592px\" \/><\/figure>\n\n\n\n<figure class=\"wp-block-image size-full\"><img decoding=\"async\" width=\"592\" height=\"395\" src=\"https:\/\/elobservadorzonanorte.com.mx\/wp-content\/uploads\/2025\/08\/538700511_3139507296218244_7680016874134300568_n.jpg\" alt=\"\" class=\"wp-image-117808\" srcset=\"https:\/\/elobservadorzonanorte.com.mx\/wp-content\/uploads\/2025\/08\/538700511_3139507296218244_7680016874134300568_n.jpg 592w, https:\/\/elobservadorzonanorte.com.mx\/wp-content\/uploads\/2025\/08\/538700511_3139507296218244_7680016874134300568_n-300x200.jpg 300w\" sizes=\"(max-width: 592px) 100vw, 592px\" \/><\/figure>\n\n\n\n<p class=\"wp-block-paragraph\">Barba Arrocha subray\u00f3 que la pol\u00edtica humanista y transformadora impulsada por el mandatario ha puesto especial empe\u00f1o en que al sector agropecuario le vaya bien, porque \u201cel campo es motor de crecimiento y factor de estabilidad social para Chiapas y para M\u00e9xico\u201d.<\/p>\n\n\n\n<p class=\"wp-block-paragraph\">El funcionario destac\u00f3 que Ocotepec es una zona de gente comprometida con la producci\u00f3n de alimentos, ejemplo de la fuerza y la vocaci\u00f3n del campo chiapaneco. Llam\u00f3 a seguir cuidando el medio ambiente y trabajar unidos para construir un Chiapas m\u00e1s verde, productivo, pr\u00f3spero y en paz.<\/p>\n\n\n\n<p class=\"wp-block-paragraph\"><a href=\"https:\/\/www.facebook.com\/hashtag\/humanismoquetransforma?__eep__=6&amp;__cft__[0]=AZVk7Yz2Urg3zcsslXntx-60OP9MQDPFpTuRwymM-MGfGlPPEW-rkCh2Q9Q8dbDtenKfD5tKeLCrpw_F59tyVBCZT-LXA2nxp2d5_R_Epwlofqajc4NTsph66gihp0XU1ETXgudS0p3QeGM3ySqEw4HpQzKw6SBn4vg5OW-DYp4SxdWOCZ-xK9YsZphCtOv3nHw&amp;__tn__=*NK-R\" target=\"_blank\" rel=\"noopener\">#HumanismoQueTransforma<\/a><\/p>\n\n\n\n<p class=\"wp-block-paragraph\"><a href=\"https:\/\/www.facebook.com\/hashtag\/ocotepecchiapas?__eep__=6&amp;__cft__[0]=AZVk7Yz2Urg3zcsslXntx-60OP9MQDPFpTuRwymM-MGfGlPPEW-rkCh2Q9Q8dbDtenKfD5tKeLCrpw_F59tyVBCZT-LXA2nxp2d5_R_Epwlofqajc4NTsph66gihp0XU1ETXgudS0p3QeGM3ySqEw4HpQzKw6SBn4vg5OW-DYp4SxdWOCZ-xK9YsZphCtOv3nHw&amp;__tn__=*NK-R\" target=\"_blank\" rel=\"noopener\">#OcotepecChiapas<\/a><\/p>\n","protected":false},"excerpt":{"rendered":"<p>Barba Arrocha subray\u00f3 que la pol\u00edtica humanista y transformadora impulsada por el mandatario ha puesto especial empe\u00f1o en que al sector agropecuario le vaya bien, porque \u201cel campo es motor de crecimiento y factor de estabilidad social para Chiapas y para M\u00e9xico\u201d. El funcionario destac\u00f3 que Ocotepec es una zona de gente comprometida con la [&hellip;]<\/p>\n","protected":false},"author":1,"featured_media":117808,"comment_status":"closed","ping_status":"closed","sticky":false,"template":"","format":"chat","meta":{"footnotes":""},"categories":[1],"tags":[],"class_list":["post-117804","post","type-post","status-publish","format-chat","has-post-thumbnail","hentry","category-general","post_format-post-format-chat"],"_links":{"self":[{"href":"https:\/\/elobservadorzonanorte.com.mx\/index.php?rest_route=\/wp\/v2\/posts\/117804","targetHints":{"allow":["GET"]}}],"collection":[{"href":"https:\/\/elobservadorzonanorte.com.mx\/index.php?rest_route=\/wp\/v2\/posts"}],"about":[{"href":"https:\/\/elobservadorzonanorte.com.mx\/index.php?rest_route=\/wp\/v2\/types\/post"}],"author":[{"embeddable":true,"href":"https:\/\/elobservadorzonanorte.com.mx\/index.php?rest_route=\/wp\/v2\/users\/1"}],"replies":[{"embeddable":true,"href":"https:\/\/elobservadorzonanorte.com.mx\/index.php?rest_route=%2Fwp%2Fv2%2Fcomments&post=117804"}],"version-history":[{"count":0,"href":"https:\/\/elobservadorzonanorte.com.mx\/index.php?rest_route=\/wp\/v2\/posts\/117804\/revisions"}],"wp:featuredmedia":[{"embeddable":true,"href":"https:\/\/elobservadorzonanorte.com.mx\/index.php?rest_route=\/wp\/v2\/media\/117808"}],"wp:attachment":[{"href":"https:\/\/elobservadorzonanorte.com.mx\/index.php?rest_route=%2Fwp%2Fv2%2Fmedia&parent=117804"}],"wp:term":[{"taxonomy":"category","embeddable":true,"href":"https:\/\/elobservadorzonanorte.com.mx\/index.php?rest_route=%2Fwp%2Fv2%2Fcategories&post=117804"},{"taxonomy":"post_tag","embeddable":true,"href":"https:\/\/elobservadorzonanorte.com.mx\/index.php?rest_route=%2Fwp%2Fv2%2Ftags&post=117804"}],"curies":[{"name":"wp","href":"https:\/\/api.w.org\/{rel}","templated":true}]}}