{"id":117798,"date":"2025-08-25T01:29:29","date_gmt":"2025-08-25T01:29:29","guid":{"rendered":"https:\/\/elobservadorzonanorte.com.mx\/?p=117798"},"modified":"2025-08-25T01:29:30","modified_gmt":"2025-08-25T01:29:30","slug":"agradece-miguel-angel-moreno-palacios-apoyos-destinados-a-ixtacomitan-por-parte-del-gobernador-eduardo-ramirez","status":"publish","type":"post","link":"https:\/\/elobservadorzonanorte.com.mx\/?p=117798","title":{"rendered":"Agradece Miguel Angel Moreno Palacios apoyos destinados a Ixtacomit\u00e1n por parte del gobernador Eduardo Ram\u00edrez"},"content":{"rendered":"\n<figure class=\"wp-block-image size-full\"><img decoding=\"async\" width=\"593\" height=\"395\" src=\"https:\/\/elobservadorzonanorte.com.mx\/wp-content\/uploads\/2025\/08\/539176856_3139503466218627_4154856557797188475_n.jpg\" alt=\"\" class=\"wp-image-117799\" srcset=\"https:\/\/elobservadorzonanorte.com.mx\/wp-content\/uploads\/2025\/08\/539176856_3139503466218627_4154856557797188475_n.jpg 593w, https:\/\/elobservadorzonanorte.com.mx\/wp-content\/uploads\/2025\/08\/539176856_3139503466218627_4154856557797188475_n-300x200.jpg 300w\" sizes=\"(max-width: 593px) 100vw, 593px\" \/><\/figure>\n\n\n\n<figure class=\"wp-block-image size-full\"><img decoding=\"async\" width=\"593\" height=\"395\" src=\"https:\/\/elobservadorzonanorte.com.mx\/wp-content\/uploads\/2025\/08\/538108447_3139503502885290_2404987354565102099_n.jpg\" alt=\"\" class=\"wp-image-117800\" srcset=\"https:\/\/elobservadorzonanorte.com.mx\/wp-content\/uploads\/2025\/08\/538108447_3139503502885290_2404987354565102099_n.jpg 593w, https:\/\/elobservadorzonanorte.com.mx\/wp-content\/uploads\/2025\/08\/538108447_3139503502885290_2404987354565102099_n-300x200.jpg 300w\" sizes=\"(max-width: 593px) 100vw, 593px\" \/><\/figure>\n\n\n\n<figure class=\"wp-block-image size-full\"><img decoding=\"async\" width=\"593\" height=\"395\" src=\"https:\/\/elobservadorzonanorte.com.mx\/wp-content\/uploads\/2025\/08\/537726592_3139503616218612_2184335611201809548_n.jpg\" alt=\"\" class=\"wp-image-117801\" srcset=\"https:\/\/elobservadorzonanorte.com.mx\/wp-content\/uploads\/2025\/08\/537726592_3139503616218612_2184335611201809548_n.jpg 593w, https:\/\/elobservadorzonanorte.com.mx\/wp-content\/uploads\/2025\/08\/537726592_3139503616218612_2184335611201809548_n-300x200.jpg 300w\" sizes=\"(max-width: 593px) 100vw, 593px\" \/><\/figure>\n\n\n\n<figure class=\"wp-block-image size-full\"><img decoding=\"async\" width=\"593\" height=\"395\" src=\"https:\/\/elobservadorzonanorte.com.mx\/wp-content\/uploads\/2025\/08\/538544115_3139503642885276_5032197111614293031_n.jpg\" alt=\"\" class=\"wp-image-117802\" srcset=\"https:\/\/elobservadorzonanorte.com.mx\/wp-content\/uploads\/2025\/08\/538544115_3139503642885276_5032197111614293031_n.jpg 593w, https:\/\/elobservadorzonanorte.com.mx\/wp-content\/uploads\/2025\/08\/538544115_3139503642885276_5032197111614293031_n-300x200.jpg 300w\" sizes=\"(max-width: 593px) 100vw, 593px\" \/><\/figure>\n\n\n\n<p class=\"wp-block-paragraph\">El Presidente Municipal de Ixtacomit\u00e1n Miguel Angel Moreno Palacios dio la bienvenida al Gobernador Eduardo Ram\u00edrez en una visita de trabajo a este municipio.<\/p>\n\n\n\n<p class=\"wp-block-paragraph\">Ah\u00ed, supervis\u00f3 los avances de la casa de salud de la Colonia Emiliano Zapata, as\u00ed como la puesta en marcha del programa Conecta Chiapas en el COBACH de Ixtacomit\u00e1n, en beneficio de la comunidad estudiantil.<\/p>\n\n\n\n<p class=\"wp-block-paragraph\">As\u00ed mismo, el edil agradeci\u00f3 al gobernador Eduardo Ram\u00edrez por los apoyos agr\u00edcolas brindados a los pobladores y la puesta en marcha de la rehabilitaci\u00f3n de la carretera Ixtacomit\u00e1n &#8211; Chapultenango, obra de gran importancia para la regi\u00f3n.<\/p>\n\n\n\n<p class=\"wp-block-paragraph\">Miguel \u00c1ngel Moreno Palacios reconoci\u00f3 el liderazgo del mandatario chiapaneco, por fortalecer el humanismo para transformar a Chiapas y a Ixtacomit\u00e1n.<\/p>\n","protected":false},"excerpt":{"rendered":"<p>El Presidente Municipal de Ixtacomit\u00e1n Miguel Angel Moreno Palacios dio la bienvenida al Gobernador Eduardo Ram\u00edrez en una visita de trabajo a este municipio. Ah\u00ed, supervis\u00f3 los avances de la casa de salud de la Colonia Emiliano Zapata, as\u00ed como la puesta en marcha del programa Conecta Chiapas en el COBACH de Ixtacomit\u00e1n, en beneficio [&hellip;]<\/p>\n","protected":false},"author":1,"featured_media":117799,"comment_status":"closed","ping_status":"closed","sticky":false,"template":"","format":"chat","meta":{"footnotes":""},"categories":[1],"tags":[],"class_list":["post-117798","post","type-post","status-publish","format-chat","has-post-thumbnail","hentry","category-general","post_format-post-format-chat"],"_links":{"self":[{"href":"https:\/\/elobservadorzonanorte.com.mx\/index.php?rest_route=\/wp\/v2\/posts\/117798","targetHints":{"allow":["GET"]}}],"collection":[{"href":"https:\/\/elobservadorzonanorte.com.mx\/index.php?rest_route=\/wp\/v2\/posts"}],"about":[{"href":"https:\/\/elobservadorzonanorte.com.mx\/index.php?rest_route=\/wp\/v2\/types\/post"}],"author":[{"embeddable":true,"href":"https:\/\/elobservadorzonanorte.com.mx\/index.php?rest_route=\/wp\/v2\/users\/1"}],"replies":[{"embeddable":true,"href":"https:\/\/elobservadorzonanorte.com.mx\/index.php?rest_route=%2Fwp%2Fv2%2Fcomments&post=117798"}],"version-history":[{"count":0,"href":"https:\/\/elobservadorzonanorte.com.mx\/index.php?rest_route=\/wp\/v2\/posts\/117798\/revisions"}],"wp:featuredmedia":[{"embeddable":true,"href":"https:\/\/elobservadorzonanorte.com.mx\/index.php?rest_route=\/wp\/v2\/media\/117799"}],"wp:attachment":[{"href":"https:\/\/elobservadorzonanorte.com.mx\/index.php?rest_route=%2Fwp%2Fv2%2Fmedia&parent=117798"}],"wp:term":[{"taxonomy":"category","embeddable":true,"href":"https:\/\/elobservadorzonanorte.com.mx\/index.php?rest_route=%2Fwp%2Fv2%2Fcategories&post=117798"},{"taxonomy":"post_tag","embeddable":true,"href":"https:\/\/elobservadorzonanorte.com.mx\/index.php?rest_route=%2Fwp%2Fv2%2Ftags&post=117798"}],"curies":[{"name":"wp","href":"https:\/\/api.w.org\/{rel}","templated":true}]}}