{"id":117792,"date":"2025-08-25T01:29:06","date_gmt":"2025-08-25T01:29:06","guid":{"rendered":"https:\/\/elobservadorzonanorte.com.mx\/?p=117792"},"modified":"2025-08-25T01:29:07","modified_gmt":"2025-08-25T01:29:07","slug":"pichucalco-se-moderniza-nuevas-obras-fortalecen-la-educacion-y-la-calidad-de-vida","status":"publish","type":"post","link":"https:\/\/elobservadorzonanorte.com.mx\/?p=117792","title":{"rendered":"Pichucalco se moderniza: nuevas obras fortalecen la educaci\u00f3n y la calidad de vida"},"content":{"rendered":"\n<figure class=\"wp-block-image size-full\"><img decoding=\"async\" width=\"593\" height=\"395\" src=\"https:\/\/elobservadorzonanorte.com.mx\/wp-content\/uploads\/2025\/08\/539514652_3139453036223670_910022227234141140_n.jpg\" alt=\"\" class=\"wp-image-117793\" srcset=\"https:\/\/elobservadorzonanorte.com.mx\/wp-content\/uploads\/2025\/08\/539514652_3139453036223670_910022227234141140_n.jpg 593w, https:\/\/elobservadorzonanorte.com.mx\/wp-content\/uploads\/2025\/08\/539514652_3139453036223670_910022227234141140_n-300x200.jpg 300w\" sizes=\"(max-width: 593px) 100vw, 593px\" \/><\/figure>\n\n\n\n<figure class=\"wp-block-image size-full\"><img decoding=\"async\" width=\"583\" height=\"350\" src=\"https:\/\/elobservadorzonanorte.com.mx\/wp-content\/uploads\/2025\/08\/536995289_3139453106223663_4783808100823871611_n.jpg\" alt=\"\" class=\"wp-image-117794\" srcset=\"https:\/\/elobservadorzonanorte.com.mx\/wp-content\/uploads\/2025\/08\/536995289_3139453106223663_4783808100823871611_n.jpg 583w, https:\/\/elobservadorzonanorte.com.mx\/wp-content\/uploads\/2025\/08\/536995289_3139453106223663_4783808100823871611_n-300x180.jpg 300w\" sizes=\"(max-width: 583px) 100vw, 583px\" \/><\/figure>\n\n\n\n<figure class=\"wp-block-image size-full\"><img decoding=\"async\" width=\"591\" height=\"395\" src=\"https:\/\/elobservadorzonanorte.com.mx\/wp-content\/uploads\/2025\/08\/537702690_3139453199556987_52621903733535198_n.jpg\" alt=\"\" class=\"wp-image-117795\" srcset=\"https:\/\/elobservadorzonanorte.com.mx\/wp-content\/uploads\/2025\/08\/537702690_3139453199556987_52621903733535198_n.jpg 591w, https:\/\/elobservadorzonanorte.com.mx\/wp-content\/uploads\/2025\/08\/537702690_3139453199556987_52621903733535198_n-300x201.jpg 300w\" sizes=\"(max-width: 591px) 100vw, 591px\" \/><\/figure>\n\n\n\n<figure class=\"wp-block-image size-full\"><img decoding=\"async\" width=\"593\" height=\"395\" src=\"https:\/\/elobservadorzonanorte.com.mx\/wp-content\/uploads\/2025\/08\/538013923_3139453066223667_570835717761714333_n.jpg\" alt=\"\" class=\"wp-image-117796\" srcset=\"https:\/\/elobservadorzonanorte.com.mx\/wp-content\/uploads\/2025\/08\/538013923_3139453066223667_570835717761714333_n.jpg 593w, https:\/\/elobservadorzonanorte.com.mx\/wp-content\/uploads\/2025\/08\/538013923_3139453066223667_570835717761714333_n-300x200.jpg 300w\" sizes=\"(max-width: 593px) 100vw, 593px\" \/><\/figure>\n\n\n\n<p class=\"wp-block-paragraph\">Como parte de su agenda de trabajo, el gobernador Eduardo Ram\u00edrez Aguilar, acompa\u00f1ado por el presidente municipal Andr\u00e9s Carballo C\u00f3rdova y autoridades educativas del COBACH Plantel 231, dieron el banderazo de inicio a la pavimentaci\u00f3n de la calle que conduce al centro educativo, una obra largamente solicitada por la comunidad que contribuir\u00e1 significativamente a mejorar la movilidad y seguridad de las y los estudiantes.<\/p>\n\n\n\n<p class=\"wp-block-paragraph\">Este proyecto refleja el compromiso de las autoridades estatales y municipales por generar entornos m\u00e1s dignos, accesibles y seguros para la juventud pichucalquense, fortaleciendo el v\u00ednculo entre infraestructura y educaci\u00f3n.<\/p>\n\n\n\n<p class=\"wp-block-paragraph\">Durante la jornada, tambi\u00e9n se llev\u00f3 a cabo un recorrido de supervisi\u00f3n por la obra de pavimentaci\u00f3n del Fraccionamiento Santo Domingo, la cual ha sido concluida exitosamente. Esta acci\u00f3n, iniciada en una visita anterior del gobernador, representa un avance tangible en el mejoramiento de la infraestructura urbana y en la calidad de vida de las familias que habitan esta zona.<\/p>\n\n\n\n<p class=\"wp-block-paragraph\">El presidente municipal Andr\u00e9s Carballo C\u00f3rdova reafirm\u00f3 su compromiso de seguir gestionando y trabajando por el desarrollo integral de Pichucalco, alineado con las directrices de humanismo y cercan\u00eda con el pueblo que promueve el gobernador Ram\u00edrez Aguilar.<\/p>\n\n\n\n<p class=\"wp-block-paragraph\">Estas acciones forman parte de una estrategia conjunta para modernizar el municipio, fortalecer la infraestructura p\u00fablica y consolidar un Pichucalco m\u00e1s seguro y humanista.<\/p>\n\n\n\n<p class=\"wp-block-paragraph\"><a href=\"https:\/\/www.facebook.com\/hashtag\/accionesquecontribuyenalcambio?__eep__=6&amp;__cft__[0]=AZXRCo-N9xGCf9gZpJQAjqenIhIkWLWZLLdkJzUpN1pEKEUI1LpEjiED5UUPUTtCFB8l6TZ60c_E9tIxCXiwnOAbbBa4I5EL0-B1gYbBS51Duscx81KWoeeWr3hVXGEo3DMhr0pXp4KVvJjFiQawBWyNGZ-9V-5jLLwdJcuViUnjwzUyxd67ylVsyj9d6VYw-TI&amp;__tn__=*NK-R\" target=\"_blank\" rel=\"noopener\">#AccionesQueContribuyenAlCambio<\/a><a href=\"https:\/\/www.facebook.com\/hashtag\/pichucalco?__eep__=6&amp;__cft__[0]=AZXRCo-N9xGCf9gZpJQAjqenIhIkWLWZLLdkJzUpN1pEKEUI1LpEjiED5UUPUTtCFB8l6TZ60c_E9tIxCXiwnOAbbBa4I5EL0-B1gYbBS51Duscx81KWoeeWr3hVXGEo3DMhr0pXp4KVvJjFiQawBWyNGZ-9V-5jLLwdJcuViUnjwzUyxd67ylVsyj9d6VYw-TI&amp;__tn__=*NK-R\" target=\"_blank\" rel=\"noopener\">#Pichucalco<\/a><a href=\"https:\/\/www.facebook.com\/hashtag\/obraspu%CC%81blicas?__eep__=6&amp;__cft__[0]=AZXRCo-N9xGCf9gZpJQAjqenIhIkWLWZLLdkJzUpN1pEKEUI1LpEjiED5UUPUTtCFB8l6TZ60c_E9tIxCXiwnOAbbBa4I5EL0-B1gYbBS51Duscx81KWoeeWr3hVXGEo3DMhr0pXp4KVvJjFiQawBWyNGZ-9V-5jLLwdJcuViUnjwzUyxd67ylVsyj9d6VYw-TI&amp;__tn__=*NK-R\" target=\"_blank\" rel=\"noopener\">#obrasp\u00fablicas<\/a><a href=\"https:\/\/www.facebook.com\/hashtag\/humanismoquetransforma?__eep__=6&amp;__cft__[0]=AZXRCo-N9xGCf9gZpJQAjqenIhIkWLWZLLdkJzUpN1pEKEUI1LpEjiED5UUPUTtCFB8l6TZ60c_E9tIxCXiwnOAbbBa4I5EL0-B1gYbBS51Duscx81KWoeeWr3hVXGEo3DMhr0pXp4KVvJjFiQawBWyNGZ-9V-5jLLwdJcuViUnjwzUyxd67ylVsyj9d6VYw-TI&amp;__tn__=*NK-R\" target=\"_blank\" rel=\"noopener\">#HumanismoQueTransforma<\/a><\/p>\n","protected":false},"excerpt":{"rendered":"<p>Como parte de su agenda de trabajo, el gobernador Eduardo Ram\u00edrez Aguilar, acompa\u00f1ado por el presidente municipal Andr\u00e9s Carballo C\u00f3rdova y autoridades educativas del COBACH Plantel 231, dieron el banderazo de inicio a la pavimentaci\u00f3n de la calle que conduce al centro educativo, una obra largamente solicitada por la comunidad que contribuir\u00e1 significativamente a mejorar [&hellip;]<\/p>\n","protected":false},"author":1,"featured_media":117793,"comment_status":"closed","ping_status":"closed","sticky":false,"template":"","format":"chat","meta":{"footnotes":""},"categories":[1],"tags":[],"class_list":["post-117792","post","type-post","status-publish","format-chat","has-post-thumbnail","hentry","category-general","post_format-post-format-chat"],"_links":{"self":[{"href":"https:\/\/elobservadorzonanorte.com.mx\/index.php?rest_route=\/wp\/v2\/posts\/117792","targetHints":{"allow":["GET"]}}],"collection":[{"href":"https:\/\/elobservadorzonanorte.com.mx\/index.php?rest_route=\/wp\/v2\/posts"}],"about":[{"href":"https:\/\/elobservadorzonanorte.com.mx\/index.php?rest_route=\/wp\/v2\/types\/post"}],"author":[{"embeddable":true,"href":"https:\/\/elobservadorzonanorte.com.mx\/index.php?rest_route=\/wp\/v2\/users\/1"}],"replies":[{"embeddable":true,"href":"https:\/\/elobservadorzonanorte.com.mx\/index.php?rest_route=%2Fwp%2Fv2%2Fcomments&post=117792"}],"version-history":[{"count":0,"href":"https:\/\/elobservadorzonanorte.com.mx\/index.php?rest_route=\/wp\/v2\/posts\/117792\/revisions"}],"wp:featuredmedia":[{"embeddable":true,"href":"https:\/\/elobservadorzonanorte.com.mx\/index.php?rest_route=\/wp\/v2\/media\/117793"}],"wp:attachment":[{"href":"https:\/\/elobservadorzonanorte.com.mx\/index.php?rest_route=%2Fwp%2Fv2%2Fmedia&parent=117792"}],"wp:term":[{"taxonomy":"category","embeddable":true,"href":"https:\/\/elobservadorzonanorte.com.mx\/index.php?rest_route=%2Fwp%2Fv2%2Fcategories&post=117792"},{"taxonomy":"post_tag","embeddable":true,"href":"https:\/\/elobservadorzonanorte.com.mx\/index.php?rest_route=%2Fwp%2Fv2%2Ftags&post=117792"}],"curies":[{"name":"wp","href":"https:\/\/api.w.org\/{rel}","templated":true}]}}