{"id":117758,"date":"2025-08-23T05:44:51","date_gmt":"2025-08-23T05:44:51","guid":{"rendered":"https:\/\/elobservadorzonanorte.com.mx\/?p=117758"},"modified":"2025-08-23T05:44:51","modified_gmt":"2025-08-23T05:44:51","slug":"el-gobernador-eduardo-ramirez-aguilar-inaugura-en-pichucalco-el-centro-libre-del-programa-de-atencion-integral","status":"publish","type":"post","link":"https:\/\/elobservadorzonanorte.com.mx\/?p=117758","title":{"rendered":"El Gobernador Eduardo Ram\u00edrez Aguilar inaugura en Pichucalco el Centro Libre del Programa de Atenci\u00f3n Integral"},"content":{"rendered":"\n<figure class=\"wp-block-image size-full\"><img decoding=\"async\" width=\"593\" height=\"395\" src=\"https:\/\/elobservadorzonanorte.com.mx\/wp-content\/uploads\/2025\/08\/537554814_3137898483045792_7556964249736953397_n.jpg\" alt=\"\" class=\"wp-image-117759\" srcset=\"https:\/\/elobservadorzonanorte.com.mx\/wp-content\/uploads\/2025\/08\/537554814_3137898483045792_7556964249736953397_n.jpg 593w, https:\/\/elobservadorzonanorte.com.mx\/wp-content\/uploads\/2025\/08\/537554814_3137898483045792_7556964249736953397_n-300x200.jpg 300w\" sizes=\"(max-width: 593px) 100vw, 593px\" \/><\/figure>\n\n\n\n<figure class=\"wp-block-image size-full\"><img decoding=\"async\" width=\"593\" height=\"395\" src=\"https:\/\/elobservadorzonanorte.com.mx\/wp-content\/uploads\/2025\/08\/537251298_3137898559712451_2471564634003019076_n.jpg\" alt=\"\" class=\"wp-image-117760\" srcset=\"https:\/\/elobservadorzonanorte.com.mx\/wp-content\/uploads\/2025\/08\/537251298_3137898559712451_2471564634003019076_n.jpg 593w, https:\/\/elobservadorzonanorte.com.mx\/wp-content\/uploads\/2025\/08\/537251298_3137898559712451_2471564634003019076_n-300x200.jpg 300w\" sizes=\"(max-width: 593px) 100vw, 593px\" \/><\/figure>\n\n\n\n<figure class=\"wp-block-image size-full\"><img decoding=\"async\" width=\"593\" height=\"395\" src=\"https:\/\/elobservadorzonanorte.com.mx\/wp-content\/uploads\/2025\/08\/538027997_3137898519712455_8190405400008085736_n.jpg\" alt=\"\" class=\"wp-image-117761\" srcset=\"https:\/\/elobservadorzonanorte.com.mx\/wp-content\/uploads\/2025\/08\/538027997_3137898519712455_8190405400008085736_n.jpg 593w, https:\/\/elobservadorzonanorte.com.mx\/wp-content\/uploads\/2025\/08\/538027997_3137898519712455_8190405400008085736_n-300x200.jpg 300w\" sizes=\"(max-width: 593px) 100vw, 593px\" \/><\/figure>\n\n\n\n<figure class=\"wp-block-image size-full\"><img decoding=\"async\" width=\"600\" height=\"338\" src=\"https:\/\/elobservadorzonanorte.com.mx\/wp-content\/uploads\/2025\/08\/536870236_3137898659712441_3038504618879667111_n.jpg\" alt=\"\" class=\"wp-image-117762\" srcset=\"https:\/\/elobservadorzonanorte.com.mx\/wp-content\/uploads\/2025\/08\/536870236_3137898659712441_3038504618879667111_n.jpg 600w, https:\/\/elobservadorzonanorte.com.mx\/wp-content\/uploads\/2025\/08\/536870236_3137898659712441_3038504618879667111_n-300x169.jpg 300w\" sizes=\"(max-width: 600px) 100vw, 600px\" \/><\/figure>\n\n\n\n<figure class=\"wp-block-image size-large\"><img decoding=\"async\" width=\"600\" height=\"338\" src=\"https:\/\/elobservadorzonanorte.com.mx\/wp-content\/uploads\/2025\/08\/537588919_3137898689712438_1677476018233269507_n-600x338.jpg\" alt=\"\" class=\"wp-image-117763\" srcset=\"https:\/\/elobservadorzonanorte.com.mx\/wp-content\/uploads\/2025\/08\/537588919_3137898689712438_1677476018233269507_n-600x338.jpg 600w, https:\/\/elobservadorzonanorte.com.mx\/wp-content\/uploads\/2025\/08\/537588919_3137898689712438_1677476018233269507_n-300x169.jpg 300w, https:\/\/elobservadorzonanorte.com.mx\/wp-content\/uploads\/2025\/08\/537588919_3137898689712438_1677476018233269507_n-768x433.jpg 768w, https:\/\/elobservadorzonanorte.com.mx\/wp-content\/uploads\/2025\/08\/537588919_3137898689712438_1677476018233269507_n.jpg 910w\" sizes=\"(max-width: 600px) 100vw, 600px\" \/><\/figure>\n\n\n\n<figure class=\"wp-block-image size-large\"><img decoding=\"async\" width=\"600\" height=\"338\" src=\"https:\/\/elobservadorzonanorte.com.mx\/wp-content\/uploads\/2025\/08\/538778403_3137898763045764_1777514905065554626_n-600x338.jpg\" alt=\"\" class=\"wp-image-117764\" srcset=\"https:\/\/elobservadorzonanorte.com.mx\/wp-content\/uploads\/2025\/08\/538778403_3137898763045764_1777514905065554626_n-600x338.jpg 600w, https:\/\/elobservadorzonanorte.com.mx\/wp-content\/uploads\/2025\/08\/538778403_3137898763045764_1777514905065554626_n-300x169.jpg 300w, https:\/\/elobservadorzonanorte.com.mx\/wp-content\/uploads\/2025\/08\/538778403_3137898763045764_1777514905065554626_n-768x433.jpg 768w, https:\/\/elobservadorzonanorte.com.mx\/wp-content\/uploads\/2025\/08\/538778403_3137898763045764_1777514905065554626_n.jpg 910w\" sizes=\"(max-width: 600px) 100vw, 600px\" \/><\/figure>\n\n\n\n<p class=\"wp-block-paragraph\">En un acto significativo para el bienestar y la protecci\u00f3n de las mujeres, el presidente municipal Andr\u00e9s Carballo C\u00f3rdova dio la bienvenida al gobernador del estado, Eduardo Ram\u00edrez Aguilar, quien visit\u00f3 el municipio para Programa de Atenci\u00f3n Integral, una iniciativa que busca brindar atenci\u00f3n, orientaci\u00f3n y acompa\u00f1amiento a mujeres en situaci\u00f3n de vulnerabilidad.<\/p>\n\n\n\n<p class=\"wp-block-paragraph\">Durante su intervenci\u00f3n, el gobernador agradeci\u00f3 la hospitalidad del pueblo pichucalque\u00f1o y reconoci\u00f3 el compromiso del presidente municipal en la promoci\u00f3n de pol\u00edticas p\u00fablicas con enfoque humano. En un mensaje directo y emotivo, hizo un llamado a las mujeres de Pichucalco y de Chiapas a utilizar este espacio, a alzar la voz y denunciar cualquier tipo de violencia, reiterando que \u201cninguna mujer debe sentirse desprotegida\u201d.<\/p>\n\n\n\n<p class=\"wp-block-paragraph\">Adem\u00e1s, el gobernador se comprometi\u00f3 a respaldar al gobierno municipal en el proyecto para garantizar el acceso al agua, reconociendo que este servicio es esencial para la salud, el desarrollo y la dignidad de las familias pichucalque\u00f1as.<\/p>\n\n\n\n<p class=\"wp-block-paragraph\">Este nuevo centro y el respaldo al proyecto h\u00eddrico representan pasos firmes hacia la construcci\u00f3n de una sociedad m\u00e1s justa, segura e incluyente, donde el respeto y la dignidad de las personas sean prioridad.<\/p>\n\n\n\n<p class=\"wp-block-paragraph\"><a href=\"https:\/\/www.facebook.com\/hashtag\/accionesquecontribuyenalcambio?__eep__=6&amp;__cft__[0]=AZVfZ_RO60_r9M7ern1mO1j5EHeiIuan8UYVsb3Xga7IcQxlwcDrMp_Y1jLgW-NHIv62R_YYalxuZ_6ZpBONNwdZh5-f46xOc40fdlWBWriWZWWp2dCHTO_Ml2Pe11JK27KUnsK_UBdG_r6PU4eVda7BJ7muEiX5jquofW3MVK8a8QPL5grq-VH1MhrgE3W64GU&amp;__tn__=*NK-R\" target=\"_blank\" rel=\"noopener\">#AccionesQueContribuyenAlCambio<\/a><\/p>\n\n\n\n<p class=\"wp-block-paragraph\"><a href=\"https:\/\/www.facebook.com\/hashtag\/humanismoquetransforma?__eep__=6&amp;__cft__[0]=AZVfZ_RO60_r9M7ern1mO1j5EHeiIuan8UYVsb3Xga7IcQxlwcDrMp_Y1jLgW-NHIv62R_YYalxuZ_6ZpBONNwdZh5-f46xOc40fdlWBWriWZWWp2dCHTO_Ml2Pe11JK27KUnsK_UBdG_r6PU4eVda7BJ7muEiX5jquofW3MVK8a8QPL5grq-VH1MhrgE3W64GU&amp;__tn__=*NK-R\" target=\"_blank\" rel=\"noopener\">#HumanismoQueTransforma<\/a><a href=\"https:\/\/www.facebook.com\/hashtag\/centrolibredelprogramadeatenci%C3%B3nintegral?__eep__=6&amp;__cft__[0]=AZVfZ_RO60_r9M7ern1mO1j5EHeiIuan8UYVsb3Xga7IcQxlwcDrMp_Y1jLgW-NHIv62R_YYalxuZ_6ZpBONNwdZh5-f46xOc40fdlWBWriWZWWp2dCHTO_Ml2Pe11JK27KUnsK_UBdG_r6PU4eVda7BJ7muEiX5jquofW3MVK8a8QPL5grq-VH1MhrgE3W64GU&amp;__tn__=*NK-R\" target=\"_blank\" rel=\"noopener\">#CentroLibredelProgramadeAtenci\u00f3nIntegral<\/a><\/p>\n","protected":false},"excerpt":{"rendered":"<p>En un acto significativo para el bienestar y la protecci\u00f3n de las mujeres, el presidente municipal Andr\u00e9s Carballo C\u00f3rdova dio la bienvenida al gobernador del estado, Eduardo Ram\u00edrez Aguilar, quien visit\u00f3 el municipio para Programa de Atenci\u00f3n Integral, una iniciativa que busca brindar atenci\u00f3n, orientaci\u00f3n y acompa\u00f1amiento a mujeres en situaci\u00f3n de vulnerabilidad. Durante su [&hellip;]<\/p>\n","protected":false},"author":1,"featured_media":117764,"comment_status":"closed","ping_status":"closed","sticky":false,"template":"","format":"chat","meta":{"footnotes":""},"categories":[1],"tags":[],"class_list":["post-117758","post","type-post","status-publish","format-chat","has-post-thumbnail","hentry","category-general","post_format-post-format-chat"],"_links":{"self":[{"href":"https:\/\/elobservadorzonanorte.com.mx\/index.php?rest_route=\/wp\/v2\/posts\/117758","targetHints":{"allow":["GET"]}}],"collection":[{"href":"https:\/\/elobservadorzonanorte.com.mx\/index.php?rest_route=\/wp\/v2\/posts"}],"about":[{"href":"https:\/\/elobservadorzonanorte.com.mx\/index.php?rest_route=\/wp\/v2\/types\/post"}],"author":[{"embeddable":true,"href":"https:\/\/elobservadorzonanorte.com.mx\/index.php?rest_route=\/wp\/v2\/users\/1"}],"replies":[{"embeddable":true,"href":"https:\/\/elobservadorzonanorte.com.mx\/index.php?rest_route=%2Fwp%2Fv2%2Fcomments&post=117758"}],"version-history":[{"count":0,"href":"https:\/\/elobservadorzonanorte.com.mx\/index.php?rest_route=\/wp\/v2\/posts\/117758\/revisions"}],"wp:featuredmedia":[{"embeddable":true,"href":"https:\/\/elobservadorzonanorte.com.mx\/index.php?rest_route=\/wp\/v2\/media\/117764"}],"wp:attachment":[{"href":"https:\/\/elobservadorzonanorte.com.mx\/index.php?rest_route=%2Fwp%2Fv2%2Fmedia&parent=117758"}],"wp:term":[{"taxonomy":"category","embeddable":true,"href":"https:\/\/elobservadorzonanorte.com.mx\/index.php?rest_route=%2Fwp%2Fv2%2Fcategories&post=117758"},{"taxonomy":"post_tag","embeddable":true,"href":"https:\/\/elobservadorzonanorte.com.mx\/index.php?rest_route=%2Fwp%2Fv2%2Ftags&post=117758"}],"curies":[{"name":"wp","href":"https:\/\/api.w.org\/{rel}","templated":true}]}}