{"id":117755,"date":"2025-08-23T05:44:21","date_gmt":"2025-08-23T05:44:21","guid":{"rendered":"https:\/\/elobservadorzonanorte.com.mx\/?p=117755"},"modified":"2025-08-23T05:44:22","modified_gmt":"2025-08-23T05:44:22","slug":"cecytech-mantiene-abierta-la-convocatoria-al-hackathon-2025-en-san-cristobal-de-las-casas","status":"publish","type":"post","link":"https:\/\/elobservadorzonanorte.com.mx\/?p=117755","title":{"rendered":"Cecytech mantiene abierta la convocatoria al Hackathon 2025 en San Crist\u00f3bal de Las Casas"},"content":{"rendered":"\n<figure class=\"wp-block-image size-large\"><img decoding=\"async\" width=\"600\" height=\"451\" src=\"https:\/\/elobservadorzonanorte.com.mx\/wp-content\/uploads\/2025\/08\/536883890_3137897096379264_2746298676724737089_n-600x451.jpg\" alt=\"\" class=\"wp-image-117756\" srcset=\"https:\/\/elobservadorzonanorte.com.mx\/wp-content\/uploads\/2025\/08\/536883890_3137897096379264_2746298676724737089_n-600x451.jpg 600w, https:\/\/elobservadorzonanorte.com.mx\/wp-content\/uploads\/2025\/08\/536883890_3137897096379264_2746298676724737089_n-300x226.jpg 300w, https:\/\/elobservadorzonanorte.com.mx\/wp-content\/uploads\/2025\/08\/536883890_3137897096379264_2746298676724737089_n.jpg 718w\" sizes=\"(max-width: 600px) 100vw, 600px\" \/><\/figure>\n\n\n\n<p class=\"wp-block-paragraph\">\u2022 Estudiantes de medio superior y superior tienen hasta el 12 de septiembre para registrarse y presentar proyectos tecnol\u00f3gicos en favor de los humedales<\/p>\n\n\n\n<p class=\"wp-block-paragraph\">San Crist\u00f3bal de Las Casas, Chiapas.- El Colegio de Estudios Cient\u00edficos y Tecnol\u00f3gicos del Estado de Chiapas (Cecytech) a trav\u00e9s del Plantel 20 ubicado en el municipio de San Crist\u00f3bal de Las Casas, anunci\u00f3 la apertura de la convocatoria nacional para el Hackathon 2025, por la Conservaci\u00f3n y Recuperaci\u00f3n de los Humedales, un certamen dirigido a estudiantes y docentes de nivel medio superior y superior de todo M\u00e9xico.<\/p>\n\n\n\n<p class=\"wp-block-paragraph\">El director del plantel, Francisco Javier Garc\u00eda V\u00e1squez, destac\u00f3 que este encuentro tiene como prop\u00f3sito fortalecer el emprendimiento tecnol\u00f3gico con responsabilidad social, impulsar vocaciones en \u00e1reas STEAM (Ciencia, Tecnolog\u00eda, Ingenier\u00eda, Arte y Matem\u00e1ticas) y sensibilizar a la juventud sobre la importancia de la educaci\u00f3n cient\u00edfica y ambiental. \u201cQueremos que los j\u00f3venes pongan su creatividad al servicio de una causa vital: la preservaci\u00f3n de los humedales\u201d, enfatiz\u00f3.<\/p>\n\n\n\n<p class=\"wp-block-paragraph\">En esta primera edici\u00f3n, los equipos participantes deber\u00e1n plantear proyectos innovadores orientados a la protecci\u00f3n de los humedales, ecosistemas esenciales para la vida y el equilibrio natural. A trav\u00e9s de la colaboraci\u00f3n multidisciplinaria podr\u00e1n dise\u00f1ar soluciones viables, creativas y sustentables con apoyo de herramientas tecnol\u00f3gicas.<\/p>\n\n\n\n<p class=\"wp-block-paragraph\">Garc\u00eda V\u00e1squez subray\u00f3 que el director general del Cecytech, Luis Guadalupe Morales \u00c1ngeles, ha respaldado este proyecto reconoci\u00e9ndolo como una oportunidad para que la juventud aplique sus conocimientos en beneficio de la comunidad y del medio ambiente.<\/p>\n\n\n\n<p class=\"wp-block-paragraph\">La convocatoria con bases y requisitos se encuentra disponible en <a href=\"https:\/\/cecytech.edu.mx\/hackaton2025?fbclid=IwZXh0bgNhZW0CMTAAYnJpZBExZmhFYXJMb0JZSGNJM2pCSgEefJELIYOxHrqqD-3lfMyzH8CYuXc1ttpFBfHOqI_I3CvI6MeSu0bMqzLJ0j8_aem_xYkhoIZt56JGYoB8Fm2DUg\" rel=\"noreferrer noopener\" target=\"_blank\">https:\/\/cecytech.edu.mx\/hackaton2025<\/a>, donde los interesados podr\u00e1n registrarse y consultar fechas clave.<\/p>\n\n\n\n<p class=\"wp-block-paragraph\">El Hackathon se celebrar\u00e1 en el Plantel 20 consolid\u00e1ndose como un espacio de encuentro acad\u00e9mico y social, que promueve la innovaci\u00f3n con impacto ambiental y educativo reforzando el compromiso del Colegio con los desaf\u00edos actuales de la sociedad.<\/p>\n","protected":false},"excerpt":{"rendered":"<p>\u2022 Estudiantes de medio superior y superior tienen hasta el 12 de septiembre para registrarse y presentar proyectos tecnol\u00f3gicos en favor de los humedales San Crist\u00f3bal de Las Casas, Chiapas.- El Colegio de Estudios Cient\u00edficos y Tecnol\u00f3gicos del Estado de Chiapas (Cecytech) a trav\u00e9s del Plantel 20 ubicado en el municipio de San Crist\u00f3bal de [&hellip;]<\/p>\n","protected":false},"author":1,"featured_media":117756,"comment_status":"closed","ping_status":"closed","sticky":false,"template":"","format":"chat","meta":{"footnotes":""},"categories":[1],"tags":[],"class_list":["post-117755","post","type-post","status-publish","format-chat","has-post-thumbnail","hentry","category-general","post_format-post-format-chat"],"_links":{"self":[{"href":"https:\/\/elobservadorzonanorte.com.mx\/index.php?rest_route=\/wp\/v2\/posts\/117755","targetHints":{"allow":["GET"]}}],"collection":[{"href":"https:\/\/elobservadorzonanorte.com.mx\/index.php?rest_route=\/wp\/v2\/posts"}],"about":[{"href":"https:\/\/elobservadorzonanorte.com.mx\/index.php?rest_route=\/wp\/v2\/types\/post"}],"author":[{"embeddable":true,"href":"https:\/\/elobservadorzonanorte.com.mx\/index.php?rest_route=\/wp\/v2\/users\/1"}],"replies":[{"embeddable":true,"href":"https:\/\/elobservadorzonanorte.com.mx\/index.php?rest_route=%2Fwp%2Fv2%2Fcomments&post=117755"}],"version-history":[{"count":0,"href":"https:\/\/elobservadorzonanorte.com.mx\/index.php?rest_route=\/wp\/v2\/posts\/117755\/revisions"}],"wp:featuredmedia":[{"embeddable":true,"href":"https:\/\/elobservadorzonanorte.com.mx\/index.php?rest_route=\/wp\/v2\/media\/117756"}],"wp:attachment":[{"href":"https:\/\/elobservadorzonanorte.com.mx\/index.php?rest_route=%2Fwp%2Fv2%2Fmedia&parent=117755"}],"wp:term":[{"taxonomy":"category","embeddable":true,"href":"https:\/\/elobservadorzonanorte.com.mx\/index.php?rest_route=%2Fwp%2Fv2%2Fcategories&post=117755"},{"taxonomy":"post_tag","embeddable":true,"href":"https:\/\/elobservadorzonanorte.com.mx\/index.php?rest_route=%2Fwp%2Fv2%2Ftags&post=117755"}],"curies":[{"name":"wp","href":"https:\/\/api.w.org\/{rel}","templated":true}]}}