{"id":117737,"date":"2025-08-23T05:42:37","date_gmt":"2025-08-23T05:42:37","guid":{"rendered":"https:\/\/elobservadorzonanorte.com.mx\/?p=117737"},"modified":"2025-08-23T05:42:38","modified_gmt":"2025-08-23T05:42:38","slug":"la-casa-de-la-cultura-poeta-jaime-sabines-te-invita-a-la-clausura-de-los-talleres-de-verano-que-se-llevara-a-cabo-hoy-viernes-22-de-agosto-a-partir-de-las-500-de-la-tarde-en-el-parque-central-beni","status":"publish","type":"post","link":"https:\/\/elobservadorzonanorte.com.mx\/?p=117737","title":{"rendered":"La Casa de la Cultura Poeta Jaime Sabines te invita a la clausura de los Talleres de Verano, que se llevar\u00e1 a cabo hoy, viernes 22 de agosto, a partir de las 5:00 de la tarde en el Parque Central Benito Ju\u00e1rez. Adem\u00e1s, podr\u00e1s disfrutar y participar en la kerm\u00e9s a beneficio del Profesor Rey Benites Arag\u00f3n. \u00a1Acomp\u00e1\u00f1anos y se parte de esta gran fiesta cultural y solidaria!"},"content":{"rendered":"\n<figure class=\"wp-block-image size-large\"><img decoding=\"async\" width=\"479\" height=\"600\" src=\"https:\/\/elobservadorzonanorte.com.mx\/wp-content\/uploads\/2025\/08\/536676595_3137731706395803_8901703518793232484_n-479x600.jpg\" alt=\"\" class=\"wp-image-117738\" srcset=\"https:\/\/elobservadorzonanorte.com.mx\/wp-content\/uploads\/2025\/08\/536676595_3137731706395803_8901703518793232484_n-479x600.jpg 479w, https:\/\/elobservadorzonanorte.com.mx\/wp-content\/uploads\/2025\/08\/536676595_3137731706395803_8901703518793232484_n-240x300.jpg 240w, https:\/\/elobservadorzonanorte.com.mx\/wp-content\/uploads\/2025\/08\/536676595_3137731706395803_8901703518793232484_n.jpg 511w\" sizes=\"(max-width: 479px) 100vw, 479px\" \/><\/figure>\n","protected":false},"excerpt":{"rendered":"","protected":false},"author":1,"featured_media":117738,"comment_status":"closed","ping_status":"closed","sticky":false,"template":"","format":"chat","meta":{"footnotes":""},"categories":[1],"tags":[],"class_list":["post-117737","post","type-post","status-publish","format-chat","has-post-thumbnail","hentry","category-general","post_format-post-format-chat"],"_links":{"self":[{"href":"https:\/\/elobservadorzonanorte.com.mx\/index.php?rest_route=\/wp\/v2\/posts\/117737","targetHints":{"allow":["GET"]}}],"collection":[{"href":"https:\/\/elobservadorzonanorte.com.mx\/index.php?rest_route=\/wp\/v2\/posts"}],"about":[{"href":"https:\/\/elobservadorzonanorte.com.mx\/index.php?rest_route=\/wp\/v2\/types\/post"}],"author":[{"embeddable":true,"href":"https:\/\/elobservadorzonanorte.com.mx\/index.php?rest_route=\/wp\/v2\/users\/1"}],"replies":[{"embeddable":true,"href":"https:\/\/elobservadorzonanorte.com.mx\/index.php?rest_route=%2Fwp%2Fv2%2Fcomments&post=117737"}],"version-history":[{"count":0,"href":"https:\/\/elobservadorzonanorte.com.mx\/index.php?rest_route=\/wp\/v2\/posts\/117737\/revisions"}],"wp:featuredmedia":[{"embeddable":true,"href":"https:\/\/elobservadorzonanorte.com.mx\/index.php?rest_route=\/wp\/v2\/media\/117738"}],"wp:attachment":[{"href":"https:\/\/elobservadorzonanorte.com.mx\/index.php?rest_route=%2Fwp%2Fv2%2Fmedia&parent=117737"}],"wp:term":[{"taxonomy":"category","embeddable":true,"href":"https:\/\/elobservadorzonanorte.com.mx\/index.php?rest_route=%2Fwp%2Fv2%2Fcategories&post=117737"},{"taxonomy":"post_tag","embeddable":true,"href":"https:\/\/elobservadorzonanorte.com.mx\/index.php?rest_route=%2Fwp%2Fv2%2Ftags&post=117737"}],"curies":[{"name":"wp","href":"https:\/\/api.w.org\/{rel}","templated":true}]}}