{"id":117728,"date":"2025-08-23T05:42:03","date_gmt":"2025-08-23T05:42:03","guid":{"rendered":"https:\/\/elobservadorzonanorte.com.mx\/?p=117728"},"modified":"2025-08-23T05:42:03","modified_gmt":"2025-08-23T05:42:03","slug":"clausura-de-la-escuelita-de-verano-2025-en-ixtapangajoya","status":"publish","type":"post","link":"https:\/\/elobservadorzonanorte.com.mx\/?p=117728","title":{"rendered":"Clausura de la escuelita de verano 2025 en Ixtapangajoya"},"content":{"rendered":"\n<figure class=\"wp-block-image size-full\"><img decoding=\"async\" width=\"600\" height=\"336\" src=\"https:\/\/elobservadorzonanorte.com.mx\/wp-content\/uploads\/2025\/08\/536742303_3137728669729440_8576071605879363391_n.jpg\" alt=\"\" class=\"wp-image-117729\" srcset=\"https:\/\/elobservadorzonanorte.com.mx\/wp-content\/uploads\/2025\/08\/536742303_3137728669729440_8576071605879363391_n.jpg 600w, https:\/\/elobservadorzonanorte.com.mx\/wp-content\/uploads\/2025\/08\/536742303_3137728669729440_8576071605879363391_n-300x168.jpg 300w\" sizes=\"(max-width: 600px) 100vw, 600px\" \/><\/figure>\n\n\n\n<figure class=\"wp-block-image size-full\"><img decoding=\"async\" width=\"600\" height=\"600\" src=\"https:\/\/elobservadorzonanorte.com.mx\/wp-content\/uploads\/2025\/08\/537266498_3137728719729435_7255917627579198077_n.jpg\" alt=\"\" class=\"wp-image-117730\" srcset=\"https:\/\/elobservadorzonanorte.com.mx\/wp-content\/uploads\/2025\/08\/537266498_3137728719729435_7255917627579198077_n.jpg 600w, https:\/\/elobservadorzonanorte.com.mx\/wp-content\/uploads\/2025\/08\/537266498_3137728719729435_7255917627579198077_n-300x300.jpg 300w, https:\/\/elobservadorzonanorte.com.mx\/wp-content\/uploads\/2025\/08\/537266498_3137728719729435_7255917627579198077_n-150x150.jpg 150w\" sizes=\"(max-width: 600px) 100vw, 600px\" \/><\/figure>\n\n\n\n<p class=\"wp-block-paragraph\">Donde el lema es recicla, juega y aprende:<\/p>\n\n\n\n<p class=\"wp-block-paragraph\">Con gran entusiasmo se llev\u00f3 a cabo la clausura de escuelita de verano 2025, en las instalaciones del Dif municipal de ixtapangajoya, donde ni\u00f1as y ni\u00f1os participaron activamente en talleres de manualidades, dibujo y pintura,<\/p>\n\n\n\n<p class=\"wp-block-paragraph\">Durante el evento, se realiz\u00f3 la entrega de reconocimientos a las y los participantes, celebrando su dedicaci\u00f3n y esfuerzo a lo largo del curso. El presidente municipal el Tsu. Juan Ignacio Gonz\u00e1lez Garc\u00eda, encabez\u00f3 la ceremonia, acompa\u00f1ada por su distinguida esposa la C. Nuri Ocampo valencia presidenta del Dif Municipal.<\/p>\n\n\n\n<p class=\"wp-block-paragraph\">En su mensaje, el presidente municipal felicit\u00f3 a las ni\u00f1as y ni\u00f1os por concluir con \u00e9xito los talleres, reconociendo el papel fundamental de Dif Municipal como espacio de aprendizaje, inclusi\u00f3n y desarrollo comunitario. \u201cHoy celebramos no solo el cierre de un curso, sino el inicio de nuevas metas. \u201cEl arte transforma, une y da sentido. Hoy celebramos el talento de nuestros ni\u00f1os y ni\u00f1as que enriquecen el alma de nuestro municipio\u00bb,<\/p>\n\n\n\n<p class=\"wp-block-paragraph\">El edil tambi\u00e9n agradeci\u00f3 el respaldo del gobernador del estado, Dr. Eduardo Ram\u00edrez Aguilar, y de la Dra. Claudia Sheinbaum, por su compromiso con el impulso a la cultura como un motor de desarrollo social. \u00abLa cultura no es un lujo, es una necesidad. Es a trav\u00e9s del arte que construimos comunidades m\u00e1s sensibles, m\u00e1s fuertes y m\u00e1s orgullosas de su identidad\u201d.<\/p>\n\n\n\n<p class=\"wp-block-paragraph\">Para finalizar la presidenta del Dif y el personal realizaron un refrigerio y lo mas llamativo y emocionante para los ni\u00f1@s romper la pi\u00f1ata y la entrega de un peque\u00f1o obsequio realizado con amor y dedicaci\u00f3n.<\/p>\n\n\n\n<p class=\"wp-block-paragraph\">El Ayuntamiento Municipal de ixtapangajoya reafirma su compromiso con el arte, la cultura y las tradiciones como pilares de formaci\u00f3n y transformaci\u00f3n.<\/p>\n\n\n\n<p class=\"wp-block-paragraph\"><a href=\"https:\/\/www.facebook.com\/hashtag\/escuelitadeverano2025?__eep__=6&amp;__cft__[0]=AZVH3UBeIPzi29ExwpjiAVXcrIQ3wnHTaTNpfkvsI23pgfVSMH3JXBuaOz3ldh-o-3mr5EN0NOCkf_pcKHkR4zuxi3HFa6VF36riV6MfWWCmVO2EXoDwJRAO7J--ds2AOi2RUkhv7myv-aSGpTxDoyxyIPSaVm_YsNVCf9hVt6Lmzrv50_pLXyeys4DPJrP5wuI&amp;__tn__=*NK-R\" target=\"_blank\" rel=\"noopener\">#Escuelitadeverano2025<\/a><\/p>\n\n\n\n<p class=\"wp-block-paragraph\"><a href=\"https:\/\/www.facebook.com\/hashtag\/reciclajuegayaprende?__eep__=6&amp;__cft__[0]=AZVH3UBeIPzi29ExwpjiAVXcrIQ3wnHTaTNpfkvsI23pgfVSMH3JXBuaOz3ldh-o-3mr5EN0NOCkf_pcKHkR4zuxi3HFa6VF36riV6MfWWCmVO2EXoDwJRAO7J--ds2AOi2RUkhv7myv-aSGpTxDoyxyIPSaVm_YsNVCf9hVt6Lmzrv50_pLXyeys4DPJrP5wuI&amp;__tn__=*NK-R\" target=\"_blank\" rel=\"noopener\">#Reciclajuegayaprende<\/a><\/p>\n\n\n\n<p class=\"wp-block-paragraph\"><a href=\"https:\/\/www.facebook.com\/hashtag\/laeradeunbuenfuturo?__eep__=6&amp;__cft__[0]=AZVH3UBeIPzi29ExwpjiAVXcrIQ3wnHTaTNpfkvsI23pgfVSMH3JXBuaOz3ldh-o-3mr5EN0NOCkf_pcKHkR4zuxi3HFa6VF36riV6MfWWCmVO2EXoDwJRAO7J--ds2AOi2RUkhv7myv-aSGpTxDoyxyIPSaVm_YsNVCf9hVt6Lmzrv50_pLXyeys4DPJrP5wuI&amp;__tn__=*NK-R\" target=\"_blank\" rel=\"noopener\">#Laeradeunbuenfuturo<\/a><\/p>\n","protected":false},"excerpt":{"rendered":"<p>Donde el lema es recicla, juega y aprende: Con gran entusiasmo se llev\u00f3 a cabo la clausura de escuelita de verano 2025, en las instalaciones del Dif municipal de ixtapangajoya, donde ni\u00f1as y ni\u00f1os participaron activamente en talleres de manualidades, dibujo y pintura, Durante el evento, se realiz\u00f3 la entrega de reconocimientos a las y [&hellip;]<\/p>\n","protected":false},"author":1,"featured_media":117729,"comment_status":"closed","ping_status":"closed","sticky":false,"template":"","format":"chat","meta":{"footnotes":""},"categories":[1],"tags":[],"class_list":["post-117728","post","type-post","status-publish","format-chat","has-post-thumbnail","hentry","category-general","post_format-post-format-chat"],"_links":{"self":[{"href":"https:\/\/elobservadorzonanorte.com.mx\/index.php?rest_route=\/wp\/v2\/posts\/117728","targetHints":{"allow":["GET"]}}],"collection":[{"href":"https:\/\/elobservadorzonanorte.com.mx\/index.php?rest_route=\/wp\/v2\/posts"}],"about":[{"href":"https:\/\/elobservadorzonanorte.com.mx\/index.php?rest_route=\/wp\/v2\/types\/post"}],"author":[{"embeddable":true,"href":"https:\/\/elobservadorzonanorte.com.mx\/index.php?rest_route=\/wp\/v2\/users\/1"}],"replies":[{"embeddable":true,"href":"https:\/\/elobservadorzonanorte.com.mx\/index.php?rest_route=%2Fwp%2Fv2%2Fcomments&post=117728"}],"version-history":[{"count":0,"href":"https:\/\/elobservadorzonanorte.com.mx\/index.php?rest_route=\/wp\/v2\/posts\/117728\/revisions"}],"wp:featuredmedia":[{"embeddable":true,"href":"https:\/\/elobservadorzonanorte.com.mx\/index.php?rest_route=\/wp\/v2\/media\/117729"}],"wp:attachment":[{"href":"https:\/\/elobservadorzonanorte.com.mx\/index.php?rest_route=%2Fwp%2Fv2%2Fmedia&parent=117728"}],"wp:term":[{"taxonomy":"category","embeddable":true,"href":"https:\/\/elobservadorzonanorte.com.mx\/index.php?rest_route=%2Fwp%2Fv2%2Fcategories&post=117728"},{"taxonomy":"post_tag","embeddable":true,"href":"https:\/\/elobservadorzonanorte.com.mx\/index.php?rest_route=%2Fwp%2Fv2%2Ftags&post=117728"}],"curies":[{"name":"wp","href":"https:\/\/api.w.org\/{rel}","templated":true}]}}