{"id":117719,"date":"2025-08-23T05:41:17","date_gmt":"2025-08-23T05:41:17","guid":{"rendered":"https:\/\/elobservadorzonanorte.com.mx\/?p=117719"},"modified":"2025-08-23T05:41:18","modified_gmt":"2025-08-23T05:41:18","slug":"sur-del-pais-se-fortalece-en-seguridad-con-acuerdo-entre-veracruz-y-chiapas-2","status":"publish","type":"post","link":"https:\/\/elobservadorzonanorte.com.mx\/?p=117719","title":{"rendered":"*Sur del pa\u00eds se fortalece en seguridad con acuerdo entre Veracruz y Chiapas*"},"content":{"rendered":"<p><iframe loading=\"lazy\" src=\"https:\/\/www.facebook.com\/plugins\/video.php?height=476&#038;href=https%3A%2F%2Fwww.facebook.com%2Fjoselenin.mora%2Fvideos%2F1947422932657292%2F&#038;show_text=false&#038;width=267&#038;t=0\" width=\"267\" height=\"476\" style=\"border:none;overflow:hidden\" scrolling=\"no\" frameborder=\"0\" allowfullscreen=\"true\" allow=\"autoplay; clipboard-write; encrypted-media; picture-in-picture; web-share\" allowFullScreen=\"true\"><\/iframe><\/p>\n\n\n\n<p class=\"wp-block-paragraph\"><a><\/a>Con el prop\u00f3sito de reforzar las estrategias interestatales de prevenci\u00f3n, vigilancia y atenci\u00f3n ciudadana, el gobernador de Chiapas, Eduardo Ram\u00edrez Aguilar, y su hom\u00f3loga de Veracruz, Roc\u00edo Nahle Garc\u00eda, signaron el Convenio de Coordinaci\u00f3n y Colaboraci\u00f3n en materia de Seguridad entre ambas entidades. En ese marco, el mandatario chiapaneco destac\u00f3 la importancia de este acuerdo para fortalecer el trabajo conjunto en el combate a la delincuencia y contribuir a la construcci\u00f3n de paz y seguridad en el sur-sureste del pa\u00eds.<\/p>\n\n\n\n<figure class=\"wp-block-video\"><\/figure>\n\n\n\n<figure class=\"wp-block-image size-large\"><img decoding=\"async\" width=\"338\" height=\"600\" src=\"https:\/\/elobservadorzonanorte.com.mx\/wp-content\/uploads\/2025\/08\/image-79-338x600.jpeg\" alt=\"\" class=\"wp-image-117720\" srcset=\"https:\/\/elobservadorzonanorte.com.mx\/wp-content\/uploads\/2025\/08\/image-79-338x600.jpeg 338w, https:\/\/elobservadorzonanorte.com.mx\/wp-content\/uploads\/2025\/08\/image-79-169x300.jpeg 169w, https:\/\/elobservadorzonanorte.com.mx\/wp-content\/uploads\/2025\/08\/image-79.jpeg 540w\" sizes=\"(max-width: 338px) 100vw, 338px\" \/><\/figure>\n","protected":false},"excerpt":{"rendered":"<p>Con el prop\u00f3sito de reforzar las estrategias interestatales de prevenci\u00f3n, vigilancia y atenci\u00f3n ciudadana, el gobernador de Chiapas, Eduardo Ram\u00edrez Aguilar, y su hom\u00f3loga de Veracruz, Roc\u00edo Nahle Garc\u00eda, signaron el Convenio de Coordinaci\u00f3n y Colaboraci\u00f3n en materia de Seguridad entre ambas entidades. En ese marco, el mandatario chiapaneco destac\u00f3 la importancia de este acuerdo [&hellip;]<\/p>\n","protected":false},"author":1,"featured_media":117720,"comment_status":"closed","ping_status":"closed","sticky":false,"template":"","format":"chat","meta":{"footnotes":""},"categories":[1],"tags":[],"class_list":["post-117719","post","type-post","status-publish","format-chat","has-post-thumbnail","hentry","category-general","post_format-post-format-chat"],"_links":{"self":[{"href":"https:\/\/elobservadorzonanorte.com.mx\/index.php?rest_route=\/wp\/v2\/posts\/117719","targetHints":{"allow":["GET"]}}],"collection":[{"href":"https:\/\/elobservadorzonanorte.com.mx\/index.php?rest_route=\/wp\/v2\/posts"}],"about":[{"href":"https:\/\/elobservadorzonanorte.com.mx\/index.php?rest_route=\/wp\/v2\/types\/post"}],"author":[{"embeddable":true,"href":"https:\/\/elobservadorzonanorte.com.mx\/index.php?rest_route=\/wp\/v2\/users\/1"}],"replies":[{"embeddable":true,"href":"https:\/\/elobservadorzonanorte.com.mx\/index.php?rest_route=%2Fwp%2Fv2%2Fcomments&post=117719"}],"version-history":[{"count":0,"href":"https:\/\/elobservadorzonanorte.com.mx\/index.php?rest_route=\/wp\/v2\/posts\/117719\/revisions"}],"wp:featuredmedia":[{"embeddable":true,"href":"https:\/\/elobservadorzonanorte.com.mx\/index.php?rest_route=\/wp\/v2\/media\/117720"}],"wp:attachment":[{"href":"https:\/\/elobservadorzonanorte.com.mx\/index.php?rest_route=%2Fwp%2Fv2%2Fmedia&parent=117719"}],"wp:term":[{"taxonomy":"category","embeddable":true,"href":"https:\/\/elobservadorzonanorte.com.mx\/index.php?rest_route=%2Fwp%2Fv2%2Fcategories&post=117719"},{"taxonomy":"post_tag","embeddable":true,"href":"https:\/\/elobservadorzonanorte.com.mx\/index.php?rest_route=%2Fwp%2Fv2%2Ftags&post=117719"}],"curies":[{"name":"wp","href":"https:\/\/api.w.org\/{rel}","templated":true}]}}