{"id":117713,"date":"2025-08-23T05:40:55","date_gmt":"2025-08-23T05:40:55","guid":{"rendered":"https:\/\/elobservadorzonanorte.com.mx\/?p=117713"},"modified":"2025-08-23T05:40:56","modified_gmt":"2025-08-23T05:40:56","slug":"sur-del-pais-se-fortalece-en-seguridad-con-acuerdo-entre-veracruz-y-chiapas","status":"publish","type":"post","link":"https:\/\/elobservadorzonanorte.com.mx\/?p=117713","title":{"rendered":"*Sur del pa\u00eds se fortalece en seguridad con acuerdo entre Veracruz y Chiapas*"},"content":{"rendered":"\n<figure class=\"wp-block-image size-full\"><img decoding=\"async\" width=\"593\" height=\"395\" src=\"https:\/\/elobservadorzonanorte.com.mx\/wp-content\/uploads\/2025\/08\/538255257_3137594399742867_1453040665639817728_n.jpg\" alt=\"\" class=\"wp-image-117714\" srcset=\"https:\/\/elobservadorzonanorte.com.mx\/wp-content\/uploads\/2025\/08\/538255257_3137594399742867_1453040665639817728_n.jpg 593w, https:\/\/elobservadorzonanorte.com.mx\/wp-content\/uploads\/2025\/08\/538255257_3137594399742867_1453040665639817728_n-300x200.jpg 300w\" sizes=\"(max-width: 593px) 100vw, 593px\" \/><\/figure>\n\n\n\n<figure class=\"wp-block-image size-full\"><img decoding=\"async\" width=\"593\" height=\"395\" src=\"https:\/\/elobservadorzonanorte.com.mx\/wp-content\/uploads\/2025\/08\/537102148_3137594449742862_4508903132993988119_n.jpg\" alt=\"\" class=\"wp-image-117715\" srcset=\"https:\/\/elobservadorzonanorte.com.mx\/wp-content\/uploads\/2025\/08\/537102148_3137594449742862_4508903132993988119_n.jpg 593w, https:\/\/elobservadorzonanorte.com.mx\/wp-content\/uploads\/2025\/08\/537102148_3137594449742862_4508903132993988119_n-300x200.jpg 300w\" sizes=\"(max-width: 593px) 100vw, 593px\" \/><\/figure>\n\n\n\n<figure class=\"wp-block-image size-full\"><img decoding=\"async\" width=\"593\" height=\"395\" src=\"https:\/\/elobservadorzonanorte.com.mx\/wp-content\/uploads\/2025\/08\/536978253_3137594566409517_7213655080378472399_n.jpg\" alt=\"\" class=\"wp-image-117716\" srcset=\"https:\/\/elobservadorzonanorte.com.mx\/wp-content\/uploads\/2025\/08\/536978253_3137594566409517_7213655080378472399_n.jpg 593w, https:\/\/elobservadorzonanorte.com.mx\/wp-content\/uploads\/2025\/08\/536978253_3137594566409517_7213655080378472399_n-300x200.jpg 300w\" sizes=\"(max-width: 593px) 100vw, 593px\" \/><\/figure>\n\n\n\n<figure class=\"wp-block-image size-full\"><img decoding=\"async\" width=\"593\" height=\"395\" src=\"https:\/\/elobservadorzonanorte.com.mx\/wp-content\/uploads\/2025\/08\/537141766_3137594599742847_6520362640671831199_n.jpg\" alt=\"\" class=\"wp-image-117717\" srcset=\"https:\/\/elobservadorzonanorte.com.mx\/wp-content\/uploads\/2025\/08\/537141766_3137594599742847_6520362640671831199_n.jpg 593w, https:\/\/elobservadorzonanorte.com.mx\/wp-content\/uploads\/2025\/08\/537141766_3137594599742847_6520362640671831199_n-300x200.jpg 300w\" sizes=\"(max-width: 593px) 100vw, 593px\" \/><\/figure>\n\n\n\n<p class=\"wp-block-paragraph\">&#8211; Contempla acciones de inteligencia y cooperaci\u00f3n para la paz en el sur-sureste<\/p>\n\n\n\n<p class=\"wp-block-paragraph\">Veracruz, Ver.; 22 de agosto de 2025.- El gobernador de Chiapas, Eduardo Ram\u00edrez Aguilar, y su hom\u00f3loga de Veracruz, Roc\u00edo Nahle Garc\u00eda, signaron el Convenio de Coordinaci\u00f3n y Colaboraci\u00f3n en materia de Seguridad, con el prop\u00f3sito de reforzar las estrategias interestatales de prevenci\u00f3n, vigilancia y atenci\u00f3n ciudadana en beneficio de ambas entidades.<\/p>\n\n\n\n<p class=\"wp-block-paragraph\">Durante su mensaje, el gobernador Eduardo Ram\u00edrez Aguilar destac\u00f3 la relevancia de la colaboraci\u00f3n con Veracruz para fortalecer el trabajo conjunto en el combate a la delincuencia y contribuir, desde el sur de M\u00e9xico, a la construcci\u00f3n de paz y seguridad, tal como lo ha convocado la presidenta Claudia Sheinbaum Pardo.<\/p>\n\n\n\n<p class=\"wp-block-paragraph\">Al reafirmar su compromiso, especialmente por la estrecha relaci\u00f3n comercial que une a ambas entidades, el mandatario chiapaneco subray\u00f3 la importancia de contar con carreteras seguras que garanticen el traslado de mercanc\u00edas y el tr\u00e1nsito durante las temporadas vacacionales. Precis\u00f3 que en estas tareas es indispensable mantener cooperaci\u00f3n, coordinaci\u00f3n y confianza.<\/p>\n\n\n\n<p class=\"wp-block-paragraph\">\u201cLa presidenta Claudia Sheinbaum nos ha convocado a trabajar en unidad, a cerrar filas con ella, con lealtad, con determinaci\u00f3n y, sobre todo, con mucha honestidad. Venimos a hacer votos para que en el sur de M\u00e9xico vivamos en paz, de manera coordinada, pero sobre todo muy unidos\u201d, expres\u00f3 Ram\u00edrez Aguilar.<\/p>\n\n\n\n<p class=\"wp-block-paragraph\">Por su parte, Nahle Garc\u00eda subray\u00f3 que este acuerdo se suma al Plan Nacional de Construcci\u00f3n de Paz, impulsado por la presidenta Claudia Sheinbaum Pardo, \u201cnos permite continuar la estrecha colaboraci\u00f3n que hemos mantenido desde el inicio de nuestras administraciones. Todas las instituciones de nuestro gobierno estar\u00e1n en total coordinaci\u00f3n con las de Chiapas\u201d.<\/p>\n\n\n\n<p class=\"wp-block-paragraph\">El convenio establece mecanismos de cooperaci\u00f3n enfocados en el combate a la delincuencia organizada, mediante estrategias conjuntas; reforzamiento de fronteras, con mayor vigilancia en zonas lim\u00edtrofes; mejora de inteligencia y reacci\u00f3n, optimizando sistemas de informaci\u00f3n y capacidad de respuesta, as\u00ed como la seguridad vial, priorizando la ruta Coatzacoalcos\u2013Las Choapas\u2013Chiapas, vital para comercio y tr\u00e1nsito.<\/p>\n\n\n\n<p class=\"wp-block-paragraph\">Este acuerdo representa un paso m\u00e1s en la consolidaci\u00f3n de un frente regional para la construcci\u00f3n de la paz en el sur-sureste del pa\u00eds.<\/p>\n\n\n\n<p class=\"wp-block-paragraph\">En la ceremonia participaron tambi\u00e9n la secretaria general de Gobierno y Mediaci\u00f3n, Patricia del Carmen Conde Ruiz; el secretario de Seguridad del Pueblo, \u00d3scar Alberto Aparicio Avenda\u00f1o; y el fiscal general del Estado, Jorge Luis Llaven Abarca. Por parte de Veracruz, el secretario de Gobierno, Ricardo Ahued Bardahuil; el secretario de Seguridad P\u00fablica, Alfonso Reyes Garc\u00e9s y la fiscal Ver\u00f3nica Hern\u00e1ndez Giad\u00e1ns.<\/p>\n","protected":false},"excerpt":{"rendered":"<p>&#8211; Contempla acciones de inteligencia y cooperaci\u00f3n para la paz en el sur-sureste Veracruz, Ver.; 22 de agosto de 2025.- El gobernador de Chiapas, Eduardo Ram\u00edrez Aguilar, y su hom\u00f3loga de Veracruz, Roc\u00edo Nahle Garc\u00eda, signaron el Convenio de Coordinaci\u00f3n y Colaboraci\u00f3n en materia de Seguridad, con el prop\u00f3sito de reforzar las estrategias interestatales de [&hellip;]<\/p>\n","protected":false},"author":1,"featured_media":117717,"comment_status":"closed","ping_status":"closed","sticky":false,"template":"","format":"chat","meta":{"footnotes":""},"categories":[1],"tags":[],"class_list":["post-117713","post","type-post","status-publish","format-chat","has-post-thumbnail","hentry","category-general","post_format-post-format-chat"],"_links":{"self":[{"href":"https:\/\/elobservadorzonanorte.com.mx\/index.php?rest_route=\/wp\/v2\/posts\/117713","targetHints":{"allow":["GET"]}}],"collection":[{"href":"https:\/\/elobservadorzonanorte.com.mx\/index.php?rest_route=\/wp\/v2\/posts"}],"about":[{"href":"https:\/\/elobservadorzonanorte.com.mx\/index.php?rest_route=\/wp\/v2\/types\/post"}],"author":[{"embeddable":true,"href":"https:\/\/elobservadorzonanorte.com.mx\/index.php?rest_route=\/wp\/v2\/users\/1"}],"replies":[{"embeddable":true,"href":"https:\/\/elobservadorzonanorte.com.mx\/index.php?rest_route=%2Fwp%2Fv2%2Fcomments&post=117713"}],"version-history":[{"count":0,"href":"https:\/\/elobservadorzonanorte.com.mx\/index.php?rest_route=\/wp\/v2\/posts\/117713\/revisions"}],"wp:featuredmedia":[{"embeddable":true,"href":"https:\/\/elobservadorzonanorte.com.mx\/index.php?rest_route=\/wp\/v2\/media\/117717"}],"wp:attachment":[{"href":"https:\/\/elobservadorzonanorte.com.mx\/index.php?rest_route=%2Fwp%2Fv2%2Fmedia&parent=117713"}],"wp:term":[{"taxonomy":"category","embeddable":true,"href":"https:\/\/elobservadorzonanorte.com.mx\/index.php?rest_route=%2Fwp%2Fv2%2Fcategories&post=117713"},{"taxonomy":"post_tag","embeddable":true,"href":"https:\/\/elobservadorzonanorte.com.mx\/index.php?rest_route=%2Fwp%2Fv2%2Ftags&post=117713"}],"curies":[{"name":"wp","href":"https:\/\/api.w.org\/{rel}","templated":true}]}}