{"id":117590,"date":"2025-08-21T03:27:18","date_gmt":"2025-08-21T03:27:18","guid":{"rendered":"https:\/\/elobservadorzonanorte.com.mx\/?p=117590"},"modified":"2025-08-21T03:27:19","modified_gmt":"2025-08-21T03:27:19","slug":"en-ocosingo-eduardo-ramirez-reafirma-compromiso-de-fortalecer-la-infraestructura-y-el-desarrollo","status":"publish","type":"post","link":"https:\/\/elobservadorzonanorte.com.mx\/?p=117590","title":{"rendered":"*En Ocosingo, Eduardo Ram\u00edrez reafirma compromiso de fortalecer la infraestructura y el desarrollo*"},"content":{"rendered":"<p><iframe loading=\"lazy\" src=\"https:\/\/www.facebook.com\/plugins\/video.php?height=476&#038;href=https%3A%2F%2Fwww.facebook.com%2Fjoselenin.mora%2Fvideos%2F1137500804895061%2F&#038;show_text=false&#038;width=267&#038;t=0\" width=\"267\" height=\"476\" style=\"border:none;overflow:hidden\" scrolling=\"no\" frameborder=\"0\" allowfullscreen=\"true\" allow=\"autoplay; clipboard-write; encrypted-media; picture-in-picture; web-share\" allowFullScreen=\"true\"><\/iframe><\/p>\n\n\n\n<p class=\"wp-block-paragraph\">En su visita al municipio de Ocosingo, el gobernador Eduardo Ram\u00edrez Aguilar anunci\u00f3 una importante inversi\u00f3n en diversas obras, tanto en la cabecera municipal como en las comunidades, como parte de su compromiso de fortalecer la infraestructura y el desarrollo de esta localidad. En este marco, encabez\u00f3 el banderazo de inicio de la construcci\u00f3n del sistema de agua potable; <a><\/a>inaugur\u00f3 aulas en el Colegio de Bachilleres de Chiapas Plantel 16 y arranc\u00f3 la rehabilitaci\u00f3n de los caminos Ocosingo Tonin\u00e1 y Ocosingo\u2013Altamirano.<\/p>\n\n\n\n<figure class=\"wp-block-video\"><\/figure>\n\n\n\n<figure class=\"wp-block-image size-large\"><img decoding=\"async\" width=\"338\" height=\"600\" src=\"https:\/\/elobservadorzonanorte.com.mx\/wp-content\/uploads\/2025\/08\/image-77-338x600.jpeg\" alt=\"\" class=\"wp-image-117591\" srcset=\"https:\/\/elobservadorzonanorte.com.mx\/wp-content\/uploads\/2025\/08\/image-77-338x600.jpeg 338w, https:\/\/elobservadorzonanorte.com.mx\/wp-content\/uploads\/2025\/08\/image-77-169x300.jpeg 169w, https:\/\/elobservadorzonanorte.com.mx\/wp-content\/uploads\/2025\/08\/image-77.jpeg 540w\" sizes=\"(max-width: 338px) 100vw, 338px\" \/><\/figure>\n","protected":false},"excerpt":{"rendered":"<p>En su visita al municipio de Ocosingo, el gobernador Eduardo Ram\u00edrez Aguilar anunci\u00f3 una importante inversi\u00f3n en diversas obras, tanto en la cabecera municipal como en las comunidades, como parte de su compromiso de fortalecer la infraestructura y el desarrollo de esta localidad. En este marco, encabez\u00f3 el banderazo de inicio de la construcci\u00f3n del [&hellip;]<\/p>\n","protected":false},"author":1,"featured_media":117591,"comment_status":"closed","ping_status":"closed","sticky":false,"template":"","format":"chat","meta":{"footnotes":""},"categories":[1],"tags":[],"class_list":["post-117590","post","type-post","status-publish","format-chat","has-post-thumbnail","hentry","category-general","post_format-post-format-chat"],"_links":{"self":[{"href":"https:\/\/elobservadorzonanorte.com.mx\/index.php?rest_route=\/wp\/v2\/posts\/117590","targetHints":{"allow":["GET"]}}],"collection":[{"href":"https:\/\/elobservadorzonanorte.com.mx\/index.php?rest_route=\/wp\/v2\/posts"}],"about":[{"href":"https:\/\/elobservadorzonanorte.com.mx\/index.php?rest_route=\/wp\/v2\/types\/post"}],"author":[{"embeddable":true,"href":"https:\/\/elobservadorzonanorte.com.mx\/index.php?rest_route=\/wp\/v2\/users\/1"}],"replies":[{"embeddable":true,"href":"https:\/\/elobservadorzonanorte.com.mx\/index.php?rest_route=%2Fwp%2Fv2%2Fcomments&post=117590"}],"version-history":[{"count":0,"href":"https:\/\/elobservadorzonanorte.com.mx\/index.php?rest_route=\/wp\/v2\/posts\/117590\/revisions"}],"wp:featuredmedia":[{"embeddable":true,"href":"https:\/\/elobservadorzonanorte.com.mx\/index.php?rest_route=\/wp\/v2\/media\/117591"}],"wp:attachment":[{"href":"https:\/\/elobservadorzonanorte.com.mx\/index.php?rest_route=%2Fwp%2Fv2%2Fmedia&parent=117590"}],"wp:term":[{"taxonomy":"category","embeddable":true,"href":"https:\/\/elobservadorzonanorte.com.mx\/index.php?rest_route=%2Fwp%2Fv2%2Fcategories&post=117590"},{"taxonomy":"post_tag","embeddable":true,"href":"https:\/\/elobservadorzonanorte.com.mx\/index.php?rest_route=%2Fwp%2Fv2%2Ftags&post=117590"}],"curies":[{"name":"wp","href":"https:\/\/api.w.org\/{rel}","templated":true}]}}