{"id":117561,"date":"2025-08-21T03:24:10","date_gmt":"2025-08-21T03:24:10","guid":{"rendered":"https:\/\/elobservadorzonanorte.com.mx\/?p=117561"},"modified":"2025-08-21T03:24:10","modified_gmt":"2025-08-21T03:24:10","slug":"el-presidente-municipal-andres-carballo-cordova-sostuvo-una-significativa-reunion-con-la-artista-areli-vidal-y-el-colectivo-xiimbal-como-parte-de-las-acciones-coordinadas-para-dar-voz-a-la-cultura-y","status":"publish","type":"post","link":"https:\/\/elobservadorzonanorte.com.mx\/?p=117561","title":{"rendered":"El presidente municipal Andr\u00e9s Carballo C\u00f3rdova sostuvo una significativa reuni\u00f3n con la artista Areli Vidal y el colectivo Xiimbal, como parte de las acciones coordinadas para dar voz a la cultura y tradici\u00f3n de nuestro municipio a trav\u00e9s del arte."},"content":{"rendered":"\n<figure class=\"wp-block-image size-large\"><img decoding=\"async\" width=\"600\" height=\"450\" src=\"https:\/\/elobservadorzonanorte.com.mx\/wp-content\/uploads\/2025\/08\/535536031_3135599463275694_5633672535714724174_n-600x450.jpg\" alt=\"\" class=\"wp-image-117562\" srcset=\"https:\/\/elobservadorzonanorte.com.mx\/wp-content\/uploads\/2025\/08\/535536031_3135599463275694_5633672535714724174_n-600x450.jpg 600w, https:\/\/elobservadorzonanorte.com.mx\/wp-content\/uploads\/2025\/08\/535536031_3135599463275694_5633672535714724174_n-300x225.jpg 300w, https:\/\/elobservadorzonanorte.com.mx\/wp-content\/uploads\/2025\/08\/535536031_3135599463275694_5633672535714724174_n.jpg 720w\" sizes=\"(max-width: 600px) 100vw, 600px\" \/><\/figure>\n\n\n\n<p class=\"wp-block-paragraph\">Durante el encuentro, se reconoci\u00f3 el valioso aporte de Areli Vidal al paisaje cultural de Pichucalco, reflejado en el mural \u201cNuestras ra\u00edces\u2026 Nuestra historia\u201d, recientemente instalado en el Hospital General de Pichucalco. Esta pieza, que hoy pueden disfrutar pacientes, personal m\u00e9dico y visitantes de dicha instituci\u00f3n, demuestra c\u00f3mo el arte puede transformar espacios p\u00fablicos en escenarios de memoria, orgullo y pertenencia.<\/p>\n\n\n\n<p class=\"wp-block-paragraph\">La reuni\u00f3n permiti\u00f3 explorar oportunidades de colaboraci\u00f3n que acerquen el arte a m\u00e1s rincones del municipio, fomentando el di\u00e1logo intergeneracional y el reconocimiento de nuestras ra\u00edces.<\/p>\n\n\n\n<p class=\"wp-block-paragraph\">Con estas acciones, el gobierno municipal reafirma su compromiso de impulsar una visi\u00f3n donde el arte no solo embellece, sino tambi\u00e9n educa, une y da sentido a nuestra historia compartida.<\/p>\n\n\n\n<p class=\"wp-block-paragraph\"><a href=\"https:\/\/www.facebook.com\/hashtag\/pichucalco?__eep__=6&amp;__cft__[0]=AZU14y4nqXWv-tDICRtuDXQQPxXw0IHKc2ukpK5WPoudt4724pjMkNm7CbEqbKGeMlwSDw_GiyOaNR9p6ouOBMRMAv8W4n6B-HYY3QrTum0SKNWW7TKQzaQsJpVdM4sRyt15GIR-B5qWbh2K2KZxKYYpTf1vDcwx7lqFchpmV1Ox9TvDG_wSq2uJW2XNgQbZ3d8&amp;__tn__=*NK-R\" target=\"_blank\" rel=\"noopener\">#Pichucalco<\/a><a href=\"https:\/\/www.facebook.com\/hashtag\/accionesquecontribuyenalcambio?__eep__=6&amp;__cft__[0]=AZU14y4nqXWv-tDICRtuDXQQPxXw0IHKc2ukpK5WPoudt4724pjMkNm7CbEqbKGeMlwSDw_GiyOaNR9p6ouOBMRMAv8W4n6B-HYY3QrTum0SKNWW7TKQzaQsJpVdM4sRyt15GIR-B5qWbh2K2KZxKYYpTf1vDcwx7lqFchpmV1Ox9TvDG_wSq2uJW2XNgQbZ3d8&amp;__tn__=*NK-R\" target=\"_blank\" rel=\"noopener\">#AccionesQueContribuyenAlCambio<\/a><\/p>\n","protected":false},"excerpt":{"rendered":"<p>Durante el encuentro, se reconoci\u00f3 el valioso aporte de Areli Vidal al paisaje cultural de Pichucalco, reflejado en el mural \u201cNuestras ra\u00edces\u2026 Nuestra historia\u201d, recientemente instalado en el Hospital General de Pichucalco. Esta pieza, que hoy pueden disfrutar pacientes, personal m\u00e9dico y visitantes de dicha instituci\u00f3n, demuestra c\u00f3mo el arte puede transformar espacios p\u00fablicos en [&hellip;]<\/p>\n","protected":false},"author":1,"featured_media":117562,"comment_status":"closed","ping_status":"closed","sticky":false,"template":"","format":"chat","meta":{"footnotes":""},"categories":[1],"tags":[],"class_list":["post-117561","post","type-post","status-publish","format-chat","has-post-thumbnail","hentry","category-general","post_format-post-format-chat"],"_links":{"self":[{"href":"https:\/\/elobservadorzonanorte.com.mx\/index.php?rest_route=\/wp\/v2\/posts\/117561","targetHints":{"allow":["GET"]}}],"collection":[{"href":"https:\/\/elobservadorzonanorte.com.mx\/index.php?rest_route=\/wp\/v2\/posts"}],"about":[{"href":"https:\/\/elobservadorzonanorte.com.mx\/index.php?rest_route=\/wp\/v2\/types\/post"}],"author":[{"embeddable":true,"href":"https:\/\/elobservadorzonanorte.com.mx\/index.php?rest_route=\/wp\/v2\/users\/1"}],"replies":[{"embeddable":true,"href":"https:\/\/elobservadorzonanorte.com.mx\/index.php?rest_route=%2Fwp%2Fv2%2Fcomments&post=117561"}],"version-history":[{"count":0,"href":"https:\/\/elobservadorzonanorte.com.mx\/index.php?rest_route=\/wp\/v2\/posts\/117561\/revisions"}],"wp:featuredmedia":[{"embeddable":true,"href":"https:\/\/elobservadorzonanorte.com.mx\/index.php?rest_route=\/wp\/v2\/media\/117562"}],"wp:attachment":[{"href":"https:\/\/elobservadorzonanorte.com.mx\/index.php?rest_route=%2Fwp%2Fv2%2Fmedia&parent=117561"}],"wp:term":[{"taxonomy":"category","embeddable":true,"href":"https:\/\/elobservadorzonanorte.com.mx\/index.php?rest_route=%2Fwp%2Fv2%2Fcategories&post=117561"},{"taxonomy":"post_tag","embeddable":true,"href":"https:\/\/elobservadorzonanorte.com.mx\/index.php?rest_route=%2Fwp%2Fv2%2Ftags&post=117561"}],"curies":[{"name":"wp","href":"https:\/\/api.w.org\/{rel}","templated":true}]}}