{"id":117538,"date":"2025-08-21T03:22:29","date_gmt":"2025-08-21T03:22:29","guid":{"rendered":"https:\/\/elobservadorzonanorte.com.mx\/?p=117538"},"modified":"2025-08-21T03:22:30","modified_gmt":"2025-08-21T03:22:30","slug":"pichucalco-recibe-constancia-por-destacado-desempeno-en-prevencion-del-delito","status":"publish","type":"post","link":"https:\/\/elobservadorzonanorte.com.mx\/?p=117538","title":{"rendered":"Pichucalco recibe constancia por destacado desempe\u00f1o en prevenci\u00f3n del delito"},"content":{"rendered":"\n<figure class=\"wp-block-image size-full\"><img decoding=\"async\" width=\"593\" height=\"395\" src=\"https:\/\/elobservadorzonanorte.com.mx\/wp-content\/uploads\/2025\/08\/535314208_3135496313286009_2491070966432032338_n.jpg\" alt=\"\" class=\"wp-image-117539\" srcset=\"https:\/\/elobservadorzonanorte.com.mx\/wp-content\/uploads\/2025\/08\/535314208_3135496313286009_2491070966432032338_n.jpg 593w, https:\/\/elobservadorzonanorte.com.mx\/wp-content\/uploads\/2025\/08\/535314208_3135496313286009_2491070966432032338_n-300x200.jpg 300w\" sizes=\"(max-width: 593px) 100vw, 593px\" \/><\/figure>\n\n\n\n<figure class=\"wp-block-image size-full\"><img decoding=\"async\" width=\"593\" height=\"395\" src=\"https:\/\/elobservadorzonanorte.com.mx\/wp-content\/uploads\/2025\/08\/537116119_3135496423285998_6440981092097196411_n.jpg\" alt=\"\" class=\"wp-image-117540\" srcset=\"https:\/\/elobservadorzonanorte.com.mx\/wp-content\/uploads\/2025\/08\/537116119_3135496423285998_6440981092097196411_n.jpg 593w, https:\/\/elobservadorzonanorte.com.mx\/wp-content\/uploads\/2025\/08\/537116119_3135496423285998_6440981092097196411_n-300x200.jpg 300w\" sizes=\"(max-width: 593px) 100vw, 593px\" \/><\/figure>\n\n\n\n<figure class=\"wp-block-image size-full\"><img decoding=\"async\" width=\"593\" height=\"395\" src=\"https:\/\/elobservadorzonanorte.com.mx\/wp-content\/uploads\/2025\/08\/536416176_3135496459952661_5489866995138851814_n.jpg\" alt=\"\" class=\"wp-image-117541\" srcset=\"https:\/\/elobservadorzonanorte.com.mx\/wp-content\/uploads\/2025\/08\/536416176_3135496459952661_5489866995138851814_n.jpg 593w, https:\/\/elobservadorzonanorte.com.mx\/wp-content\/uploads\/2025\/08\/536416176_3135496459952661_5489866995138851814_n-300x200.jpg 300w\" sizes=\"(max-width: 593px) 100vw, 593px\" \/><\/figure>\n\n\n\n<p class=\"wp-block-paragraph\">En el marco de la segunda sesi\u00f3n ordinaria de la Comisi\u00f3n Permanente de Prevenci\u00f3n del Delito y Participaci\u00f3n Ciudadana, el municipio de Pichucalco fue reconocido por su compromiso en la implementaci\u00f3n de estrategias preventivas, recibiendo la Constancia de Cumplimiento por parte de autoridades estatales.<\/p>\n\n\n\n<p class=\"wp-block-paragraph\">Durante la sesi\u00f3n, se present\u00f3 y valid\u00f3 el Programa Municipal de Prevenci\u00f3n del Delito y la <a><\/a>Violencia, el cual articula cuatro ejes de acci\u00f3n enfocados en la participaci\u00f3n ciudadana, la cultura de la legalidad, la atenci\u00f3n a sectores vulnerables y la coordinaci\u00f3n interinstitucional.<\/p>\n\n\n\n<p class=\"wp-block-paragraph\">En representaci\u00f3n del presidente municipal, maestro Andr\u00e9s Carballo C\u00f3rdova, asisti\u00f3 el regidor Heber Isa\u00ed L\u00f3pez S\u00e1nchez ademas de otras autoridades locales, quienes acompa\u00f1aron el desarrollo de la sesi\u00f3n y expresaron su respaldo a las acciones del \u00e1rea de prevenci\u00f3n. En su intervenci\u00f3n, el regidor L\u00f3pez S\u00e1nchez agradeci\u00f3 el acompa\u00f1amiento t\u00e9cnico brindado por la Directora General del Centro Estatal de Prevenci\u00f3n Social de la Violencia y Participaci\u00f3n Ciudadana, Lic. Yolanda M. Alfaro P\u00e9rez, destacando que sus estrategias han sido clave para fortalecer la labor preventiva en el municipio.<\/p>\n\n\n\n<p class=\"wp-block-paragraph\">La C. Amanda Salazar Cornelio, presidenta del Comit\u00e9 de Consulta y Participaci\u00f3n Ciudadana, junto con autoridades estatales y municipales, fueron testigos de la validaci\u00f3n oficial del programa, reafirmando el compromiso de Pichucalco con la seguridad, la inclusi\u00f3n y el bienestar social.<\/p>\n\n\n\n<p class=\"wp-block-paragraph\"><a href=\"https:\/\/www.facebook.com\/hashtag\/pichucalco?__eep__=6&amp;__cft__[0]=AZWAN141F2FAw1a81p1iw-_NsQoXu0pOOk6zMotCrkkMhEs4-qyT-pdcWrjTpR8eeCNn5Bn5tO4JutOYFpTCT6xzFLaLM_PpoWcWi9xbUna6PtyUr8KfH04apwJ0GZa6D514im5NrqALAahM8m5kw8PkTkEoKV_dNdqhekUpWJ07O2jlMrIuMbw4VCcTs0gD1SY&amp;__tn__=*NK-R\" target=\"_blank\" rel=\"noopener\">#Pichucalco<\/a><a href=\"https:\/\/www.facebook.com\/hashtag\/accionesquecontribuyenalcambio?__eep__=6&amp;__cft__[0]=AZWAN141F2FAw1a81p1iw-_NsQoXu0pOOk6zMotCrkkMhEs4-qyT-pdcWrjTpR8eeCNn5Bn5tO4JutOYFpTCT6xzFLaLM_PpoWcWi9xbUna6PtyUr8KfH04apwJ0GZa6D514im5NrqALAahM8m5kw8PkTkEoKV_dNdqhekUpWJ07O2jlMrIuMbw4VCcTs0gD1SY&amp;__tn__=*NK-R\" target=\"_blank\" rel=\"noopener\">#AccionesQueContribuyenAlCambio<\/a><a href=\"https:\/\/www.facebook.com\/hashtag\/prevenciondeldelito?__eep__=6&amp;__cft__[0]=AZWAN141F2FAw1a81p1iw-_NsQoXu0pOOk6zMotCrkkMhEs4-qyT-pdcWrjTpR8eeCNn5Bn5tO4JutOYFpTCT6xzFLaLM_PpoWcWi9xbUna6PtyUr8KfH04apwJ0GZa6D514im5NrqALAahM8m5kw8PkTkEoKV_dNdqhekUpWJ07O2jlMrIuMbw4VCcTs0gD1SY&amp;__tn__=*NK-R\" target=\"_blank\" rel=\"noopener\">#PrevencionDelDelito<\/a><\/p>\n","protected":false},"excerpt":{"rendered":"<p>En el marco de la segunda sesi\u00f3n ordinaria de la Comisi\u00f3n Permanente de Prevenci\u00f3n del Delito y Participaci\u00f3n Ciudadana, el municipio de Pichucalco fue reconocido por su compromiso en la implementaci\u00f3n de estrategias preventivas, recibiendo la Constancia de Cumplimiento por parte de autoridades estatales. Durante la sesi\u00f3n, se present\u00f3 y valid\u00f3 el Programa Municipal de [&hellip;]<\/p>\n","protected":false},"author":1,"featured_media":117541,"comment_status":"closed","ping_status":"closed","sticky":false,"template":"","format":"chat","meta":{"footnotes":""},"categories":[1],"tags":[],"class_list":["post-117538","post","type-post","status-publish","format-chat","has-post-thumbnail","hentry","category-general","post_format-post-format-chat"],"_links":{"self":[{"href":"https:\/\/elobservadorzonanorte.com.mx\/index.php?rest_route=\/wp\/v2\/posts\/117538","targetHints":{"allow":["GET"]}}],"collection":[{"href":"https:\/\/elobservadorzonanorte.com.mx\/index.php?rest_route=\/wp\/v2\/posts"}],"about":[{"href":"https:\/\/elobservadorzonanorte.com.mx\/index.php?rest_route=\/wp\/v2\/types\/post"}],"author":[{"embeddable":true,"href":"https:\/\/elobservadorzonanorte.com.mx\/index.php?rest_route=\/wp\/v2\/users\/1"}],"replies":[{"embeddable":true,"href":"https:\/\/elobservadorzonanorte.com.mx\/index.php?rest_route=%2Fwp%2Fv2%2Fcomments&post=117538"}],"version-history":[{"count":0,"href":"https:\/\/elobservadorzonanorte.com.mx\/index.php?rest_route=\/wp\/v2\/posts\/117538\/revisions"}],"wp:featuredmedia":[{"embeddable":true,"href":"https:\/\/elobservadorzonanorte.com.mx\/index.php?rest_route=\/wp\/v2\/media\/117541"}],"wp:attachment":[{"href":"https:\/\/elobservadorzonanorte.com.mx\/index.php?rest_route=%2Fwp%2Fv2%2Fmedia&parent=117538"}],"wp:term":[{"taxonomy":"category","embeddable":true,"href":"https:\/\/elobservadorzonanorte.com.mx\/index.php?rest_route=%2Fwp%2Fv2%2Fcategories&post=117538"},{"taxonomy":"post_tag","embeddable":true,"href":"https:\/\/elobservadorzonanorte.com.mx\/index.php?rest_route=%2Fwp%2Fv2%2Ftags&post=117538"}],"curies":[{"name":"wp","href":"https:\/\/api.w.org\/{rel}","templated":true}]}}