{"id":117531,"date":"2025-08-21T03:22:10","date_gmt":"2025-08-21T03:22:10","guid":{"rendered":"https:\/\/elobservadorzonanorte.com.mx\/?p=117531"},"modified":"2025-08-21T03:22:11","modified_gmt":"2025-08-21T03:22:11","slug":"no-hay-desplazamiento-forzado-producto-de-la-violencia-en-frontera-comalapa-fiscal-general-y-secretario-de-seguridad","status":"publish","type":"post","link":"https:\/\/elobservadorzonanorte.com.mx\/?p=117531","title":{"rendered":"*No hay desplazamiento forzado producto de la violencia en Frontera Comalapa: Fiscal General y Secretario de Seguridad*"},"content":{"rendered":"\n<figure class=\"wp-block-image size-full\"><img decoding=\"async\" width=\"600\" height=\"338\" src=\"https:\/\/elobservadorzonanorte.com.mx\/wp-content\/uploads\/2025\/08\/536489957_3135495559952751_2596139383681673325_n.jpg\" alt=\"\" class=\"wp-image-117532\" srcset=\"https:\/\/elobservadorzonanorte.com.mx\/wp-content\/uploads\/2025\/08\/536489957_3135495559952751_2596139383681673325_n.jpg 600w, https:\/\/elobservadorzonanorte.com.mx\/wp-content\/uploads\/2025\/08\/536489957_3135495559952751_2596139383681673325_n-300x169.jpg 300w\" sizes=\"(max-width: 600px) 100vw, 600px\" \/><\/figure>\n\n\n\n<figure class=\"wp-block-image size-full\"><img decoding=\"async\" width=\"600\" height=\"338\" src=\"https:\/\/elobservadorzonanorte.com.mx\/wp-content\/uploads\/2025\/08\/536394484_3135495669952740_5345320768967554780_n.jpg\" alt=\"\" class=\"wp-image-117533\" srcset=\"https:\/\/elobservadorzonanorte.com.mx\/wp-content\/uploads\/2025\/08\/536394484_3135495669952740_5345320768967554780_n.jpg 600w, https:\/\/elobservadorzonanorte.com.mx\/wp-content\/uploads\/2025\/08\/536394484_3135495669952740_5345320768967554780_n-300x169.jpg 300w\" sizes=\"(max-width: 600px) 100vw, 600px\" \/><\/figure>\n\n\n\n<figure class=\"wp-block-image size-full\"><img decoding=\"async\" width=\"600\" height=\"338\" src=\"https:\/\/elobservadorzonanorte.com.mx\/wp-content\/uploads\/2025\/08\/535836219_3135495626619411_6161204699695829808_n.jpg\" alt=\"\" class=\"wp-image-117534\" srcset=\"https:\/\/elobservadorzonanorte.com.mx\/wp-content\/uploads\/2025\/08\/535836219_3135495626619411_6161204699695829808_n.jpg 600w, https:\/\/elobservadorzonanorte.com.mx\/wp-content\/uploads\/2025\/08\/535836219_3135495626619411_6161204699695829808_n-300x169.jpg 300w\" sizes=\"(max-width: 600px) 100vw, 600px\" \/><\/figure>\n\n\n\n<figure class=\"wp-block-image size-full\"><img decoding=\"async\" width=\"600\" height=\"338\" src=\"https:\/\/elobservadorzonanorte.com.mx\/wp-content\/uploads\/2025\/08\/536247658_3135495746619399_4555304334508403218_n.jpg\" alt=\"\" class=\"wp-image-117535\" srcset=\"https:\/\/elobservadorzonanorte.com.mx\/wp-content\/uploads\/2025\/08\/536247658_3135495746619399_4555304334508403218_n.jpg 600w, https:\/\/elobservadorzonanorte.com.mx\/wp-content\/uploads\/2025\/08\/536247658_3135495746619399_4555304334508403218_n-300x169.jpg 300w\" sizes=\"(max-width: 600px) 100vw, 600px\" \/><\/figure>\n\n\n\n<figure class=\"wp-block-image size-full\"><img decoding=\"async\" width=\"600\" height=\"337\" src=\"https:\/\/elobservadorzonanorte.com.mx\/wp-content\/uploads\/2025\/08\/536502140_3135495699952737_7118232288957179323_n.jpg\" alt=\"\" class=\"wp-image-117536\" srcset=\"https:\/\/elobservadorzonanorte.com.mx\/wp-content\/uploads\/2025\/08\/536502140_3135495699952737_7118232288957179323_n.jpg 600w, https:\/\/elobservadorzonanorte.com.mx\/wp-content\/uploads\/2025\/08\/536502140_3135495699952737_7118232288957179323_n-300x169.jpg 300w\" sizes=\"(max-width: 600px) 100vw, 600px\" \/><\/figure>\n\n\n\n<p class=\"wp-block-paragraph\">\u2022 Las personas que se desplazaron lo hicieron de manera voluntaria, adem\u00e1s que son familiares de generadores de violencia que huyeron a Guatemala y son buscados por la autoridad<\/p>\n\n\n\n<p class=\"wp-block-paragraph\">El Fiscal General del Estado, Jorge Luis Llaven Abarca, y el Secretario de Seguridad del Pueblo, \u00d3scar Alberto Aparicio Avenda\u00f1o, encabezaron una conferencia de prensa donde informaron <a><\/a>sobre avances de los operativos e investigaciones que se realizan en la zona Sierra, desde el 8 de diciembre que inici\u00f3 el gobierno de Eduardo Ram\u00edrez Aguilar.<\/p>\n\n\n\n<p class=\"wp-block-paragraph\">Ante los medios de comunicaci\u00f3n, el Fiscal General inform\u00f3 que las personas que se desplazaron del ejido El Sabinalito, municipio de Frontera Comalapa hacia Guatemala, lo hicieron de forma voluntaria, posiblemente por tener alguna relaci\u00f3n familiar o de parentesco con las personas generadoras de violencia que cuentan con \u00f3rdenes de aprehensi\u00f3n, mismas que, se tiene identificado, se ubican en Guatemala.<\/p>\n\n\n\n<p class=\"wp-block-paragraph\">\u201cGracias al importante despliegue y a la coordinaci\u00f3n de los tres \u00f3rdenes de gobierno, hoy ninguna familia tiene motivos de violencia para desplazarse de manera forzada. Lo que se viv\u00eda hace un a\u00f1o, que eran horas interminables de violencia y que la gente estaba sometida, es cosa del pasado; hoy se puede ir a cualquier parte de la Sierra sin ning\u00fan problema, porque hay presencia institucional de todas las fuerzas del orden. La paz y la tranquilidad de Chiapas est\u00e1n garantizadas\u201d, asegur\u00f3.<\/p>\n\n\n\n<p class=\"wp-block-paragraph\">Jorge Llaven se\u00f1al\u00f3 que hay m\u00e1s de 50 \u00f3rdenes de aprehensi\u00f3n pendientes de ejecutar y se tienen identificados a todas las personas generadoras de violencia, de las cuales hay siete detenidas, 127 imputadas vinculadas a proceso y se han asegurado m\u00e1s de 78 veh\u00edculos, entre ellos unos tipo \u201cmonstruo\u201d, en la regi\u00f3n de Paso Hondo, Sabinalito y Santa Teresa Llano Grande, donde hab\u00eda un grupo generador de violencia denominado El Ma\u00edz, que construy\u00f3 una base social para la delincuencia organizada.<\/p>\n\n\n\n<p class=\"wp-block-paragraph\">Asimismo, mencion\u00f3 que cuatro de los l\u00edderes de este grupo cuentan con fichas rojas de Interpol y desde hace m\u00e1s de un mes se realiz\u00f3 la solicitud de Interpol M\u00e9xico para que los hom\u00f3logos del vecino pa\u00eds de Guatemala ayuden con su localizaci\u00f3n y detenci\u00f3n.<\/p>\n\n\n\n<p class=\"wp-block-paragraph\">\u201cNosotros aqu\u00ed del lado de Chiapas estamos trabajando muy coordinados y queremos reconocer el gran esfuerzo que hace el Ej\u00e9rcito Mexicano y la Guardia Nacional; tenemos un despliegue muy importante en la regi\u00f3n\u201d, destac\u00f3.<\/p>\n\n\n\n<p class=\"wp-block-paragraph\">En tanto, el Secretario de Seguridad del Pueblo resalt\u00f3 que se cuenta con un despliegue robusto en toda la zona de la frontera, donde hay m\u00e1s de mil 500 elementos del Ej\u00e9rcito Mexicano, la Guardia Nacional, la Secretar\u00eda de Marina Armada de M\u00e9xico y la Fuerza de Reacci\u00f3n Inmediata Pakal.<\/p>\n\n\n\n<p class=\"wp-block-paragraph\">Asimismo, dijo que en la zona se est\u00e1n realizando sobrevuelos todos los d\u00edas con el helic\u00f3ptero Black Hawk artillado, acciones operativas en las que tambi\u00e9n se cuenta con tres drones artillados y tres puntos de atenci\u00f3n ciudadana Kanan; uno en Pacayal, otro en Santa Teresa Llano Grande y uno m\u00e1s en El Sabinalito, de manera permanente.<\/p>\n\n\n\n<p class=\"wp-block-paragraph\">\u201cNo vamos a dar un paso atr\u00e1s, el mensaje para el crimen organizado es que seguiremos con una presencia robusta; tenemos un gobernador del estado que todos los d\u00edas da seguimiento a los temas de seguridad de manera puntual junto con el Fiscal General y su servidor; la Mesa para la Paz est\u00e1 alineada con la estrategia federal\u201d, finaliz\u00f3.<\/p>\n","protected":false},"excerpt":{"rendered":"<p>\u2022 Las personas que se desplazaron lo hicieron de manera voluntaria, adem\u00e1s que son familiares de generadores de violencia que huyeron a Guatemala y son buscados por la autoridad El Fiscal General del Estado, Jorge Luis Llaven Abarca, y el Secretario de Seguridad del Pueblo, \u00d3scar Alberto Aparicio Avenda\u00f1o, encabezaron una conferencia de prensa donde [&hellip;]<\/p>\n","protected":false},"author":1,"featured_media":117532,"comment_status":"closed","ping_status":"closed","sticky":false,"template":"","format":"chat","meta":{"footnotes":""},"categories":[1],"tags":[],"class_list":["post-117531","post","type-post","status-publish","format-chat","has-post-thumbnail","hentry","category-general","post_format-post-format-chat"],"_links":{"self":[{"href":"https:\/\/elobservadorzonanorte.com.mx\/index.php?rest_route=\/wp\/v2\/posts\/117531","targetHints":{"allow":["GET"]}}],"collection":[{"href":"https:\/\/elobservadorzonanorte.com.mx\/index.php?rest_route=\/wp\/v2\/posts"}],"about":[{"href":"https:\/\/elobservadorzonanorte.com.mx\/index.php?rest_route=\/wp\/v2\/types\/post"}],"author":[{"embeddable":true,"href":"https:\/\/elobservadorzonanorte.com.mx\/index.php?rest_route=\/wp\/v2\/users\/1"}],"replies":[{"embeddable":true,"href":"https:\/\/elobservadorzonanorte.com.mx\/index.php?rest_route=%2Fwp%2Fv2%2Fcomments&post=117531"}],"version-history":[{"count":0,"href":"https:\/\/elobservadorzonanorte.com.mx\/index.php?rest_route=\/wp\/v2\/posts\/117531\/revisions"}],"wp:featuredmedia":[{"embeddable":true,"href":"https:\/\/elobservadorzonanorte.com.mx\/index.php?rest_route=\/wp\/v2\/media\/117532"}],"wp:attachment":[{"href":"https:\/\/elobservadorzonanorte.com.mx\/index.php?rest_route=%2Fwp%2Fv2%2Fmedia&parent=117531"}],"wp:term":[{"taxonomy":"category","embeddable":true,"href":"https:\/\/elobservadorzonanorte.com.mx\/index.php?rest_route=%2Fwp%2Fv2%2Fcategories&post=117531"},{"taxonomy":"post_tag","embeddable":true,"href":"https:\/\/elobservadorzonanorte.com.mx\/index.php?rest_route=%2Fwp%2Fv2%2Ftags&post=117531"}],"curies":[{"name":"wp","href":"https:\/\/api.w.org\/{rel}","templated":true}]}}