{"id":117504,"date":"2025-08-21T03:20:35","date_gmt":"2025-08-21T03:20:35","guid":{"rendered":"https:\/\/elobservadorzonanorte.com.mx\/?p=117504"},"modified":"2025-08-21T03:20:36","modified_gmt":"2025-08-21T03:20:36","slug":"gobiernos-de-pichucalco-y-sunuapa-refuerzan-seguridad-vial-con-limpieza-en-zona-limitrofe","status":"publish","type":"post","link":"https:\/\/elobservadorzonanorte.com.mx\/?p=117504","title":{"rendered":"Gobiernos de Pichucalco y Sunuapa refuerzan seguridad vial con limpieza en zona lim\u00edtrofe"},"content":{"rendered":"\n<figure class=\"wp-block-image size-full\"><img decoding=\"async\" width=\"593\" height=\"395\" src=\"https:\/\/elobservadorzonanorte.com.mx\/wp-content\/uploads\/2025\/08\/535279698_3135445766624397_8432569622643599415_n.jpg\" alt=\"\" class=\"wp-image-117505\" srcset=\"https:\/\/elobservadorzonanorte.com.mx\/wp-content\/uploads\/2025\/08\/535279698_3135445766624397_8432569622643599415_n.jpg 593w, https:\/\/elobservadorzonanorte.com.mx\/wp-content\/uploads\/2025\/08\/535279698_3135445766624397_8432569622643599415_n-300x200.jpg 300w\" sizes=\"(max-width: 593px) 100vw, 593px\" \/><\/figure>\n\n\n\n<figure class=\"wp-block-image size-full\"><img decoding=\"async\" width=\"593\" height=\"395\" src=\"https:\/\/elobservadorzonanorte.com.mx\/wp-content\/uploads\/2025\/08\/536576660_3135445849957722_5628902379696261763_n.jpg\" alt=\"\" class=\"wp-image-117506\" srcset=\"https:\/\/elobservadorzonanorte.com.mx\/wp-content\/uploads\/2025\/08\/536576660_3135445849957722_5628902379696261763_n.jpg 593w, https:\/\/elobservadorzonanorte.com.mx\/wp-content\/uploads\/2025\/08\/536576660_3135445849957722_5628902379696261763_n-300x200.jpg 300w\" sizes=\"(max-width: 593px) 100vw, 593px\" \/><\/figure>\n\n\n\n<figure class=\"wp-block-image size-full\"><img decoding=\"async\" width=\"593\" height=\"395\" src=\"https:\/\/elobservadorzonanorte.com.mx\/wp-content\/uploads\/2025\/08\/536475248_3135445889957718_1947340644364323258_n.jpg\" alt=\"\" class=\"wp-image-117507\" srcset=\"https:\/\/elobservadorzonanorte.com.mx\/wp-content\/uploads\/2025\/08\/536475248_3135445889957718_1947340644364323258_n.jpg 593w, https:\/\/elobservadorzonanorte.com.mx\/wp-content\/uploads\/2025\/08\/536475248_3135445889957718_1947340644364323258_n-300x200.jpg 300w\" sizes=\"(max-width: 593px) 100vw, 593px\" \/><\/figure>\n\n\n\n<figure class=\"wp-block-image size-full\"><img decoding=\"async\" width=\"593\" height=\"395\" src=\"https:\/\/elobservadorzonanorte.com.mx\/wp-content\/uploads\/2025\/08\/536768970_3135445929957714_4585486711968017079_n.jpg\" alt=\"\" class=\"wp-image-117508\" srcset=\"https:\/\/elobservadorzonanorte.com.mx\/wp-content\/uploads\/2025\/08\/536768970_3135445929957714_4585486711968017079_n.jpg 593w, https:\/\/elobservadorzonanorte.com.mx\/wp-content\/uploads\/2025\/08\/536768970_3135445929957714_4585486711968017079_n-300x200.jpg 300w\" sizes=\"(max-width: 593px) 100vw, 593px\" \/><\/figure>\n\n\n\n<figure class=\"wp-block-image size-full\"><img decoding=\"async\" width=\"593\" height=\"395\" src=\"https:\/\/elobservadorzonanorte.com.mx\/wp-content\/uploads\/2025\/08\/535624017_3135445819957725_8874810748066308942_n.jpg\" alt=\"\" class=\"wp-image-117509\" srcset=\"https:\/\/elobservadorzonanorte.com.mx\/wp-content\/uploads\/2025\/08\/535624017_3135445819957725_8874810748066308942_n.jpg 593w, https:\/\/elobservadorzonanorte.com.mx\/wp-content\/uploads\/2025\/08\/535624017_3135445819957725_8874810748066308942_n-300x200.jpg 300w\" sizes=\"(max-width: 593px) 100vw, 593px\" \/><\/figure>\n\n\n\n<p class=\"wp-block-paragraph\">Como parte de las acciones prioritarias para garantizar la seguridad de los automovilistas que transitan por la regi\u00f3n, el Gobierno Municipal de Pichucalco, que preside el Mtro. Andr\u00e9s Carballo C\u00f3rdova, en coordinaci\u00f3n con el Ayuntamiento de Sunuapa, encabezado por el Lic. Fredy Ram\u00edrez D\u00edaz, dio inicio a los trabajos de limpieza de maleza a un costado de la carretera Pichucalco\u2013Sunuapa.<\/p>\n\n\n\n<p class=\"wp-block-paragraph\"><a><\/a>Las labores comenzaron en los l\u00edmites territoriales entre ambos municipios, donde se realiz\u00f3 el retiro de vegetaci\u00f3n que obstru\u00eda la visibilidad y representaba un riesgo para el tr\u00e1nsito vehicular. Esta intervenci\u00f3n busca prevenir accidentes, mejorar la imagen urbana y mantener despejadas las v\u00edas de comunicaci\u00f3n.<\/p>\n\n\n\n<p class=\"wp-block-paragraph\">En el lugar estuvieron presentes el Secretario Municipal de Pichucalco, Lic. V\u00edctor Hugo Ruiz Casanova, y el Presidente Municipal de Sunuapa, Lic. Fredy Ram\u00edrez D\u00edaz, supervisando el arranque de los trabajos y reafirmando el compromiso conjunto de mantener carreteras seguras y funcionales para beneficio de la ciudadan\u00eda<\/p>\n\n\n\n<p class=\"wp-block-paragraph\"><a href=\"https:\/\/www.facebook.com\/hashtag\/pichucalco?__eep__=6&amp;__cft__[0]=AZUcn94AzNIAcP6B5PLypQaYN__cxdfBOd4G2K-DxfiE4ijqHOWfEX5AKPMYhHxo2llIXt2vGxb45TBiubTKFhqzdfUWxW4EBgsd9zVoNrSZzuz4egXJvB0_08vGtxWuUC2Tku2LUECxThyeKajAthv0JaZc1SzHJR4a7_ZMZyBckknPm7NNpzdG2f64zVZ9qSk&amp;__tn__=*NK-R\" target=\"_blank\" rel=\"noopener\">#Pichucalco<\/a><a href=\"https:\/\/www.facebook.com\/hashtag\/accionesquecontribuyenalcambio?__eep__=6&amp;__cft__[0]=AZUcn94AzNIAcP6B5PLypQaYN__cxdfBOd4G2K-DxfiE4ijqHOWfEX5AKPMYhHxo2llIXt2vGxb45TBiubTKFhqzdfUWxW4EBgsd9zVoNrSZzuz4egXJvB0_08vGtxWuUC2Tku2LUECxThyeKajAthv0JaZc1SzHJR4a7_ZMZyBckknPm7NNpzdG2f64zVZ9qSk&amp;__tn__=*NK-R\" target=\"_blank\" rel=\"noopener\">#AccionesQueContribuyenAlCambio<\/a><a href=\"https:\/\/www.facebook.com\/hashtag\/parquesyjardines?__eep__=6&amp;__cft__[0]=AZUcn94AzNIAcP6B5PLypQaYN__cxdfBOd4G2K-DxfiE4ijqHOWfEX5AKPMYhHxo2llIXt2vGxb45TBiubTKFhqzdfUWxW4EBgsd9zVoNrSZzuz4egXJvB0_08vGtxWuUC2Tku2LUECxThyeKajAthv0JaZc1SzHJR4a7_ZMZyBckknPm7NNpzdG2f64zVZ9qSk&amp;__tn__=*NK-R\" target=\"_blank\" rel=\"noopener\">#ParquesYJardines<\/a><\/p>\n","protected":false},"excerpt":{"rendered":"<p>Como parte de las acciones prioritarias para garantizar la seguridad de los automovilistas que transitan por la regi\u00f3n, el Gobierno Municipal de Pichucalco, que preside el Mtro. Andr\u00e9s Carballo C\u00f3rdova, en coordinaci\u00f3n con el Ayuntamiento de Sunuapa, encabezado por el Lic. Fredy Ram\u00edrez D\u00edaz, dio inicio a los trabajos de limpieza de maleza a un [&hellip;]<\/p>\n","protected":false},"author":1,"featured_media":117509,"comment_status":"closed","ping_status":"closed","sticky":false,"template":"","format":"chat","meta":{"footnotes":""},"categories":[1],"tags":[],"class_list":["post-117504","post","type-post","status-publish","format-chat","has-post-thumbnail","hentry","category-general","post_format-post-format-chat"],"_links":{"self":[{"href":"https:\/\/elobservadorzonanorte.com.mx\/index.php?rest_route=\/wp\/v2\/posts\/117504","targetHints":{"allow":["GET"]}}],"collection":[{"href":"https:\/\/elobservadorzonanorte.com.mx\/index.php?rest_route=\/wp\/v2\/posts"}],"about":[{"href":"https:\/\/elobservadorzonanorte.com.mx\/index.php?rest_route=\/wp\/v2\/types\/post"}],"author":[{"embeddable":true,"href":"https:\/\/elobservadorzonanorte.com.mx\/index.php?rest_route=\/wp\/v2\/users\/1"}],"replies":[{"embeddable":true,"href":"https:\/\/elobservadorzonanorte.com.mx\/index.php?rest_route=%2Fwp%2Fv2%2Fcomments&post=117504"}],"version-history":[{"count":0,"href":"https:\/\/elobservadorzonanorte.com.mx\/index.php?rest_route=\/wp\/v2\/posts\/117504\/revisions"}],"wp:featuredmedia":[{"embeddable":true,"href":"https:\/\/elobservadorzonanorte.com.mx\/index.php?rest_route=\/wp\/v2\/media\/117509"}],"wp:attachment":[{"href":"https:\/\/elobservadorzonanorte.com.mx\/index.php?rest_route=%2Fwp%2Fv2%2Fmedia&parent=117504"}],"wp:term":[{"taxonomy":"category","embeddable":true,"href":"https:\/\/elobservadorzonanorte.com.mx\/index.php?rest_route=%2Fwp%2Fv2%2Fcategories&post=117504"},{"taxonomy":"post_tag","embeddable":true,"href":"https:\/\/elobservadorzonanorte.com.mx\/index.php?rest_route=%2Fwp%2Fv2%2Ftags&post=117504"}],"curies":[{"name":"wp","href":"https:\/\/api.w.org\/{rel}","templated":true}]}}