{"id":117501,"date":"2025-08-21T03:20:12","date_gmt":"2025-08-21T03:20:12","guid":{"rendered":"https:\/\/elobservadorzonanorte.com.mx\/?p=117501"},"modified":"2025-08-21T03:20:13","modified_gmt":"2025-08-21T03:20:13","slug":"se-reune-presidente-municipal-de-sunuapa-fredi-ramirez-diaz-con-el-subsecretario-de-gobierno-francisco-sanen-alvarez-para-buscar-soluciones-que-beneficien-a-sunuapa","status":"publish","type":"post","link":"https:\/\/elobservadorzonanorte.com.mx\/?p=117501","title":{"rendered":"Se re\u00fane presidente municipal de Sunuapa Fredi Ramirez Diaz con el subsecretario de gobierno Francisco Sanen \u00c1lvarez para buscar soluciones que beneficien a Sunuapa."},"content":{"rendered":"\n<figure class=\"wp-block-image size-large\"><img decoding=\"async\" width=\"600\" height=\"338\" src=\"https:\/\/elobservadorzonanorte.com.mx\/wp-content\/uploads\/2025\/08\/535466758_3135444786624495_3482504476675741257_n-600x338.jpg\" alt=\"\" class=\"wp-image-117502\" srcset=\"https:\/\/elobservadorzonanorte.com.mx\/wp-content\/uploads\/2025\/08\/535466758_3135444786624495_3482504476675741257_n-600x338.jpg 600w, https:\/\/elobservadorzonanorte.com.mx\/wp-content\/uploads\/2025\/08\/535466758_3135444786624495_3482504476675741257_n-300x169.jpg 300w, https:\/\/elobservadorzonanorte.com.mx\/wp-content\/uploads\/2025\/08\/535466758_3135444786624495_3482504476675741257_n-768x432.jpg 768w, https:\/\/elobservadorzonanorte.com.mx\/wp-content\/uploads\/2025\/08\/535466758_3135444786624495_3482504476675741257_n.jpg 960w\" sizes=\"(max-width: 600px) 100vw, 600px\" \/><\/figure>\n\n\n\n<p class=\"wp-block-paragraph\">Durante una reuni\u00f3n que sostuvo el presidente de Sunuapa Lic. Fredi Ram\u00edrez D\u00edaz en la que estuvo presente el subsecretario de gobierno en la regi\u00f3n Francisco Sanen \u00c1lvarez y representantes de CFE se abordaron temas de suma importancia para la poblaci\u00f3n de Sunuapa y de los municipios vecinos, entre ellos, la energ\u00eda el\u00e9ctrica.<\/p>\n\n\n\n<p class=\"wp-block-paragraph\">Entre los acuerdos alcanzados durante esta reuni\u00f3n est\u00e1 el mantenimiento a la red de energ\u00eda el\u00e9ctrica en nuestro municipio, ya que de manera coordinada con la comision federal de electricidad se han estado llevando a cabo trabajos de libranza, y de manera interna se han sustituido transformadores entre otros trabajos.<\/p>\n\n\n\n<p class=\"wp-block-paragraph\">Tambien se acord\u00f3 reemplazar los postes y la estructura general en el tramo conocido como \u00abel Camalote\u00bb el cual, a \u00faltimas fechas ha sufrido da\u00f1os, afectando la estabilidad del suministro de energ\u00eda el\u00e9ctrica, por lo que el d\u00eda de ma\u00f1ana jueves 21 de agosto se realizar\u00e1 la suspensi\u00f3n del suministro en el municipio de Sunuapa a partir de las 8:00 de la ma\u00f1ana hasta las 6:00 de la tarde aproximadamente.<\/p>\n\n\n\n<p class=\"wp-block-paragraph\">Estos trabajos se realizar\u00e1n de manera conjunta entre el H. Ayuntamiento y CFE, por lo que se pide a la poblaci\u00f3n tomar medidas preventivas, esperando contar con su comprensi\u00f3n, ya que estos trabajos se realizan con la finalidad de mejorar el servicio de energ\u00eda el\u00e9ctrica que llega a los hogares de Sunuapa.<\/p>\n\n\n\n<p class=\"wp-block-paragraph\"><a href=\"https:\/\/www.facebook.com\/hashtag\/sunuapaenprogresoydesarrolloparatodos?__eep__=6&amp;__cft__[0]=AZV6jZfMKcZtI2rtaxZGnxtFp1v26j9HDXfbL-_-f36BruBtf9uTLPcKGV_yxEvbmKuxZhKRMjr7GMjv3acTeAXQQLeacDiDmAJD2LQO_kdiEVBFOkAacZwWgum-aayNt83XSPDhlOEBdPqSw2PKkBH2vs16VelHnnH1yNonFEQIBy69TXn6M2Qg_V8bow68jHk&amp;__tn__=*NK-R\" target=\"_blank\" rel=\"noopener\">#sunuapaenprogresoydesarrolloparatodos<\/a><\/p>\n\n\n\n<p class=\"wp-block-paragraph\"><a href=\"https:\/\/www.facebook.com\/hashtag\/gobiernomunicipalsunuapa20242027?__eep__=6&amp;__cft__[0]=AZV6jZfMKcZtI2rtaxZGnxtFp1v26j9HDXfbL-_-f36BruBtf9uTLPcKGV_yxEvbmKuxZhKRMjr7GMjv3acTeAXQQLeacDiDmAJD2LQO_kdiEVBFOkAacZwWgum-aayNt83XSPDhlOEBdPqSw2PKkBH2vs16VelHnnH1yNonFEQIBy69TXn6M2Qg_V8bow68jHk&amp;__tn__=*NK-R\" target=\"_blank\" rel=\"noopener\">#gobiernomunicipalsunuapa20242027<\/a><\/p>\n","protected":false},"excerpt":{"rendered":"<p>Durante una reuni\u00f3n que sostuvo el presidente de Sunuapa Lic. Fredi Ram\u00edrez D\u00edaz en la que estuvo presente el subsecretario de gobierno en la regi\u00f3n Francisco Sanen \u00c1lvarez y representantes de CFE se abordaron temas de suma importancia para la poblaci\u00f3n de Sunuapa y de los municipios vecinos, entre ellos, la energ\u00eda el\u00e9ctrica. Entre los [&hellip;]<\/p>\n","protected":false},"author":1,"featured_media":117502,"comment_status":"closed","ping_status":"closed","sticky":false,"template":"","format":"chat","meta":{"footnotes":""},"categories":[1],"tags":[],"class_list":["post-117501","post","type-post","status-publish","format-chat","has-post-thumbnail","hentry","category-general","post_format-post-format-chat"],"_links":{"self":[{"href":"https:\/\/elobservadorzonanorte.com.mx\/index.php?rest_route=\/wp\/v2\/posts\/117501","targetHints":{"allow":["GET"]}}],"collection":[{"href":"https:\/\/elobservadorzonanorte.com.mx\/index.php?rest_route=\/wp\/v2\/posts"}],"about":[{"href":"https:\/\/elobservadorzonanorte.com.mx\/index.php?rest_route=\/wp\/v2\/types\/post"}],"author":[{"embeddable":true,"href":"https:\/\/elobservadorzonanorte.com.mx\/index.php?rest_route=\/wp\/v2\/users\/1"}],"replies":[{"embeddable":true,"href":"https:\/\/elobservadorzonanorte.com.mx\/index.php?rest_route=%2Fwp%2Fv2%2Fcomments&post=117501"}],"version-history":[{"count":0,"href":"https:\/\/elobservadorzonanorte.com.mx\/index.php?rest_route=\/wp\/v2\/posts\/117501\/revisions"}],"wp:featuredmedia":[{"embeddable":true,"href":"https:\/\/elobservadorzonanorte.com.mx\/index.php?rest_route=\/wp\/v2\/media\/117502"}],"wp:attachment":[{"href":"https:\/\/elobservadorzonanorte.com.mx\/index.php?rest_route=%2Fwp%2Fv2%2Fmedia&parent=117501"}],"wp:term":[{"taxonomy":"category","embeddable":true,"href":"https:\/\/elobservadorzonanorte.com.mx\/index.php?rest_route=%2Fwp%2Fv2%2Fcategories&post=117501"},{"taxonomy":"post_tag","embeddable":true,"href":"https:\/\/elobservadorzonanorte.com.mx\/index.php?rest_route=%2Fwp%2Fv2%2Ftags&post=117501"}],"curies":[{"name":"wp","href":"https:\/\/api.w.org\/{rel}","templated":true}]}}