{"id":117486,"date":"2025-08-20T04:30:13","date_gmt":"2025-08-20T04:30:13","guid":{"rendered":"https:\/\/elobservadorzonanorte.com.mx\/?p=117486"},"modified":"2025-08-20T04:30:15","modified_gmt":"2025-08-20T04:30:15","slug":"cecytech-y-coneculta-suman-esfuerzos-en-favor-de-la-lectura-y-la-cultura-de-paz","status":"publish","type":"post","link":"https:\/\/elobservadorzonanorte.com.mx\/?p=117486","title":{"rendered":"Cecytech y Coneculta suman esfuerzos en favor de la lectura y la cultura de paz"},"content":{"rendered":"\n<figure class=\"wp-block-image size-full\"><img decoding=\"async\" width=\"593\" height=\"395\" src=\"https:\/\/elobservadorzonanorte.com.mx\/wp-content\/uploads\/2025\/08\/536764533_3134636506705323_2786046709777404197_n.jpg\" alt=\"\" class=\"wp-image-117487\" srcset=\"https:\/\/elobservadorzonanorte.com.mx\/wp-content\/uploads\/2025\/08\/536764533_3134636506705323_2786046709777404197_n.jpg 593w, https:\/\/elobservadorzonanorte.com.mx\/wp-content\/uploads\/2025\/08\/536764533_3134636506705323_2786046709777404197_n-300x200.jpg 300w\" sizes=\"(max-width: 593px) 100vw, 593px\" \/><\/figure>\n\n\n\n<figure class=\"wp-block-image size-full\"><img decoding=\"async\" width=\"593\" height=\"395\" src=\"https:\/\/elobservadorzonanorte.com.mx\/wp-content\/uploads\/2025\/08\/534560388_3134636556705318_1340868692392379463_n.jpg\" alt=\"\" class=\"wp-image-117488\" srcset=\"https:\/\/elobservadorzonanorte.com.mx\/wp-content\/uploads\/2025\/08\/534560388_3134636556705318_1340868692392379463_n.jpg 593w, https:\/\/elobservadorzonanorte.com.mx\/wp-content\/uploads\/2025\/08\/534560388_3134636556705318_1340868692392379463_n-300x200.jpg 300w\" sizes=\"(max-width: 593px) 100vw, 593px\" \/><\/figure>\n\n\n\n<figure class=\"wp-block-image size-full\"><img decoding=\"async\" width=\"593\" height=\"395\" src=\"https:\/\/elobservadorzonanorte.com.mx\/wp-content\/uploads\/2025\/08\/536285584_3134636610038646_6525051923977867007_n.jpg\" alt=\"\" class=\"wp-image-117489\" srcset=\"https:\/\/elobservadorzonanorte.com.mx\/wp-content\/uploads\/2025\/08\/536285584_3134636610038646_6525051923977867007_n.jpg 593w, https:\/\/elobservadorzonanorte.com.mx\/wp-content\/uploads\/2025\/08\/536285584_3134636610038646_6525051923977867007_n-300x200.jpg 300w\" sizes=\"(max-width: 593px) 100vw, 593px\" \/><\/figure>\n\n\n\n<p class=\"wp-block-paragraph\">Firma del Convenio de Coordinaci\u00f3n y Colaboraci\u00f3n Interinstitucional y del Programa \u00abLeyendo por la Paz\u00bb<\/p>\n\n\n\n<p class=\"wp-block-paragraph\">Tuxtla Guti\u00e9rrez, Chiapas.- Como parte de las acciones para fortalecer la formaci\u00f3n acad\u00e9mica, cultural y social de la juventud chiapaneca, el Colegio de Estudios Cient\u00edficos y Tecnol\u00f3gicos del Estado de Chiapas (Cecytech) firm\u00f3 un Convenio de Coordinaci\u00f3n y Colaboraci\u00f3n Interinstitucional con el <a><\/a>Consejo Estatal para las Culturas y las Artes de Chiapas de Chiapas (Coneculta), con el prop\u00f3sito de impulsar el programa \u201cLeyendo por la Paz\u201d.<\/p>\n\n\n\n<p class=\"wp-block-paragraph\">Lo anterior se realiz\u00f3 en el Centro Cultural de Chiapas Jaime Sabines, donde el acuerdo fue firmado por el director general del Cecytech y coordinador estatal del Telebachillerato Comunitario, Luis Guadalupe Morales \u00c1ngeles, y la titular del Coneculta, Ang\u00e9lica Guadalupe Altuzar Constantino, quienes coincidieron en que esta alianza representa un paso significativo para vincular la educaci\u00f3n media superior con la promoci\u00f3n del arte, la cultura y los valores comunitarios.<\/p>\n\n\n\n<p class=\"wp-block-paragraph\">Morales \u00c1ngeles afirm\u00f3 que este convenio permitir\u00e1 establecer una ruta s\u00f3lida para impulsar a las y los estudiantes como agentes activos de transformaci\u00f3n social, utilizando la lectura, el arte y el pensamiento cr\u00edtico como herramientas para construir paz y fortalecer la identidad cultural de Chiapas.<\/p>\n\n\n\n<p class=\"wp-block-paragraph\">\u201cLeyendo por la Paz no es solo un programa de fomento a la lectura, es una estrategia de formaci\u00f3n humana. A trav\u00e9s de ella, nuestras y nuestros j\u00f3venes encontrar\u00e1n en la palabra escrita un camino hacia la reflexi\u00f3n, la empat\u00eda y el compromiso con sus comunidades\u201d, apunt\u00f3.<\/p>\n\n\n\n<p class=\"wp-block-paragraph\">Por su parte, Altuzar Constantino destac\u00f3 que esta alianza permitir\u00e1 acercar a las y los estudiantes del Cecytech a las expresiones art\u00edsticas y al patrimonio cultural del estado, fortaleciendo su formaci\u00f3n integral y fomentando una cultura de paz desde las aulas.<\/p>\n\n\n\n<p class=\"wp-block-paragraph\">Finalmente, el director de Vinculaci\u00f3n del Cecytech y TBC, Joseuz Omar Ramos Hern\u00e1ndez, afirm\u00f3 que este acuerdo representa una oportunidad para transformar el entorno escolar mediante actividades culturales, se\u00f1alando que \u201cel arte y la lectura ser\u00e1n los puentes para consolidar comunidades m\u00e1s sensibles, unidas y en paz\u201d.<\/p>\n\n\n\n<p class=\"wp-block-paragraph\">Este convenio tendr\u00e1 una vigencia de seis a\u00f1os y contempla una serie de acciones conjuntas para promover el desarrollo acad\u00e9mico, art\u00edstico y social de las y los j\u00f3venes.<\/p>\n","protected":false},"excerpt":{"rendered":"<p>Firma del Convenio de Coordinaci\u00f3n y Colaboraci\u00f3n Interinstitucional y del Programa \u00abLeyendo por la Paz\u00bb Tuxtla Guti\u00e9rrez, Chiapas.- Como parte de las acciones para fortalecer la formaci\u00f3n acad\u00e9mica, cultural y social de la juventud chiapaneca, el Colegio de Estudios Cient\u00edficos y Tecnol\u00f3gicos del Estado de Chiapas (Cecytech) firm\u00f3 un Convenio de Coordinaci\u00f3n y Colaboraci\u00f3n Interinstitucional [&hellip;]<\/p>\n","protected":false},"author":1,"featured_media":117489,"comment_status":"closed","ping_status":"closed","sticky":false,"template":"","format":"chat","meta":{"footnotes":""},"categories":[1],"tags":[],"class_list":["post-117486","post","type-post","status-publish","format-chat","has-post-thumbnail","hentry","category-general","post_format-post-format-chat"],"_links":{"self":[{"href":"https:\/\/elobservadorzonanorte.com.mx\/index.php?rest_route=\/wp\/v2\/posts\/117486","targetHints":{"allow":["GET"]}}],"collection":[{"href":"https:\/\/elobservadorzonanorte.com.mx\/index.php?rest_route=\/wp\/v2\/posts"}],"about":[{"href":"https:\/\/elobservadorzonanorte.com.mx\/index.php?rest_route=\/wp\/v2\/types\/post"}],"author":[{"embeddable":true,"href":"https:\/\/elobservadorzonanorte.com.mx\/index.php?rest_route=\/wp\/v2\/users\/1"}],"replies":[{"embeddable":true,"href":"https:\/\/elobservadorzonanorte.com.mx\/index.php?rest_route=%2Fwp%2Fv2%2Fcomments&post=117486"}],"version-history":[{"count":0,"href":"https:\/\/elobservadorzonanorte.com.mx\/index.php?rest_route=\/wp\/v2\/posts\/117486\/revisions"}],"wp:featuredmedia":[{"embeddable":true,"href":"https:\/\/elobservadorzonanorte.com.mx\/index.php?rest_route=\/wp\/v2\/media\/117489"}],"wp:attachment":[{"href":"https:\/\/elobservadorzonanorte.com.mx\/index.php?rest_route=%2Fwp%2Fv2%2Fmedia&parent=117486"}],"wp:term":[{"taxonomy":"category","embeddable":true,"href":"https:\/\/elobservadorzonanorte.com.mx\/index.php?rest_route=%2Fwp%2Fv2%2Fcategories&post=117486"},{"taxonomy":"post_tag","embeddable":true,"href":"https:\/\/elobservadorzonanorte.com.mx\/index.php?rest_route=%2Fwp%2Fv2%2Ftags&post=117486"}],"curies":[{"name":"wp","href":"https:\/\/api.w.org\/{rel}","templated":true}]}}