{"id":117482,"date":"2025-08-20T04:29:47","date_gmt":"2025-08-20T04:29:47","guid":{"rendered":"https:\/\/elobservadorzonanorte.com.mx\/?p=117482"},"modified":"2025-08-20T04:29:48","modified_gmt":"2025-08-20T04:29:48","slug":"ponen-en-marcha-icatech-en-tu-barrio-en-ocosingo","status":"publish","type":"post","link":"https:\/\/elobservadorzonanorte.com.mx\/?p=117482","title":{"rendered":"Ponen en marcha \u201cIcatech en tu barrio\u201d en Ocosingo"},"content":{"rendered":"\n<figure class=\"wp-block-image size-full\"><img decoding=\"async\" width=\"592\" height=\"395\" src=\"https:\/\/elobservadorzonanorte.com.mx\/wp-content\/uploads\/2025\/08\/535458106_3134635596705414_144486534083788813_n.jpg\" alt=\"\" class=\"wp-image-117483\" srcset=\"https:\/\/elobservadorzonanorte.com.mx\/wp-content\/uploads\/2025\/08\/535458106_3134635596705414_144486534083788813_n.jpg 592w, https:\/\/elobservadorzonanorte.com.mx\/wp-content\/uploads\/2025\/08\/535458106_3134635596705414_144486534083788813_n-300x200.jpg 300w\" sizes=\"(max-width: 592px) 100vw, 592px\" \/><\/figure>\n\n\n\n<figure class=\"wp-block-image size-full\"><img decoding=\"async\" width=\"592\" height=\"395\" src=\"https:\/\/elobservadorzonanorte.com.mx\/wp-content\/uploads\/2025\/08\/535605947_3134635660038741_6911527063489752138_n.jpg\" alt=\"\" class=\"wp-image-117484\" srcset=\"https:\/\/elobservadorzonanorte.com.mx\/wp-content\/uploads\/2025\/08\/535605947_3134635660038741_6911527063489752138_n.jpg 592w, https:\/\/elobservadorzonanorte.com.mx\/wp-content\/uploads\/2025\/08\/535605947_3134635660038741_6911527063489752138_n-300x200.jpg 300w\" sizes=\"(max-width: 592px) 100vw, 592px\" \/><\/figure>\n\n\n\n<p class=\"wp-block-paragraph\">C\u00e9sar Espinosa Morales se\u00f1al\u00f3 que de esta manera se acercan las oportunidades de capacitaci\u00f3n directamente a las colonias y comunidades<\/p>\n\n\n\n<p class=\"wp-block-paragraph\">Con el objetivo de acercar las oportunidades de formaci\u00f3n a la poblaci\u00f3n, el director general del Instituto de Capacitaci\u00f3n y Vinculaci\u00f3n Tecnol\u00f3gica del Estado de Chiapas (Icatech), C\u00e9sar Espinosa Morales, puso en marcha el programa \u201cIcatech en tu barrio\u201d, en el municipio de Ocosingo, <a><\/a>acompa\u00f1ado del subsecretario del Servicio Nacional de Empleo en Chiapas, Marco Cancino.<\/p>\n\n\n\n<p class=\"wp-block-paragraph\">Durante el acto inaugural el titular del Icatech se\u00f1al\u00f3 que de esta manera se contin\u00faa acercando las oportunidades de capacitaci\u00f3n directamente a las colonias y comunidades, lo que representa una alternativa real para mejorar las condiciones de vida de las y los chiapanecos a trav\u00e9s del conocimiento y el desarrollo de habilidades.<\/p>\n\n\n\n<p class=\"wp-block-paragraph\">As\u00ed tambi\u00e9n, en el marco de esta gira de trabajo se llev\u00f3 a cabo la supervisi\u00f3n de los c\u00edrculos de estudio del programa Chiapas Puede, que se desarrollan en diversas comunidades de este municipio como parte de la estrategia integral de alfabetizaci\u00f3n y formaci\u00f3n que impulsa el instituto.<\/p>\n\n\n\n<p class=\"wp-block-paragraph\">Finalmente, Espinosa Morales destac\u00f3 que de esta manera se reafirma el compromiso del Gobierno del Estado y del Icatech, de brindar a la poblaci\u00f3n herramientas necesarias para transformar su vida a trav\u00e9s del conocimiento y la formaci\u00f3n laboral.<\/p>\n","protected":false},"excerpt":{"rendered":"<p>C\u00e9sar Espinosa Morales se\u00f1al\u00f3 que de esta manera se acercan las oportunidades de capacitaci\u00f3n directamente a las colonias y comunidades Con el objetivo de acercar las oportunidades de formaci\u00f3n a la poblaci\u00f3n, el director general del Instituto de Capacitaci\u00f3n y Vinculaci\u00f3n Tecnol\u00f3gica del Estado de Chiapas (Icatech), C\u00e9sar Espinosa Morales, puso en marcha el programa [&hellip;]<\/p>\n","protected":false},"author":1,"featured_media":117483,"comment_status":"closed","ping_status":"closed","sticky":false,"template":"","format":"chat","meta":{"footnotes":""},"categories":[1],"tags":[],"class_list":["post-117482","post","type-post","status-publish","format-chat","has-post-thumbnail","hentry","category-general","post_format-post-format-chat"],"_links":{"self":[{"href":"https:\/\/elobservadorzonanorte.com.mx\/index.php?rest_route=\/wp\/v2\/posts\/117482","targetHints":{"allow":["GET"]}}],"collection":[{"href":"https:\/\/elobservadorzonanorte.com.mx\/index.php?rest_route=\/wp\/v2\/posts"}],"about":[{"href":"https:\/\/elobservadorzonanorte.com.mx\/index.php?rest_route=\/wp\/v2\/types\/post"}],"author":[{"embeddable":true,"href":"https:\/\/elobservadorzonanorte.com.mx\/index.php?rest_route=\/wp\/v2\/users\/1"}],"replies":[{"embeddable":true,"href":"https:\/\/elobservadorzonanorte.com.mx\/index.php?rest_route=%2Fwp%2Fv2%2Fcomments&post=117482"}],"version-history":[{"count":0,"href":"https:\/\/elobservadorzonanorte.com.mx\/index.php?rest_route=\/wp\/v2\/posts\/117482\/revisions"}],"wp:featuredmedia":[{"embeddable":true,"href":"https:\/\/elobservadorzonanorte.com.mx\/index.php?rest_route=\/wp\/v2\/media\/117483"}],"wp:attachment":[{"href":"https:\/\/elobservadorzonanorte.com.mx\/index.php?rest_route=%2Fwp%2Fv2%2Fmedia&parent=117482"}],"wp:term":[{"taxonomy":"category","embeddable":true,"href":"https:\/\/elobservadorzonanorte.com.mx\/index.php?rest_route=%2Fwp%2Fv2%2Fcategories&post=117482"},{"taxonomy":"post_tag","embeddable":true,"href":"https:\/\/elobservadorzonanorte.com.mx\/index.php?rest_route=%2Fwp%2Fv2%2Ftags&post=117482"}],"curies":[{"name":"wp","href":"https:\/\/api.w.org\/{rel}","templated":true}]}}